{"id":13224,"date":"2013-10-19T09:47:25","date_gmt":"2013-10-19T07:47:25","guid":{"rendered":"http:\/\/www.michael-schumacher.es\/noticias-f1\/?p=13224"},"modified":"2013-10-19T03:03:09","modified_gmt":"2013-10-19T01:03:09","slug":"alonso-presentara-su-equipo-ciclista-en-2014","status":"publish","type":"post","link":"http:\/\/www.michael-schumacher.es\/noticias-f1\/2013\/10\/19\/alonso-presentara-su-equipo-ciclista-en-2014\/","title":{"rendered":"Alonso presentar\u00e1 su equipo ciclista en 2014"},"content":{"rendered":"<p><a href=\"http:\/\/www.michael-schumacher.es\/noticias-f1\/wp-content\/uploads\/2013\/02\/fernando_alonso_3_dia_test.jpg\"><img loading=\"lazy\" class=\"alignleft\" alt=\"Fernando Alonso - 3 Dia Test - Montmelo\" src=\"http:\/\/www.michael-schumacher.es\/noticias-f1\/wp-content\/uploads\/2013\/02\/fernando_alonso_3_dia_test.jpg\" width=\"200\" height=\"102\" \/><\/a>Seg\u00fan Luis Garc\u00eda Abad los planes para la creaci\u00f3n del equipo de ciclismo profesional de Fernando Alonso, ya est\u00e1n muy avanzados, tanto que esperan presentarlo el primer d\u00eda de descanso del Tour de Francia 2014.<\/p>\n<p><!--more--> <!--noteaser--><\/p>\n<p><a href=\"http:\/\/www.michael-schumacher.es\/noticias-f1\/wp-content\/uploads\/2013\/02\/fernando_alonso_3_dia_test.jpg\"><img loading=\"lazy\" class=\"aligncenter size-full wp-image-8024\" alt=\"Fernando Alonso - 3 Dia Test - Montmelo\" src=\"http:\/\/www.michael-schumacher.es\/noticias-f1\/wp-content\/uploads\/2013\/02\/fernando_alonso_3_dia_test.jpg\" width=\"660\" height=\"337\" srcset=\"http:\/\/www.michael-schumacher.es\/noticias-f1\/wp-content\/uploads\/2013\/02\/fernando_alonso_3_dia_test.jpg 660w, http:\/\/www.michael-schumacher.es\/noticias-f1\/wp-content\/uploads\/2013\/02\/fernando_alonso_3_dia_test-300x153.jpg 300w\" sizes=\"(max-width: 660px) 100vw, 660px\" \/><\/a><\/p>\n<p>&nbsp;<\/p>\n<p>&nbsp;<\/p>\n<p>Seg\u00fan Luis Garc\u00eda Abad los planes para la creaci\u00f3n del equipo de ciclismo profesional de Fernando Alonso, ya est\u00e1n muy avanzados, tanto que esperan presentarlo el primer d\u00eda de descanso del Tour de Francia 2014.<\/p>\n<p>&nbsp;<\/p>\n<p>Aunque en principio la intenci\u00f3n de Fernando Alonso era salvar de una desaparici\u00f3n pr\u00e1cticamente segura del equipo espa\u00f1ol Euskaltel-Euskadi, y cuando las negociaciones estaban tan avanzadas que se anunci\u00f3 un precontrato, finalmente Alonso no realiz\u00f3 esa compra y las negociaciones se rompieron, pero el piloto espa\u00f1ol de F1 anunci\u00f3 que seguir\u00eda adelante con los planes de crear un equipo de ciclismo para el 2015 y avanzando ese camino, parece que se encuentra.<\/p>\n<p>&nbsp;<\/p>\n<p>Tal como\u00a0 Luis Garc\u00eda Abad, m\u00e1nager de Alonso declar\u00f3 a La Gazzetta dello Sport ya tienen fecha prevista para la presentaci\u00f3n del proyecto y ya tienen patrocinadores: <strong>\u201cEl primer d\u00eda de descanso del pr\u00f3ximo Tour (de Francia)\u201d,\u201dAlgunos acuerdos con patrocinadores ya est\u00e1n firmados\u201d \u201cFernando ha dicho que quiere traer lo mejor de la F\u00f3rmula Uno a la bicicleta, y viceversa\u201d<\/strong><\/p>\n<p>&nbsp;<\/p>\n<p>Aunque explic\u00f3 que entre los patrocinadores no estar\u00e1 el Banco de Santander: <strong>\u201cEs mejor mantener el negocio de la F1 y el ciclismo por separado\u201d.<\/strong><\/p>\n<p>&nbsp;<\/p>\n<p>Seg\u00fan Luis Garc\u00eda Abad, la intenci\u00f3n de Alonso es cambiar y mejorar evitando un gran problema en el ciclismo, el doping: <strong>\u201cEsto significa la tecnolog\u00eda, la investigaci\u00f3n, la comercializaci\u00f3n, la promoci\u00f3n, las nuevas herramientas, como la telemetr\u00eda, un centro m\u00e9dico. La intenci\u00f3n es hacer algo nuevo y evitar el problema del dopaje\u201d.<\/strong><\/p>\n<div class=\"sharedaddy sd-sharing-enabled\"><div class=\"robots-nocontent sd-block sd-social sd-social-official sd-sharing\"><h3 class=\"sd-title\">Opciones Sociales:<\/h3><div class=\"sd-content\"><ul><li class=\"share-facebook\"><div class=\"fb-share-button\" data-href=\"http:\/\/www.michael-schumacher.es\/noticias-f1\/2013\/10\/19\/alonso-presentara-su-equipo-ciclista-en-2014\/\" data-layout=\"button_count\"><\/div><\/li><li class=\"share-twitter\"><a href=\"https:\/\/twitter.com\/share\" class=\"twitter-share-button\" data-url=\"http:\/\/www.michael-schumacher.es\/noticias-f1\/2013\/10\/19\/alonso-presentara-su-equipo-ciclista-en-2014\/\" data-text=\"Alonso presentar\u00e1 su equipo ciclista en 2014\"  >Tweet<\/a><\/li><li class=\"share-email\"><a rel=\"nofollow noopener noreferrer\" data-shared=\"\" class=\"share-email sd-button\" href=\"http:\/\/www.michael-schumacher.es\/noticias-f1\/2013\/10\/19\/alonso-presentara-su-equipo-ciclista-en-2014\/?share=email\" target=\"_blank\" title=\"Haz clic para enviar por correo electr\u00f3nico a un amigo\"><span>Correo electr\u00f3nico<\/span><\/a><\/li><li class=\"share-end\"><\/li><\/ul><\/div><\/div><\/div>","protected":false},"excerpt":{"rendered":"<p>Seg\u00fan Luis Garc\u00eda Abad los planes para la creaci\u00f3n del equipo de ciclismo profesional de Fernando Alonso, ya est\u00e1n muy avanzados, tanto que esperan presentarlo el primer d\u00eda de descanso del Tour de Francia 2014.<\/p>\n<div class=\"sharedaddy sd-sharing-enabled\"><div class=\"robots-nocontent sd-block sd-social sd-social-official sd-sharing\"><h3 class=\"sd-title\">Opciones Sociales:<\/h3><div class=\"sd-content\"><ul><li class=\"share-facebook\"><div class=\"fb-share-button\" data-href=\"http:\/\/www.michael-schumacher.es\/noticias-f1\/2013\/10\/19\/alonso-presentara-su-equipo-ciclista-en-2014\/\" data-layout=\"button_count\"><\/div><\/li><li class=\"share-twitter\"><a href=\"https:\/\/twitter.com\/share\" class=\"twitter-share-button\" data-url=\"http:\/\/www.michael-schumacher.es\/noticias-f1\/2013\/10\/19\/alonso-presentara-su-equipo-ciclista-en-2014\/\" data-text=\"Alonso presentar\u00e1 su equipo ciclista en 2014\"  >Tweet<\/a><\/li><li class=\"share-email\"><a rel=\"nofollow noopener noreferrer\" data-shared=\"\" class=\"share-email sd-button\" href=\"http:\/\/www.michael-schumacher.es\/noticias-f1\/2013\/10\/19\/alonso-presentara-su-equipo-ciclista-en-2014\/?share=email\" target=\"_blank\" title=\"Haz clic para enviar por correo electr\u00f3nico a un amigo\"><span>Correo electr\u00f3nico<\/span><\/a><\/li><li class=\"share-end\"><\/li><\/ul><\/div><\/div><\/div>","protected":false},"author":3,"featured_media":0,"comment_status":"open","ping_status":"open","sticky":false,"template":"","format":"standard","meta":{"_monsterinsights_skip_tracking":false,"_monsterinsights_sitenote_active":false,"_monsterinsights_sitenote_note":"","_monsterinsights_sitenote_category":0,"spay_email":"","jetpack_publicize_message":"","jetpack_is_tweetstorm":false,"jetpack_publicize_feature_enabled":true},"categories":[3],"tags":[758,4272,105,4021,4273,381,17,104,15,863,3840,1235,2892,283,1893,2587,2281,4109],"jetpack_featured_media_url":"","jetpack_publicize_connections":[],"jetpack_sharing_enabled":true,"jetpack_shortlink":"https:\/\/wp.me\/p27q3P-3ri","_links":{"self":[{"href":"http:\/\/www.michael-schumacher.es\/noticias-f1\/wp-json\/wp\/v2\/posts\/13224"}],"collection":[{"href":"http:\/\/www.michael-schumacher.es\/noticias-f1\/wp-json\/wp\/v2\/posts"}],"about":[{"href":"http:\/\/www.michael-schumacher.es\/noticias-f1\/wp-json\/wp\/v2\/types\/post"}],"author":[{"embeddable":true,"href":"http:\/\/www.michael-schumacher.es\/noticias-f1\/wp-json\/wp\/v2\/users\/3"}],"replies":[{"embeddable":true,"href":"http:\/\/www.michael-schumacher.es\/noticias-f1\/wp-json\/wp\/v2\/comments?post=13224"}],"version-history":[{"count":0,"href":"http:\/\/www.michael-schumacher.es\/noticias-f1\/wp-json\/wp\/v2\/posts\/13224\/revisions"}],"wp:attachment":[{"href":"http:\/\/www.michael-schumacher.es\/noticias-f1\/wp-json\/wp\/v2\/media?parent=13224"}],"wp:term":[{"taxonomy":"category","embeddable":true,"href":"http:\/\/www.michael-schumacher.es\/noticias-f1\/wp-json\/wp\/v2\/categories?post=13224"},{"taxonomy":"post_tag","embeddable":true,"href":"http:\/\/www.michael-schumacher.es\/noticias-f1\/wp-json\/wp\/v2\/tags?post=13224"}],"curies":[{"name":"wp","href":"https:\/\/api.w.org\/{rel}","templated":true}]}}