{"id":13251,"date":"2013-10-21T08:24:01","date_gmt":"2013-10-21T06:24:01","guid":{"rendered":"http:\/\/www.michael-schumacher.es\/noticias-f1\/?p=13251"},"modified":"2013-10-21T02:38:50","modified_gmt":"2013-10-21T00:38:50","slug":"nigel-mansell-los-pilotos-no-son-jockeys","status":"publish","type":"post","link":"http:\/\/www.michael-schumacher.es\/noticias-f1\/2013\/10\/21\/nigel-mansell-los-pilotos-no-son-jockeys\/","title":{"rendered":"Nigel Mansell: \u00abLos pilotos no son jockeys\u00bb"},"content":{"rendered":"<p><a href=\"http:\/\/www.michael-schumacher.es\/noticias-f1\/wp-content\/uploads\/2013\/10\/nigel-mansell_williams-2011.jpg\"><img loading=\"lazy\" class=\"alignleft\" alt=\"nigel-mansell_williams-2011\" src=\"http:\/\/www.michael-schumacher.es\/noticias-f1\/wp-content\/uploads\/2013\/10\/nigel-mansell_williams-2011.jpg\" width=\"200\" height=\"133\" \/><\/a>La FIA ha decidido para la pr\u00f3xima temporada establecer el nuevo l\u00edmite de peso en un total de 690 kg, entre el piloto y el coche. Realmente se aumentan 48kg, sobre el l\u00edmite actual de peso que est\u00e1 en 642kg, pero muchos ingenieros consideran que no va a ser bastante para el nuevo motor 1.6 litros V6 turbo y el sistema de recuperaci\u00f3n de energ\u00eda.<\/p>\n<p><!--more--> <!--noteaser--><\/p>\n<p><a href=\"http:\/\/www.michael-schumacher.es\/noticias-f1\/wp-content\/uploads\/2013\/10\/nigel-mansell_williams-2011.jpg\"><img loading=\"lazy\" class=\"aligncenter size-full wp-image-13253\" alt=\"nigel-mansell_williams-2011\" src=\"http:\/\/www.michael-schumacher.es\/noticias-f1\/wp-content\/uploads\/2013\/10\/nigel-mansell_williams-2011.jpg\" width=\"650\" height=\"433\" srcset=\"http:\/\/www.michael-schumacher.es\/noticias-f1\/wp-content\/uploads\/2013\/10\/nigel-mansell_williams-2011.jpg 650w, http:\/\/www.michael-schumacher.es\/noticias-f1\/wp-content\/uploads\/2013\/10\/nigel-mansell_williams-2011-300x199.jpg 300w\" sizes=\"(max-width: 650px) 100vw, 650px\" \/><\/a><\/p>\n<p>&nbsp;<\/p>\n<p>&nbsp;<\/p>\n<p>La FIA ha decidido para la pr\u00f3xima temporada establecer el nuevo l\u00edmite de peso en un total de 690 kg, entre el piloto y el coche. Realmente se aumentan 48kg, sobre el l\u00edmite actual de peso que est\u00e1 en 642kg, pero muchos ingenieros consideran que no va a ser bastante para el nuevo motor 1.6 litros V6 turbo y el sistema de recuperaci\u00f3n de energ\u00eda.<\/p>\n<p>&nbsp;<\/p>\n<p>Nigel Mansell entre otros est\u00e1 en contra de esta decisi\u00f3n y la ha criticado duramente ya que considera que es una medida que podr\u00eda resultar discriminatoria, para los pilotos m\u00e1s grandes. Teniendo en cuenta que cada 10 kilos de peso aumentan aproximadamente un tercio de segundo en los tiempos de vuelta. Por lo que es una ventaja para los pilotos que pesan de 60\/65 Kg, contra los pilotos m\u00e1s altos y fuertes que pesan hasta 75Kg<\/p>\n<p>&nbsp;<\/p>\n<p>Nigel Mansell critica duramente la discriminaci\u00f3n a los pilotos de tama\u00f1o m\u00e1s grande: <strong>\u201cEst\u00e1 mal. Los conductores no son jockeys. Es una verg\u00fcenza, es la discriminaci\u00f3n contra el conductor de tama\u00f1o mediano y grande. En a\u00f1os pasados, no ten\u00edamos control de tracci\u00f3n o de direcci\u00f3n asistida. Hab\u00eda que ser un piloto fuerte y hab\u00eda un mont\u00f3n de pilotos fuertes. Si hubi\u00e9ramos tenido este l\u00edmite de peso, no habr\u00edan sido capaces de conducir los coches hace muchos a\u00f1os o que hubieran conducido con gran dificultad.\u201d<\/strong><\/p>\n<p>&nbsp;<\/p>\n<p>Por lo que Mansell considera que se deber\u00eda aumentar el l\u00edmite de peso para evitar discriminaci\u00f3n: <strong>\u201cPor lo tanto, creo que hay que aumentar el peso limite un poco, hacer que algunos coches lleven algo de lastre para que los conductores mas pesados no sufran mucho.\u201d<\/strong><\/p>\n<p>&nbsp;<\/p>\n<p>Entre los pilotos m\u00e1s afectados est\u00e1n Jenson Button que mide 1,82 m y pesa 74 kg y Nico Hulkenberg que mide 1,85 m y pesa 74 kg por lo que se han declarado en contra de que se les pida perder m\u00e1s peso, como tambi\u00e9n Giedo van der Garde que mide 1,82 m y pesa 73 kg.<\/p>\n<p>&nbsp;<\/p>\n<p>Nico Hulkenberg ha declarado que no es justo que les pidan perder m\u00e1s peso: <strong>\u201cNo es muy justo decir que perdamos peso, porque algunos ya no podemos adelgazar m\u00e1s. Necesitamos piel y m\u00fasculos para conducir un coche de F\u00f3rmula 1\u201d.<\/strong><\/p>\n<p>&nbsp;<\/p>\n<p>Jenson Button, aunque es conocido que es un gran deportista, tambi\u00e9n tiene que hacer esfuerzos para mantener el peso y considera que el a\u00f1o que viene ser\u00e1 peor: <strong>\u201cYo peso unos 74 kilos con mi equipamiento y ya tengo problemas para llegar al m\u00ednimo, cosa que he hecho en los \u00faltimos tres a\u00f1os. Me encanta entrenamiento f\u00edsico, pero hay ciertas cosas que no puedo hacer, no puedo ganar m\u00fasculo, no puedo comer carbohidratos porque tengo que mantenerme en un peso estable y el a\u00f1o que viene ser\u00e1 peor. No creo que ning\u00fan equipo vaya a tener lastre el pr\u00f3ximo a\u00f1o\u201d.<\/strong><\/p>\n<p>&nbsp;<\/p>\n<p>&nbsp;<\/p>\n<div class=\"sharedaddy sd-sharing-enabled\"><div class=\"robots-nocontent sd-block sd-social sd-social-official sd-sharing\"><h3 class=\"sd-title\">Opciones Sociales:<\/h3><div class=\"sd-content\"><ul><li class=\"share-facebook\"><div class=\"fb-share-button\" data-href=\"http:\/\/www.michael-schumacher.es\/noticias-f1\/2013\/10\/21\/nigel-mansell-los-pilotos-no-son-jockeys\/\" data-layout=\"button_count\"><\/div><\/li><li class=\"share-twitter\"><a href=\"https:\/\/twitter.com\/share\" class=\"twitter-share-button\" data-url=\"http:\/\/www.michael-schumacher.es\/noticias-f1\/2013\/10\/21\/nigel-mansell-los-pilotos-no-son-jockeys\/\" data-text=\"Nigel Mansell: &quot;Los pilotos no son jockeys&quot;\"  >Tweet<\/a><\/li><li class=\"share-email\"><a rel=\"nofollow noopener noreferrer\" data-shared=\"\" class=\"share-email sd-button\" href=\"http:\/\/www.michael-schumacher.es\/noticias-f1\/2013\/10\/21\/nigel-mansell-los-pilotos-no-son-jockeys\/?share=email\" target=\"_blank\" title=\"Haz clic para enviar por correo electr\u00f3nico a un amigo\"><span>Correo electr\u00f3nico<\/span><\/a><\/li><li class=\"share-end\"><\/li><\/ul><\/div><\/div><\/div>","protected":false},"excerpt":{"rendered":"<p>La FIA ha decidido para la pr\u00f3xima temporada establecer el nuevo l\u00edmite de peso en un total de 690 kg, entre el piloto y el coche. Realmente se aumentan 48kg, sobre el l\u00edmite actual de peso que est\u00e1 en 642kg, pero muchos ingenieros consideran que no va a ser bastante para el nuevo motor 1.6 [&hellip;]<\/p>\n<div class=\"sharedaddy sd-sharing-enabled\"><div class=\"robots-nocontent sd-block sd-social sd-social-official sd-sharing\"><h3 class=\"sd-title\">Opciones Sociales:<\/h3><div class=\"sd-content\"><ul><li class=\"share-facebook\"><div class=\"fb-share-button\" data-href=\"http:\/\/www.michael-schumacher.es\/noticias-f1\/2013\/10\/21\/nigel-mansell-los-pilotos-no-son-jockeys\/\" data-layout=\"button_count\"><\/div><\/li><li class=\"share-twitter\"><a href=\"https:\/\/twitter.com\/share\" class=\"twitter-share-button\" data-url=\"http:\/\/www.michael-schumacher.es\/noticias-f1\/2013\/10\/21\/nigel-mansell-los-pilotos-no-son-jockeys\/\" data-text=\"Nigel Mansell: &quot;Los pilotos no son jockeys&quot;\"  >Tweet<\/a><\/li><li class=\"share-email\"><a rel=\"nofollow noopener noreferrer\" data-shared=\"\" class=\"share-email sd-button\" href=\"http:\/\/www.michael-schumacher.es\/noticias-f1\/2013\/10\/21\/nigel-mansell-los-pilotos-no-son-jockeys\/?share=email\" target=\"_blank\" title=\"Haz clic para enviar por correo electr\u00f3nico a un amigo\"><span>Correo electr\u00f3nico<\/span><\/a><\/li><li class=\"share-end\"><\/li><\/ul><\/div><\/div><\/div>","protected":false},"author":3,"featured_media":0,"comment_status":"open","ping_status":"open","sticky":false,"template":"","format":"standard","meta":{"_monsterinsights_skip_tracking":false,"_monsterinsights_sitenote_active":false,"_monsterinsights_sitenote_note":"","_monsterinsights_sitenote_category":0,"spay_email":"","jetpack_publicize_message":"","jetpack_is_tweetstorm":false,"jetpack_publicize_feature_enabled":true},"categories":[3],"tags":[373,758,25,2318,2872,17,15,679,4282,4283,959,255,1849,238],"jetpack_featured_media_url":"","jetpack_publicize_connections":[],"jetpack_sharing_enabled":true,"jetpack_shortlink":"https:\/\/wp.me\/p27q3P-3rJ","_links":{"self":[{"href":"http:\/\/www.michael-schumacher.es\/noticias-f1\/wp-json\/wp\/v2\/posts\/13251"}],"collection":[{"href":"http:\/\/www.michael-schumacher.es\/noticias-f1\/wp-json\/wp\/v2\/posts"}],"about":[{"href":"http:\/\/www.michael-schumacher.es\/noticias-f1\/wp-json\/wp\/v2\/types\/post"}],"author":[{"embeddable":true,"href":"http:\/\/www.michael-schumacher.es\/noticias-f1\/wp-json\/wp\/v2\/users\/3"}],"replies":[{"embeddable":true,"href":"http:\/\/www.michael-schumacher.es\/noticias-f1\/wp-json\/wp\/v2\/comments?post=13251"}],"version-history":[{"count":0,"href":"http:\/\/www.michael-schumacher.es\/noticias-f1\/wp-json\/wp\/v2\/posts\/13251\/revisions"}],"wp:attachment":[{"href":"http:\/\/www.michael-schumacher.es\/noticias-f1\/wp-json\/wp\/v2\/media?parent=13251"}],"wp:term":[{"taxonomy":"category","embeddable":true,"href":"http:\/\/www.michael-schumacher.es\/noticias-f1\/wp-json\/wp\/v2\/categories?post=13251"},{"taxonomy":"post_tag","embeddable":true,"href":"http:\/\/www.michael-schumacher.es\/noticias-f1\/wp-json\/wp\/v2\/tags?post=13251"}],"curies":[{"name":"wp","href":"https:\/\/api.w.org\/{rel}","templated":true}]}}