{"id":13334,"date":"2013-10-26T05:11:13","date_gmt":"2013-10-26T03:11:13","guid":{"rendered":"http:\/\/www.michael-schumacher.es\/noticias-f1\/?p=13334"},"modified":"2013-10-26T01:32:26","modified_gmt":"2013-10-25T23:32:26","slug":"entrenamientos-gp-de-india-buddh-2013-force-india","status":"publish","type":"post","link":"http:\/\/www.michael-schumacher.es\/noticias-f1\/2013\/10\/26\/entrenamientos-gp-de-india-buddh-2013-force-india\/","title":{"rendered":"Entrenamientos GP de India, Buddh 2013. Force India"},"content":{"rendered":"<p><a href=\"http:\/\/www.michael-schumacher.es\/noticias-f1\/wp-content\/uploads\/2013\/03\/adrian_sutil_test-bcn-2013_david-sarro.jpg\"><img loading=\"lazy\" class=\"alignleft\" alt=\"Adrian Sutil - Test Bcn 2013 - David Sarr\u00f3\" src=\"http:\/\/www.michael-schumacher.es\/noticias-f1\/wp-content\/uploads\/2013\/03\/adrian_sutil_test-bcn-2013_david-sarro.jpg\" width=\"200\" height=\"133\" \/><\/a>El equipo Force India ha tenido las sesiones de entrenamiento en su carrera de casa con los tres pilotos Adrian Sutil, Paul Di Resta y James Calado en el Circuito Internacional de Buddh, y han acabado contentos con el rendimiento de los entrenamientos, mucho mejor que en las \u00faltimas carreras de Corea o Jap\u00f3n, ahora seguir\u00e1n optimizando el paquete para la prioridad que es la carrera.<\/p>\n<p><!--more--> <!--noteaser--><\/p>\n<p><a href=\"http:\/\/www.michael-schumacher.es\/noticias-f1\/wp-content\/uploads\/2013\/03\/adrian_sutil_test-bcn-2013_david-sarro.jpg\"><img loading=\"lazy\" class=\"aligncenter size-full wp-image-8278\" alt=\"Adrian Sutil - Test Bcn 2013 - David Sarr\u00f3\" src=\"http:\/\/www.michael-schumacher.es\/noticias-f1\/wp-content\/uploads\/2013\/03\/adrian_sutil_test-bcn-2013_david-sarro.jpg\" width=\"650\" height=\"433\" srcset=\"http:\/\/www.michael-schumacher.es\/noticias-f1\/wp-content\/uploads\/2013\/03\/adrian_sutil_test-bcn-2013_david-sarro.jpg 650w, http:\/\/www.michael-schumacher.es\/noticias-f1\/wp-content\/uploads\/2013\/03\/adrian_sutil_test-bcn-2013_david-sarro-300x199.jpg 300w\" sizes=\"(max-width: 650px) 100vw, 650px\" \/><\/a><\/p>\n<p>&nbsp;<\/p>\n<p>&nbsp;<\/p>\n<p>El equipo Force India ha tenido las sesiones de entrenamiento en su carrera de casa con los tres pilotos Adrian Sutil, Paul Di Resta y James Calado en el Circuito Internacional de Buddh, y han acabado contentos con el rendimiento de los entrenamientos, mucho mejor que en las \u00faltimas carreras de Corea o Jap\u00f3n, ahora seguir\u00e1n optimizando el paquete para la prioridad que es la carrera.<\/p>\n<p>&nbsp;<\/p>\n<p>Adrian Sutil ha tenido un d\u00eda positivo con el coche m\u00e1s consistente que las \u00faltimas carreras y ha finalizado la primera sesi\u00f3n en posici\u00f3n 15\u00ba y la segunda sesi\u00f3n en posici\u00f3n\u00a0 12\u00ba y considera que para ma\u00f1ana todav\u00eda hay margen de mejora y ajustes que hacer en el coche, pero cree que tienen ritmo y con el trabajo de hoy est\u00e1n cerca de Q3. Paul Di Resta, que solo ha participado de la segunda sesi\u00f3n considera que fue positivo ya que se siente c\u00f3modo y finaliz\u00f3 la sesi\u00f3n en posici\u00f3n 15\u00ba, cree que el rendimiento es m\u00e1s competitivo y alentador para la carrera. James Calado que ha conducido por mi primera ven en los primeros entrenamientos, termin\u00f3 muy contento ya que le result\u00f3 de los m\u00e1s agradables que ha conducido centrado en la recolecci\u00f3n datos, finaliz\u00f3 la sesi\u00f3n en posici\u00f3n 18\u00ba.<\/p>\n<p>&nbsp;<\/p>\n<p><strong>Adrian Sutil:<\/strong> <em>\u201cHa sido un d\u00eda bastante positivo con un coche m\u00e1s consistente que en las anteriores carreras. Hemos hecho peque\u00f1os ajustes, en lugar de grandes, y creo que fue un enfoque sensato porque el equilibrio del coche ha ido muy bien. Todav\u00eda hay un cierto margen para mejorar, pero creo que tenemos un ritmo razonable para ma\u00f1ana. Todav\u00eda tenemos que ajustar el coche un poco m\u00e1s esta noche, pero espero que el trabajo que hemos hecho hoy nos permitir\u00e1 estar cerca de Q3 ma\u00f1ana. Lo m\u00e1s importante es que me siento c\u00f3modo en el coche\u201d.<\/em><\/p>\n<p>&nbsp;<\/p>\n<p><strong>Paul Di Resta:<\/strong> <em>\u201cCreo que fue un d\u00eda razonable. Aunque me perd\u00ed FP1, poco a poco tengo el coche a una posici\u00f3n en la que me siento c\u00f3modo. Ahora tenemos que tomar algunas decisiones esta noche para asegurarnos de que tomamos el mejor camino a seguir con la carrera en mente. En t\u00e9rminos de nuestro nivel de rendimiento, el coche parece ser un poco m\u00e1s competitivo que lo que est\u00e1bamos en Suzuka, lo cual es alentador\u201d.<\/em><\/p>\n<p><strong>\u00a0<\/strong><br \/>\n<strong>James Calado:<\/strong> <em>\u201cHab\u00eda conducido esta pista antes en el simulador, pero mi primera experiencia propia es impresionante. Es un lugar fant\u00e1stico y uno de los circuitos m\u00e1s agradables que he conducido. La sesi\u00f3n fue sencilla el ajuste del coche y la recolecci\u00f3n datos. Los niveles de adherencia son bajos al principio, pero poco a poco construyeron mi velocidad. Tuve un peque\u00f1o trompo a lo que probablemente habr\u00eda sido mi vuelta r\u00e1pida, pero aparte de eso, fue muy bien\u201d.<\/em><\/p>\n<p>&nbsp;<\/p>\n<p><strong>Dr. Vijay Mallya, director del equipo y Director General:<\/strong> <em>\u201cSiempre es un placer ver los coches de la F\u00f3rmula Uno conduciendo en la India y, como siempre, el Circuito Internacional de Buddh se ve fant\u00e1stico. Me qued\u00e9 contento con el rendimiento de los entrenamientos libres de hoy y desde luego ha ido mejor que los entrenamientos previos en Corea o Jap\u00f3n. A estas alturas de la temporada, la atenci\u00f3n se centra simplemente en la optimizaci\u00f3n del paquete actual y asegurarnos de que la carrera as\u00ed, por lo que nos encontramos con diversas opciones hoy en d\u00eda, con nuestra actuaci\u00f3n del domingo como la prioridad\u201d.<\/em><\/p>\n<p>&nbsp;<\/p>\n<p><strong>Imagen:<\/strong> David Sarr\u00f3<\/p>\n<div class=\"sharedaddy sd-sharing-enabled\"><div class=\"robots-nocontent sd-block sd-social sd-social-official sd-sharing\"><h3 class=\"sd-title\">Opciones Sociales:<\/h3><div class=\"sd-content\"><ul><li class=\"share-facebook\"><div class=\"fb-share-button\" data-href=\"http:\/\/www.michael-schumacher.es\/noticias-f1\/2013\/10\/26\/entrenamientos-gp-de-india-buddh-2013-force-india\/\" data-layout=\"button_count\"><\/div><\/li><li class=\"share-twitter\"><a href=\"https:\/\/twitter.com\/share\" class=\"twitter-share-button\" data-url=\"http:\/\/www.michael-schumacher.es\/noticias-f1\/2013\/10\/26\/entrenamientos-gp-de-india-buddh-2013-force-india\/\" data-text=\"Entrenamientos GP de India, Buddh 2013. Force India\"  >Tweet<\/a><\/li><li class=\"share-email\"><a rel=\"nofollow noopener noreferrer\" data-shared=\"\" class=\"share-email sd-button\" href=\"http:\/\/www.michael-schumacher.es\/noticias-f1\/2013\/10\/26\/entrenamientos-gp-de-india-buddh-2013-force-india\/?share=email\" target=\"_blank\" title=\"Haz clic para enviar por correo electr\u00f3nico a un amigo\"><span>Correo electr\u00f3nico<\/span><\/a><\/li><li class=\"share-end\"><\/li><\/ul><\/div><\/div><\/div>","protected":false},"excerpt":{"rendered":"<p>El equipo Force India ha tenido las sesiones de entrenamiento en su carrera de casa con los tres pilotos Adrian Sutil, Paul Di Resta y James Calado en el Circuito Internacional de Buddh, y han acabado contentos con el rendimiento de los entrenamientos, mucho mejor que en las \u00faltimas carreras de Corea o Jap\u00f3n, ahora [&hellip;]<\/p>\n<div class=\"sharedaddy sd-sharing-enabled\"><div class=\"robots-nocontent sd-block sd-social sd-social-official sd-sharing\"><h3 class=\"sd-title\">Opciones Sociales:<\/h3><div class=\"sd-content\"><ul><li class=\"share-facebook\"><div class=\"fb-share-button\" data-href=\"http:\/\/www.michael-schumacher.es\/noticias-f1\/2013\/10\/26\/entrenamientos-gp-de-india-buddh-2013-force-india\/\" data-layout=\"button_count\"><\/div><\/li><li class=\"share-twitter\"><a href=\"https:\/\/twitter.com\/share\" class=\"twitter-share-button\" data-url=\"http:\/\/www.michael-schumacher.es\/noticias-f1\/2013\/10\/26\/entrenamientos-gp-de-india-buddh-2013-force-india\/\" data-text=\"Entrenamientos GP de India, Buddh 2013. Force India\"  >Tweet<\/a><\/li><li class=\"share-email\"><a rel=\"nofollow noopener noreferrer\" data-shared=\"\" class=\"share-email sd-button\" href=\"http:\/\/www.michael-schumacher.es\/noticias-f1\/2013\/10\/26\/entrenamientos-gp-de-india-buddh-2013-force-india\/?share=email\" target=\"_blank\" title=\"Haz clic para enviar por correo electr\u00f3nico a un amigo\"><span>Correo electr\u00f3nico<\/span><\/a><\/li><li class=\"share-end\"><\/li><\/ul><\/div><\/div><\/div>","protected":false},"author":3,"featured_media":0,"comment_status":"open","ping_status":"open","sticky":false,"template":"","format":"standard","meta":{"_monsterinsights_skip_tracking":false,"_monsterinsights_sitenote_active":false,"_monsterinsights_sitenote_note":"","_monsterinsights_sitenote_category":0,"spay_email":"","jetpack_publicize_message":"","jetpack_is_tweetstorm":false,"jetpack_publicize_feature_enabled":true},"categories":[67,3],"tags":[373,732,1743,110,131,393,17,126,15,6,8,1103,379,109,1245,733],"jetpack_featured_media_url":"","jetpack_publicize_connections":[],"jetpack_sharing_enabled":true,"jetpack_shortlink":"https:\/\/wp.me\/p27q3P-3t4","_links":{"self":[{"href":"http:\/\/www.michael-schumacher.es\/noticias-f1\/wp-json\/wp\/v2\/posts\/13334"}],"collection":[{"href":"http:\/\/www.michael-schumacher.es\/noticias-f1\/wp-json\/wp\/v2\/posts"}],"about":[{"href":"http:\/\/www.michael-schumacher.es\/noticias-f1\/wp-json\/wp\/v2\/types\/post"}],"author":[{"embeddable":true,"href":"http:\/\/www.michael-schumacher.es\/noticias-f1\/wp-json\/wp\/v2\/users\/3"}],"replies":[{"embeddable":true,"href":"http:\/\/www.michael-schumacher.es\/noticias-f1\/wp-json\/wp\/v2\/comments?post=13334"}],"version-history":[{"count":0,"href":"http:\/\/www.michael-schumacher.es\/noticias-f1\/wp-json\/wp\/v2\/posts\/13334\/revisions"}],"wp:attachment":[{"href":"http:\/\/www.michael-schumacher.es\/noticias-f1\/wp-json\/wp\/v2\/media?parent=13334"}],"wp:term":[{"taxonomy":"category","embeddable":true,"href":"http:\/\/www.michael-schumacher.es\/noticias-f1\/wp-json\/wp\/v2\/categories?post=13334"},{"taxonomy":"post_tag","embeddable":true,"href":"http:\/\/www.michael-schumacher.es\/noticias-f1\/wp-json\/wp\/v2\/tags?post=13334"}],"curies":[{"name":"wp","href":"https:\/\/api.w.org\/{rel}","templated":true}]}}