{"id":13355,"date":"2013-10-26T23:16:46","date_gmt":"2013-10-26T21:16:46","guid":{"rendered":"http:\/\/www.michael-schumacher.es\/noticias-f1\/?p=13355"},"modified":"2013-10-26T21:08:10","modified_gmt":"2013-10-26T19:08:10","slug":"calificacion-gp-de-india-buddh-2013-caterham","status":"publish","type":"post","link":"http:\/\/www.michael-schumacher.es\/noticias-f1\/2013\/10\/26\/calificacion-gp-de-india-buddh-2013-caterham\/","title":{"rendered":"Calificaci\u00f3n GP de India, Buddh 2013. Caterham"},"content":{"rendered":"<p><a href=\"http:\/\/www.michael-schumacher.es\/noticias-f1\/wp-content\/uploads\/2013\/01\/caterham-f1-team-logo.jpg\"><img loading=\"lazy\" class=\"alignleft\" alt=\"Caterham Logo\" src=\"http:\/\/www.michael-schumacher.es\/noticias-f1\/wp-content\/uploads\/2013\/01\/caterham-f1-team-logo.jpg\" width=\"200\" height=\"141\" \/><\/a>El equipo Caterham pese a que no han podido estar delante de sus rivales, consideran que tienen un buen ritmo de carrera y por eso son optimistas para ma\u00f1ana.<\/p>\n<p><!--more--> <!--noteaser--><\/p>\n<p><a href=\"http:\/\/www.michael-schumacher.es\/noticias-f1\/wp-content\/uploads\/2013\/01\/caterham-f1-team-logo.jpg\"><img loading=\"lazy\" class=\"aligncenter size-full wp-image-7540\" alt=\"Caterham Logo\" src=\"http:\/\/www.michael-schumacher.es\/noticias-f1\/wp-content\/uploads\/2013\/01\/caterham-f1-team-logo.jpg\" width=\"650\" height=\"459\" srcset=\"http:\/\/www.michael-schumacher.es\/noticias-f1\/wp-content\/uploads\/2013\/01\/caterham-f1-team-logo.jpg 650w, http:\/\/www.michael-schumacher.es\/noticias-f1\/wp-content\/uploads\/2013\/01\/caterham-f1-team-logo-300x211.jpg 300w\" sizes=\"(max-width: 650px) 100vw, 650px\" \/><\/a><\/p>\n<p>&nbsp;<\/p>\n<p>&nbsp;<\/p>\n<p>El equipo Caterham pese a que no han podido estar delante de sus rivales, consideran que tienen un buen ritmo de carrera y por eso son optimistas para ma\u00f1ana.<\/p>\n<p>&nbsp;<\/p>\n<p>Charles Pic ha finalizado en posici\u00f3n 21\u00ba, satisfecho con su coche aunque no se ha traducido en resultados por quedar atrapado en el tr\u00e1fico, pero sabe que tiene ritmo para ma\u00f1ana. Giedo van der Garde tambi\u00e9n estaba contento con el comportamiento del coche aunque finaliz\u00f3 en posici\u00f3n 20\u00ba, es optimista para la carrera de ma\u00f1ana ya que considera que tiene ritmo para alejarse de los inmediatos rivales.<\/p>\n<p>&nbsp;<\/p>\n<p><strong>Charles Pic:<\/strong> <em>\u201cEmpezamos FP3 con la habitual primera tanda en el neum\u00e1tico duro y despu\u00e9s de los cambios que hemos hecho durante toda la noche yo estaba mucho m\u00e1s contento con el coche. El agarre delantero era mucho mejor y el coche era ahora constante a trav\u00e9s de las secciones de alta velocidad &#8211; b\u00e1sicamente se estaba comportando con m\u00e1s normalidad. Todav\u00eda ten\u00edamos mucho trabajo por hacer para mejorar la estabilidad de la entrada en curva y a mediados de salida, pero en general, fue un buen paso desde el viernes. La \u00faltima vez en los blandos, en la segunda tanda, mostr\u00f3 el progreso que hab\u00edamos hecho durante la noche y, aunque la sesi\u00f3n se retras\u00f3 en la salida, era todav\u00eda una buena sesi\u00f3n. En calificaci\u00f3n\u00a0 la pista ten\u00eda un poco m\u00e1s de agarre, pero en la primera tanda no he podido aprovechar plenamente, pusimos un poco de aler\u00f3n delantero y fuimos para una vuelta r\u00e1pida en la segunda tanda. Lamentablemente me he quedado atrapado entre un par de autos en esa vuelta y no pude encontrar el espacio para poner en el tiempo que sabemos est\u00e1 en el coche, por lo que termine P 21\u201d.<\/em><\/p>\n<p><strong>\u00a0<\/strong><br \/>\n<strong>Giedo van der Garde:<\/strong> <em>\u201cYo estaba muy contento con el comportamiento del coche ayer y no era demasiado diferente al inicio del FP3. Yo ten\u00eda un poco de subviraje en las curvas 10 y 11, as\u00ed que hemos a\u00f1adido un poco m\u00e1s de ala delantera para ayudar con eso, pero en general todav\u00eda estaba bien. En la tanda de rendimiento estaba teniendo problemas con el neum\u00e1tico delantero y el calentamiento y un poco de subviraje en el sector medio, as\u00ed que hicimos un par de cambios para la <em><em>calificaci\u00f3n<\/em> <\/em>y lidiar con eso. Fuimos a dos tandas y las opciones en <em>calificaci\u00f3n<\/em> y mi primera tanda fue bien, pero definitivamente hab\u00eda tiempo para encontrar, sobre todo en el sector medio. Hab\u00edamos planeado ir durante dos vueltas r\u00e1pidas, pero no estaba claro que podr\u00edamos encontrar el tiempo con s\u00f3lo una, as\u00ed que fuimos por ella y mi vuelta estuve bastante cerca de conseguir todo lo que pod\u00eda del coche. Los neum\u00e1ticos no estaban trabajando a pleno rendimiento en el sector uno, as\u00ed que tal vez hab\u00eda una d\u00e9cima o dos all\u00ed, pero los sectores dos y tres estaban cerca del m\u00e1ximo. Ma\u00f1ana sabemos que tenemos el ritmo de carrera para alejarnos de nuestros rivales m\u00e1s cercanos, as\u00ed que ya veremos c\u00f3mo funciona.\u201d<\/em><\/p>\n<p>&nbsp;<\/p>\n<p>&nbsp;<\/p>\n<div class=\"sharedaddy sd-sharing-enabled\"><div class=\"robots-nocontent sd-block sd-social sd-social-official sd-sharing\"><h3 class=\"sd-title\">Opciones Sociales:<\/h3><div class=\"sd-content\"><ul><li class=\"share-facebook\"><div class=\"fb-share-button\" data-href=\"http:\/\/www.michael-schumacher.es\/noticias-f1\/2013\/10\/26\/calificacion-gp-de-india-buddh-2013-caterham\/\" data-layout=\"button_count\"><\/div><\/li><li class=\"share-twitter\"><a href=\"https:\/\/twitter.com\/share\" class=\"twitter-share-button\" data-url=\"http:\/\/www.michael-schumacher.es\/noticias-f1\/2013\/10\/26\/calificacion-gp-de-india-buddh-2013-caterham\/\" data-text=\"Calificaci\u00f3n GP de India, Buddh 2013. Caterham\"  >Tweet<\/a><\/li><li class=\"share-email\"><a rel=\"nofollow noopener noreferrer\" data-shared=\"\" class=\"share-email sd-button\" href=\"http:\/\/www.michael-schumacher.es\/noticias-f1\/2013\/10\/26\/calificacion-gp-de-india-buddh-2013-caterham\/?share=email\" target=\"_blank\" title=\"Haz clic para enviar por correo electr\u00f3nico a un amigo\"><span>Correo electr\u00f3nico<\/span><\/a><\/li><li class=\"share-end\"><\/li><\/ul><\/div><\/div><\/div>","protected":false},"excerpt":{"rendered":"<p>El equipo Caterham pese a que no han podido estar delante de sus rivales, consideran que tienen un buen ritmo de carrera y por eso son optimistas para ma\u00f1ana.<\/p>\n<div class=\"sharedaddy sd-sharing-enabled\"><div class=\"robots-nocontent sd-block sd-social sd-social-official sd-sharing\"><h3 class=\"sd-title\">Opciones Sociales:<\/h3><div class=\"sd-content\"><ul><li class=\"share-facebook\"><div class=\"fb-share-button\" data-href=\"http:\/\/www.michael-schumacher.es\/noticias-f1\/2013\/10\/26\/calificacion-gp-de-india-buddh-2013-caterham\/\" data-layout=\"button_count\"><\/div><\/li><li class=\"share-twitter\"><a href=\"https:\/\/twitter.com\/share\" class=\"twitter-share-button\" data-url=\"http:\/\/www.michael-schumacher.es\/noticias-f1\/2013\/10\/26\/calificacion-gp-de-india-buddh-2013-caterham\/\" data-text=\"Calificaci\u00f3n GP de India, Buddh 2013. Caterham\"  >Tweet<\/a><\/li><li class=\"share-email\"><a rel=\"nofollow noopener noreferrer\" data-shared=\"\" class=\"share-email sd-button\" href=\"http:\/\/www.michael-schumacher.es\/noticias-f1\/2013\/10\/26\/calificacion-gp-de-india-buddh-2013-caterham\/?share=email\" target=\"_blank\" title=\"Haz clic para enviar por correo electr\u00f3nico a un amigo\"><span>Correo electr\u00f3nico<\/span><\/a><\/li><li class=\"share-end\"><\/li><\/ul><\/div><\/div><\/div>","protected":false},"author":3,"featured_media":0,"comment_status":"open","ping_status":"open","sticky":false,"template":"","format":"standard","meta":{"_monsterinsights_skip_tracking":false,"_monsterinsights_sitenote_active":false,"_monsterinsights_sitenote_note":"","_monsterinsights_sitenote_category":0,"spay_email":"","jetpack_publicize_message":"","jetpack_is_tweetstorm":false,"jetpack_publicize_feature_enabled":true},"categories":[68,3],"tags":[373,1743,155,58,116,159,17,15,1673,6,8,1103,117,1219],"jetpack_featured_media_url":"","jetpack_publicize_connections":[],"jetpack_sharing_enabled":true,"jetpack_shortlink":"https:\/\/wp.me\/p27q3P-3tp","_links":{"self":[{"href":"http:\/\/www.michael-schumacher.es\/noticias-f1\/wp-json\/wp\/v2\/posts\/13355"}],"collection":[{"href":"http:\/\/www.michael-schumacher.es\/noticias-f1\/wp-json\/wp\/v2\/posts"}],"about":[{"href":"http:\/\/www.michael-schumacher.es\/noticias-f1\/wp-json\/wp\/v2\/types\/post"}],"author":[{"embeddable":true,"href":"http:\/\/www.michael-schumacher.es\/noticias-f1\/wp-json\/wp\/v2\/users\/3"}],"replies":[{"embeddable":true,"href":"http:\/\/www.michael-schumacher.es\/noticias-f1\/wp-json\/wp\/v2\/comments?post=13355"}],"version-history":[{"count":0,"href":"http:\/\/www.michael-schumacher.es\/noticias-f1\/wp-json\/wp\/v2\/posts\/13355\/revisions"}],"wp:attachment":[{"href":"http:\/\/www.michael-schumacher.es\/noticias-f1\/wp-json\/wp\/v2\/media?parent=13355"}],"wp:term":[{"taxonomy":"category","embeddable":true,"href":"http:\/\/www.michael-schumacher.es\/noticias-f1\/wp-json\/wp\/v2\/categories?post=13355"},{"taxonomy":"post_tag","embeddable":true,"href":"http:\/\/www.michael-schumacher.es\/noticias-f1\/wp-json\/wp\/v2\/tags?post=13355"}],"curies":[{"name":"wp","href":"https:\/\/api.w.org\/{rel}","templated":true}]}}