{"id":1336,"date":"2012-06-09T01:03:20","date_gmt":"2012-06-08T23:03:20","guid":{"rendered":"http:\/\/www.michael-schumacher.es\/noticias-f1\/?p=1336"},"modified":"2012-06-09T01:03:20","modified_gmt":"2012-06-08T23:03:20","slug":"entrenamientos-gp-de-canada-montreal-2012-williams","status":"publish","type":"post","link":"http:\/\/www.michael-schumacher.es\/noticias-f1\/2012\/06\/09\/entrenamientos-gp-de-canada-montreal-2012-williams\/","title":{"rendered":"Entrenamientos GP de Canad\u00e1, Montr\u00e9al 2012. Williams"},"content":{"rendered":"<p><img loading=\"lazy\" class=\"alignleft\" title=\"Williams\" src=\"http:\/\/img.michael-schumacher.es\/noticias-f1\/williams\/williams-1-mini.jpg\" alt=\"Williams\" width=\"202\" height=\"100\" \/>El equipo Williams ha tenido hoy dos actuaciones diferentes con los dos pilotos, con Maldonado todo ha funcionado bien y han realizado todo el trabajo previsto, pero con Senna en la primera sesi\u00f3n tuvieron problemas con el DRS y en la segunda choco contra el muro y los mec\u00e1nicos trabajan para areglar los desperfectos, pero el equipo es optimista con sus ritmo.<\/p>\n<p><!--more--> <!--noteaser--><\/p>\n<p><img loading=\"lazy\" class=\"aligncenter\" title=\"Williams\" src=\"http:\/\/img.michael-schumacher.es\/noticias-f1\/williams\/williams-1.jpg\" alt=\"Williams\" width=\"605\" height=\"300\" \/><\/p>\n<p>El equipo Williams ha tenido hoy dos actuaciones diferentes con los dos pilotos, con Maldonado todo ha funcionado bien y han realizado todo el trabajo previsto, pero con Senna en la primera sesi\u00f3n tuvieron problemas con el DRS y en la segunda choco contra el muro y los mec\u00e1nicos trabajan para areglar los desperfectos, pero el equipo es optimista con sus ritmo.<\/p>\n<p>&nbsp;<\/p>\n<p><strong>Pastor Maldonado:<\/strong> \u00a0\u201cHemos completado todas las cosas que hab\u00edamos planeado para la sesi\u00f3n de lo que hemos tenido un d\u00eda productivo y se encuentran en un buen lugar la partida en el fin de semana. Todav\u00eda tenemos que trabajar en la puesta a punto para conseguir el equilibrio adecuado, pero en general el coche se sent\u00eda bien y fue consistente, sobre todo en las tandas largas. Tambi\u00e9n hemos tra\u00eddo algunas mejoras para esta carrera y que est\u00e1n obteniendo buenos resultados lo cual es alentador.\u201d<\/p>\n<p>&nbsp;<\/p>\n<p><strong>Bruno Senna:<\/strong> \u201cFue un d\u00eda dif\u00edcil hoy en d\u00eda. Tuve problemas DRS durante la ma\u00f1ana y tienen una experiencia limitada de este circuito por lo que hoy se trataba de entrar en mi ojo y ver hasta qu\u00e9 punto puedo empujar el coche. Obviamente empuje demasiado fuerte hacia el final de la P2 y choque contra la pared, lo cual es decepcionante. Sin embargo, hemos hecho algunas mejoras en el paquete general y ma\u00f1ana por la ma\u00f1ana puedo salir y tratar de afinar la puesta a punto de conseguir un buen resultado el domingo.\u201d<\/p>\n<p>&nbsp;<\/p>\n<p><strong>Mark Gillan, Ingeniero Jefe de Operaciones: <\/strong>\u00a0\u201cHemos tenido una jornada mixta de hoy con el Pastor de completar su plan de funcionamiento entero, a pesar de tener que reajustar el programa antes de la primera sesi\u00f3n, debido a las inclemencias del tiempo inminente condiciones. Funcionamiento de Bruno se vio obstaculizado en la primera sesi\u00f3n con una falla en su sistema DRS, que se solucion\u00f3 para la segunda sesi\u00f3n. Lamentablemente Bruno se puso en contacto con la pared pesada durante la segunda sesi\u00f3n. \u00c9l est\u00e1 perfectamente bien y los mec\u00e1nicos est\u00e1n trabajando duro para reconstruir el coche. Estamos contentos con nuestro ritmo en tandas largas, pero todav\u00eda tenemos trabajo que hacer para optimizar el coche para la calificaci\u00f3n.\u201d<\/p>\n<div class=\"sharedaddy sd-sharing-enabled\"><div class=\"robots-nocontent sd-block sd-social sd-social-official sd-sharing\"><h3 class=\"sd-title\">Opciones Sociales:<\/h3><div class=\"sd-content\"><ul><li class=\"share-facebook\"><div class=\"fb-share-button\" data-href=\"http:\/\/www.michael-schumacher.es\/noticias-f1\/2012\/06\/09\/entrenamientos-gp-de-canada-montreal-2012-williams\/\" data-layout=\"button_count\"><\/div><\/li><li class=\"share-twitter\"><a href=\"https:\/\/twitter.com\/share\" class=\"twitter-share-button\" data-url=\"http:\/\/www.michael-schumacher.es\/noticias-f1\/2012\/06\/09\/entrenamientos-gp-de-canada-montreal-2012-williams\/\" data-text=\"Entrenamientos GP de Canad\u00e1, Montr\u00e9al 2012. Williams\"  >Tweet<\/a><\/li><li class=\"share-email\"><a rel=\"nofollow noopener noreferrer\" data-shared=\"\" class=\"share-email sd-button\" href=\"http:\/\/www.michael-schumacher.es\/noticias-f1\/2012\/06\/09\/entrenamientos-gp-de-canada-montreal-2012-williams\/?share=email\" target=\"_blank\" title=\"Haz clic para enviar por correo electr\u00f3nico a un amigo\"><span>Correo electr\u00f3nico<\/span><\/a><\/li><li class=\"share-end\"><\/li><\/ul><\/div><\/div><\/div>","protected":false},"excerpt":{"rendered":"<p>El equipo Williams ha tenido hoy dos actuaciones diferentes con los dos pilotos, con Maldonado todo ha funcionado bien y han realizado todo el trabajo previsto, pero con Senna en la primera sesi\u00f3n tuvieron problemas con el DRS y en la segunda choco contra el muro y los mec\u00e1nicos trabajan para areglar los desperfectos, pero [&hellip;]<\/p>\n<div class=\"sharedaddy sd-sharing-enabled\"><div class=\"robots-nocontent sd-block sd-social sd-social-official sd-sharing\"><h3 class=\"sd-title\">Opciones Sociales:<\/h3><div class=\"sd-content\"><ul><li class=\"share-facebook\"><div class=\"fb-share-button\" data-href=\"http:\/\/www.michael-schumacher.es\/noticias-f1\/2012\/06\/09\/entrenamientos-gp-de-canada-montreal-2012-williams\/\" data-layout=\"button_count\"><\/div><\/li><li class=\"share-twitter\"><a href=\"https:\/\/twitter.com\/share\" class=\"twitter-share-button\" data-url=\"http:\/\/www.michael-schumacher.es\/noticias-f1\/2012\/06\/09\/entrenamientos-gp-de-canada-montreal-2012-williams\/\" data-text=\"Entrenamientos GP de Canad\u00e1, Montr\u00e9al 2012. Williams\"  >Tweet<\/a><\/li><li class=\"share-email\"><a rel=\"nofollow noopener noreferrer\" data-shared=\"\" class=\"share-email sd-button\" href=\"http:\/\/www.michael-schumacher.es\/noticias-f1\/2012\/06\/09\/entrenamientos-gp-de-canada-montreal-2012-williams\/?share=email\" target=\"_blank\" title=\"Haz clic para enviar por correo electr\u00f3nico a un amigo\"><span>Correo electr\u00f3nico<\/span><\/a><\/li><li class=\"share-end\"><\/li><\/ul><\/div><\/div><\/div>","protected":false},"author":3,"featured_media":0,"comment_status":"open","ping_status":"open","sticky":false,"template":"","format":"standard","meta":{"_monsterinsights_skip_tracking":false,"_monsterinsights_sitenote_active":false,"_monsterinsights_sitenote_note":"","_monsterinsights_sitenote_category":0,"spay_email":"","jetpack_publicize_message":"","jetpack_is_tweetstorm":false,"jetpack_publicize_feature_enabled":true},"categories":[67,3],"tags":[94,417,131,17,15,6,97,451,96,455,95,93],"jetpack_featured_media_url":"","jetpack_publicize_connections":[],"jetpack_sharing_enabled":true,"jetpack_shortlink":"https:\/\/wp.me\/p27q3P-ly","_links":{"self":[{"href":"http:\/\/www.michael-schumacher.es\/noticias-f1\/wp-json\/wp\/v2\/posts\/1336"}],"collection":[{"href":"http:\/\/www.michael-schumacher.es\/noticias-f1\/wp-json\/wp\/v2\/posts"}],"about":[{"href":"http:\/\/www.michael-schumacher.es\/noticias-f1\/wp-json\/wp\/v2\/types\/post"}],"author":[{"embeddable":true,"href":"http:\/\/www.michael-schumacher.es\/noticias-f1\/wp-json\/wp\/v2\/users\/3"}],"replies":[{"embeddable":true,"href":"http:\/\/www.michael-schumacher.es\/noticias-f1\/wp-json\/wp\/v2\/comments?post=1336"}],"version-history":[{"count":0,"href":"http:\/\/www.michael-schumacher.es\/noticias-f1\/wp-json\/wp\/v2\/posts\/1336\/revisions"}],"wp:attachment":[{"href":"http:\/\/www.michael-schumacher.es\/noticias-f1\/wp-json\/wp\/v2\/media?parent=1336"}],"wp:term":[{"taxonomy":"category","embeddable":true,"href":"http:\/\/www.michael-schumacher.es\/noticias-f1\/wp-json\/wp\/v2\/categories?post=1336"},{"taxonomy":"post_tag","embeddable":true,"href":"http:\/\/www.michael-schumacher.es\/noticias-f1\/wp-json\/wp\/v2\/tags?post=1336"}],"curies":[{"name":"wp","href":"https:\/\/api.w.org\/{rel}","templated":true}]}}