{"id":13364,"date":"2013-10-27T04:25:12","date_gmt":"2013-10-27T03:25:12","guid":{"rendered":"http:\/\/www.michael-schumacher.es\/noticias-f1\/?p=13364"},"modified":"2013-10-27T01:25:09","modified_gmt":"2013-10-27T00:25:09","slug":"calificacion-gp-de-india-buddh-2013-mercedes","status":"publish","type":"post","link":"http:\/\/www.michael-schumacher.es\/noticias-f1\/2013\/10\/27\/calificacion-gp-de-india-buddh-2013-mercedes\/","title":{"rendered":"Calificaci\u00f3n GP de India, Buddh 2013. Mercedes"},"content":{"rendered":"<p><a href=\"http:\/\/www.michael-schumacher.es\/noticias-f1\/wp-content\/uploads\/2013\/03\/nico_rosberg-test-2-montmelo-2013.jpg\"><img loading=\"lazy\" class=\"alignleft\" alt=\"nico_rosberg-test-2-montmelo-2013\" src=\"http:\/\/www.michael-schumacher.es\/noticias-f1\/wp-content\/uploads\/2013\/03\/nico_rosberg-test-2-montmelo-2013.jpg\" width=\"200\" height=\"133\" \/><\/a>El equipo Mercedes ha conseguido un buen resultado de calificaci\u00f3n con sus dos pilotos entre los tres primeros, solo superados por el tricampe\u00f3n y l\u00edder del mundial Sebastian Vettel. Por lo que el equipo est\u00e1 muy contento hoy pero lo importante es ma\u00f1ana y todav\u00eda deben hacer una buena carrera.<\/p>\n<p><!--more--> <!--noteaser--><\/p>\n<p><a href=\"http:\/\/www.michael-schumacher.es\/noticias-f1\/wp-content\/uploads\/2013\/03\/nico_rosberg-test-2-montmelo-2013.jpg\"><img loading=\"lazy\" class=\"aligncenter size-full wp-image-8125\" alt=\"nico_rosberg-test-2-montmelo-2013\" src=\"http:\/\/www.michael-schumacher.es\/noticias-f1\/wp-content\/uploads\/2013\/03\/nico_rosberg-test-2-montmelo-2013.jpg\" width=\"650\" height=\"434\" srcset=\"http:\/\/www.michael-schumacher.es\/noticias-f1\/wp-content\/uploads\/2013\/03\/nico_rosberg-test-2-montmelo-2013.jpg 650w, http:\/\/www.michael-schumacher.es\/noticias-f1\/wp-content\/uploads\/2013\/03\/nico_rosberg-test-2-montmelo-2013-300x200.jpg 300w\" sizes=\"(max-width: 650px) 100vw, 650px\" \/><\/a><\/p>\n<p>&nbsp;<\/p>\n<p>&nbsp;<\/p>\n<p>El equipo Mercedes ha conseguido un buen resultado de calificaci\u00f3n con sus dos pilotos entre los tres primeros, solo superados por el tricampe\u00f3n y l\u00edder del mundial Sebastian Vettel. Por lo que el equipo est\u00e1 muy contento hoy pero lo importante es ma\u00f1ana y todav\u00eda deben hacer una buena carrera.<\/p>\n<p>&nbsp;<\/p>\n<p>Nico Rosberg est\u00e1 contento con su resultado y con el trabajo de su equipo, ya que ha logrado calificar en una excelente segunda posici\u00f3n. Aunque considera que va a ser una dura carrera contra Mark intentar\u00e1 anotar el m\u00e1ximo de puntos posibles que es lo importante para el equipo en su lucha por conseguir el segundo lugar en el campeonato de constructores. Lewis Hamilton tambi\u00e9n est\u00e1 contento con su tercera posici\u00f3n en la sesi\u00f3n de calificaci\u00f3n por detr\u00e1s de su compa\u00f1ero de equipo, aunque considera que ha perdido tiempo en la \u00faltima curva. Pero lo que cuenta es la carrera en la que espera un buen comienzo y un buen resultado.<\/p>\n<p>&nbsp;<\/p>\n<p><strong>Nico Rosberg:<\/strong> <em>\u201cHemos probado un mont\u00f3n de cosas diferentes en los entrenamientos este fin de semana para tratar de encontrar un extra de una o dos d\u00e9cimas y me encontr\u00e9 con una buena puesta a punto con mi gente, as\u00ed que estoy contento con nuestro trabajo hasta ahora. S\u00f3lo quer\u00eda calificar mejor que el resto hoy, as\u00ed que estoy muy contento con el segundo lugar y comenzando en la primera fila. La carrera ser\u00e1 dura contra Mark ma\u00f1ana, sin embargo, como es el coche m\u00e1s r\u00e1pido y est\u00e1 en una estrategia diferente, pero vamos a darlo todo. Para nuestro equipo, lo m\u00e1s importante es anotar tantos puntos como sea posible para que podamos asegurar el segundo lugar en el campeonato de constructores al final del a\u00f1o\u201d.<\/em><\/p>\n<p>&nbsp;<\/p>\n<p><strong>Lewis Hamilton:<\/strong> <em>\u201cEstoy contento con el tercer puesto de hoy, ya que ha sido un fin de semana duro para conseguir el coche de configurar y exprimir tanto el rendimiento posible de la misma. El equipo ha hecho un gran trabajo para avanzar desde el viernes y estoy encantado de que todos puedan ver tanto Nico y yo entre los tres primeros hoy. Fue una buena vuelta, aunque he perdido tal vez un poco de tiempo en la \u00faltima curva. Por supuesto, ma\u00f1ana es lo que cuenta y la carrera ser\u00e1 dif\u00edcil con las diferentes estrategias y opciones de neum\u00e1ticos. Esperamos un buen comienzo, deshacernos de los blandos temprano y luego centrarnos en empujar tan duro como podamos sobre los neum\u00e1ticos medios\u201d.<\/em><\/p>\n<p>&nbsp;<\/p>\n<p><strong>Ross Brawn jefe de equipo:<\/strong> <em>\u201cEsto fue tan buena sesi\u00f3n de calificaci\u00f3n, ya que tuvimos lo que pod\u00edamos haber esperado. Se construy\u00f3 a un buen crescendo en la Q3 y nos hizo los movimientos correctos, gestionado bien las cosas y poniendo nuestras mejores vueltas en el momento justo despu\u00e9s de haber guardado un nuevo juego de neum\u00e1ticos blandos para el final de la Q3. Obviamente, estamos comprometidos al partir con el neum\u00e1tico de opci\u00f3n con los dos coches, pero los tenemos en buenas posiciones y podemos estar contentos con que el logro de esta tarde. Ha sido un fin de semana bastante dif\u00edcil de conseguir la puesta a punto correcta hasta el momento y los ingenieros y los pilotos han hecho juntos un buen trabajo a fondo. Ahora tenemos que terminar ese trabajo con una buena carrera ma\u00f1ana\u201d.<\/em><\/p>\n<p>&nbsp;<\/p>\n<p><strong>Toto Wolff director ejecutivo:<\/strong> <em>\u201cSegundo lugar con Nico y la tercera con Lewis son satisfactorias posiciones despu\u00e9s de un fin de semana bastante dif\u00edcil hasta ahora. Es justo decir que probablemente no habr\u00eda sido tan alta en la parrilla si todo el mundo se hubiera quedado la opci\u00f3n de neum\u00e1ticos en la Q3, pero igualmente no habr\u00edamos estado lejos. El equipo de ingenier\u00eda ha hecho un buen trabajo para llevar el coche en el circuito, que sigui\u00f3 con la subida con fuerza durante la sesi\u00f3n de calificaci\u00f3n. La combinaci\u00f3n de estrategias entre los diez primeros har\u00e1 una carrera interesante ma\u00f1ana que s\u00f3lo se desarrollara en el final\u201d.<\/em><\/p>\n<div class=\"sharedaddy sd-sharing-enabled\"><div class=\"robots-nocontent sd-block sd-social sd-social-official sd-sharing\"><h3 class=\"sd-title\">Opciones Sociales:<\/h3><div class=\"sd-content\"><ul><li class=\"share-facebook\"><div class=\"fb-share-button\" data-href=\"http:\/\/www.michael-schumacher.es\/noticias-f1\/2013\/10\/27\/calificacion-gp-de-india-buddh-2013-mercedes\/\" data-layout=\"button_count\"><\/div><\/li><li class=\"share-twitter\"><a href=\"https:\/\/twitter.com\/share\" class=\"twitter-share-button\" data-url=\"http:\/\/www.michael-schumacher.es\/noticias-f1\/2013\/10\/27\/calificacion-gp-de-india-buddh-2013-mercedes\/\" data-text=\"Calificaci\u00f3n GP de India, Buddh 2013. Mercedes\"  >Tweet<\/a><\/li><li class=\"share-email\"><a rel=\"nofollow noopener noreferrer\" data-shared=\"\" class=\"share-email sd-button\" href=\"http:\/\/www.michael-schumacher.es\/noticias-f1\/2013\/10\/27\/calificacion-gp-de-india-buddh-2013-mercedes\/?share=email\" target=\"_blank\" title=\"Haz clic para enviar por correo electr\u00f3nico a un amigo\"><span>Correo electr\u00f3nico<\/span><\/a><\/li><li class=\"share-end\"><\/li><\/ul><\/div><\/div><\/div>","protected":false},"excerpt":{"rendered":"<p>El equipo Mercedes ha conseguido un buen resultado de calificaci\u00f3n con sus dos pilotos entre los tres primeros, solo superados por el tricampe\u00f3n y l\u00edder del mundial Sebastian Vettel. Por lo que el equipo est\u00e1 muy contento hoy pero lo importante es ma\u00f1ana y todav\u00eda deben hacer una buena carrera.<\/p>\n<div class=\"sharedaddy sd-sharing-enabled\"><div class=\"robots-nocontent sd-block sd-social sd-social-official sd-sharing\"><h3 class=\"sd-title\">Opciones Sociales:<\/h3><div class=\"sd-content\"><ul><li class=\"share-facebook\"><div class=\"fb-share-button\" data-href=\"http:\/\/www.michael-schumacher.es\/noticias-f1\/2013\/10\/27\/calificacion-gp-de-india-buddh-2013-mercedes\/\" data-layout=\"button_count\"><\/div><\/li><li class=\"share-twitter\"><a href=\"https:\/\/twitter.com\/share\" class=\"twitter-share-button\" data-url=\"http:\/\/www.michael-schumacher.es\/noticias-f1\/2013\/10\/27\/calificacion-gp-de-india-buddh-2013-mercedes\/\" data-text=\"Calificaci\u00f3n GP de India, Buddh 2013. Mercedes\"  >Tweet<\/a><\/li><li class=\"share-email\"><a rel=\"nofollow noopener noreferrer\" data-shared=\"\" class=\"share-email sd-button\" href=\"http:\/\/www.michael-schumacher.es\/noticias-f1\/2013\/10\/27\/calificacion-gp-de-india-buddh-2013-mercedes\/?share=email\" target=\"_blank\" title=\"Haz clic para enviar por correo electr\u00f3nico a un amigo\"><span>Correo electr\u00f3nico<\/span><\/a><\/li><li class=\"share-end\"><\/li><\/ul><\/div><\/div><\/div>","protected":false},"author":3,"featured_media":0,"comment_status":"open","ping_status":"open","sticky":false,"template":"","format":"standard","meta":{"_monsterinsights_skip_tracking":false,"_monsterinsights_sitenote_active":false,"_monsterinsights_sitenote_note":"","_monsterinsights_sitenote_category":0,"spay_email":"","jetpack_publicize_message":"","jetpack_is_tweetstorm":false,"jetpack_publicize_feature_enabled":true},"categories":[68,3],"tags":[373,1381,1743,155,159,17,15,6,8,11,1103,10,304,1400,259,1380,616,617],"jetpack_featured_media_url":"","jetpack_publicize_connections":[],"jetpack_sharing_enabled":true,"jetpack_shortlink":"https:\/\/wp.me\/p27q3P-3ty","_links":{"self":[{"href":"http:\/\/www.michael-schumacher.es\/noticias-f1\/wp-json\/wp\/v2\/posts\/13364"}],"collection":[{"href":"http:\/\/www.michael-schumacher.es\/noticias-f1\/wp-json\/wp\/v2\/posts"}],"about":[{"href":"http:\/\/www.michael-schumacher.es\/noticias-f1\/wp-json\/wp\/v2\/types\/post"}],"author":[{"embeddable":true,"href":"http:\/\/www.michael-schumacher.es\/noticias-f1\/wp-json\/wp\/v2\/users\/3"}],"replies":[{"embeddable":true,"href":"http:\/\/www.michael-schumacher.es\/noticias-f1\/wp-json\/wp\/v2\/comments?post=13364"}],"version-history":[{"count":0,"href":"http:\/\/www.michael-schumacher.es\/noticias-f1\/wp-json\/wp\/v2\/posts\/13364\/revisions"}],"wp:attachment":[{"href":"http:\/\/www.michael-schumacher.es\/noticias-f1\/wp-json\/wp\/v2\/media?parent=13364"}],"wp:term":[{"taxonomy":"category","embeddable":true,"href":"http:\/\/www.michael-schumacher.es\/noticias-f1\/wp-json\/wp\/v2\/categories?post=13364"},{"taxonomy":"post_tag","embeddable":true,"href":"http:\/\/www.michael-schumacher.es\/noticias-f1\/wp-json\/wp\/v2\/tags?post=13364"}],"curies":[{"name":"wp","href":"https:\/\/api.w.org\/{rel}","templated":true}]}}