{"id":13388,"date":"2013-10-27T06:39:39","date_gmt":"2013-10-27T05:39:39","guid":{"rendered":"http:\/\/www.michael-schumacher.es\/noticias-f1\/?p=13388"},"modified":"2013-10-27T03:06:02","modified_gmt":"2013-10-27T02:06:02","slug":"calificacion-gp-de-india-buddh-2013-red-bull","status":"publish","type":"post","link":"http:\/\/www.michael-schumacher.es\/noticias-f1\/2013\/10\/27\/calificacion-gp-de-india-buddh-2013-red-bull\/","title":{"rendered":"Calificaci\u00f3n GP de India, Buddh 2013. Red Bull"},"content":{"rendered":"<p><a href=\"http:\/\/www.michael-schumacher.es\/noticias-f1\/wp-content\/uploads\/2013\/03\/sebastian_vettel_test-bcn-2013_david-sarro.jpg\"><img loading=\"lazy\" class=\"alignleft\" alt=\"Sebastian Vettel Test BCN 2013 David Sarr\u00f3\" src=\"http:\/\/www.michael-schumacher.es\/noticias-f1\/wp-content\/uploads\/2013\/03\/sebastian_vettel_test-bcn-2013_david-sarro.jpg\" width=\"200\" height=\"133\" \/><\/a>El equipo Red Bull logra de nuevo por tercera vez consecutiva en Buddh, salir desde la pole con Sebastian Vettel, que nuevamente ha logrado una vuelta casi perfecta para hacerse con la pole. El equipo ha decidido seguir estrategias diferentes con cada piloto y por lo que ambos tienen una buena posici\u00f3n de cara a la carrera de ma\u00f1ana.<\/p>\n<p><!--more--> <!--noteaser--><\/p>\n<p><a href=\"http:\/\/www.michael-schumacher.es\/noticias-f1\/wp-content\/uploads\/2013\/03\/sebastian_vettel_test-bcn-2013_david-sarro.jpg\"><img loading=\"lazy\" class=\"aligncenter size-full wp-image-8377\" alt=\"Sebastian Vettel Test BCN 2013 David Sarr\u00f3\" src=\"http:\/\/www.michael-schumacher.es\/noticias-f1\/wp-content\/uploads\/2013\/03\/sebastian_vettel_test-bcn-2013_david-sarro.jpg\" width=\"650\" height=\"433\" srcset=\"http:\/\/www.michael-schumacher.es\/noticias-f1\/wp-content\/uploads\/2013\/03\/sebastian_vettel_test-bcn-2013_david-sarro.jpg 650w, http:\/\/www.michael-schumacher.es\/noticias-f1\/wp-content\/uploads\/2013\/03\/sebastian_vettel_test-bcn-2013_david-sarro-300x199.jpg 300w\" sizes=\"(max-width: 650px) 100vw, 650px\" \/><\/a><\/p>\n<p>&nbsp;<\/p>\n<p>&nbsp;<\/p>\n<p>El equipo Red Bull logra de nuevo por tercera vez consecutiva en Buddh, salir desde la pole con Sebastian Vettel, que nuevamente ha logrado una vuelta casi perfecta para hacerse con la pole. El equipo ha decidido seguir estrategias diferentes con cada piloto y por lo que ambos tienen una buena posici\u00f3n de cara a la carrera de ma\u00f1ana.<\/p>\n<p>&nbsp;<\/p>\n<p>Sebastian Vettel que ma\u00f1ana con solo terminar en quinta posici\u00f3n ser\u00e1 por cuarta vez consecutiva campe\u00f3n del mundo de F1, ha conseguido hacerse nuevamente con la pole position, en una excelente sesi\u00f3n de calificaci\u00f3n. Vettel considera que el coche era incre\u00edble y que disfrut\u00f3 de la sesi\u00f3n. La carrera piensa que ser\u00e1 larga y dura con la estrategia pero tienen un buen paquete con el que luchar. Mark Webber que ha corrido con los duros, en una estrategia diferente a su compa\u00f1ero ha logrado calificar cuarto, lo que supone un buen resultado, con un buen trabajo y tambi\u00e9n una buena posici\u00f3n para ma\u00f1ana.<\/p>\n<p>&nbsp;<\/p>\n<p><strong>Sebastian Vettel:<\/strong> <em>\u201cEl coche ha ido bien todo el fin de semana y todo fue mejor en la pista ya que mejor\u00f3, el coche era incre\u00edble, es un gran circuito, me gusta mucho el flujo de la misma, especialmente en el sector medio con las curvas de alta velocidad. Si el coche se comporta de la manera que usted desea a trav\u00e9s de esa secci\u00f3n a continuaci\u00f3n, siempre est\u00e1s pasando a disfrutar de ella, como lo hicimos hoy. Es un gran resultado para el equipo. Mark esta en una estrategia diferente, as\u00ed que veremos qu\u00e9 pasa ma\u00f1ana en la carrera. Hemos estado recibiendo un mont\u00f3n de preguntas sobre el campeonato este fin de semana, pero vamos a seguir haciendo lo que hemos hecho en el pasado, s\u00f3lo nos centramos en cada paso. No vamos a cambiar eso para ma\u00f1ana o el pr\u00f3ximo par de carreras. Hemos trabajado duro para llegar hasta aqu\u00ed y ma\u00f1ana ser\u00e1 una carrera larga con la estrategia, creo que siempre es dif\u00edcil hacer lo correcto, pero tenemos un buen paquete por lo que debemos estar en buena forma\u201d.<\/em><\/p>\n<p>&nbsp;<\/p>\n<p><strong>Mark Webber:<\/strong> <em>\u201cNos pareci\u00f3 que val\u00eda la pena probar algo un poco diferente con la estrategia actual, as\u00ed que por eso corrimos con los duros en la Q3. Nosotros pensamos que probablemente estar\u00edamos un poco m\u00e1s atr\u00e1s de la segunda fila para ser honesto, por lo que result\u00f3 ser una buena sesi\u00f3n para nosotros. No es f\u00e1cil manejar los n\u00fameros los duros cuando usted tiene que cuidarlos en la Q3, pero creo que hemos hecho un buen trabajo y no dejamos mucho por ah\u00ed. Estamos en una buena posici\u00f3n para sacar provecho de un enfoque diferente ma\u00f1ana. Los\u00a0 neum\u00e1ticos opcionales (utilizado por los tres primeros coches) no debe durar demasiado tiempo y estaremos en una estrategia diferente. Dicho esto, yo todav\u00eda tengo que usar los neum\u00e1ticos m\u00e1s blandos en la carrera en alg\u00fan momento, as\u00ed que vamos a ver\u201d.<\/em><\/p>\n<p>&nbsp;<\/p>\n<p><strong>Christian Horner:<\/strong> <em>\u201cUna gran actuaci\u00f3n del equipo, tomamos un enfoque estrat\u00e9gico diferente para la clasificaci\u00f3n final con los dos coches que se ejecutaron en diferentes compuestos de neum\u00e1ticos. Fue una fant\u00e1stica primera vuelta de Sebastian para asegurar la pole position, la tercera consecutiva aqu\u00ed. Mark volvi\u00f3 con el cuarto y, como el primero de los corredores con neum\u00e1ticos duros, \u00e9l est\u00e1 en una posici\u00f3n muy fuerte es un resultado fant\u00e1stico para los dos coches para la carrera de ma\u00f1ana, donde van a estar funcionando con eficacia diferentes estrategias; debe ser un fascinante gran premio\u201d.<\/em><\/p>\n<p>&nbsp;<\/p>\n<p><strong>Thierry Salvi(Renault):<\/strong> <em>\u201cMark y Seb hicieron un gran trabajo en la calificaci\u00f3n, con Sebastian en pole con una fant\u00e1stica vuelta y Mark fant\u00e1stico en el cuarto lugar con los neum\u00e1ticos duros, lo cual es un rendimiento especialmente impresionante. Todo el fin de semana han tratado de gestionar la degradaci\u00f3n de los neum\u00e1ticos a trav\u00e9s de la optimizaci\u00f3n de los mapas de capacidad de conducci\u00f3n. Sabemos que la carrera de ma\u00f1ana ser\u00e1 un gran reto y el equipo hizo la mejor estrategia posible para poder ejecutar ambos tipos de neum\u00e1ticos en el inicio de la carrera. Aqu\u00ed todo el mundo sabe que el objetivo del fin de semana y estamos trabajando duro para lograrlo\u201d.<\/em><\/p>\n<p>&nbsp;<\/p>\n<p><strong>Imagen:<\/strong> David Sarr\u00f3<\/p>\n<div class=\"sharedaddy sd-sharing-enabled\"><div class=\"robots-nocontent sd-block sd-social sd-social-official sd-sharing\"><h3 class=\"sd-title\">Opciones Sociales:<\/h3><div class=\"sd-content\"><ul><li class=\"share-facebook\"><div class=\"fb-share-button\" data-href=\"http:\/\/www.michael-schumacher.es\/noticias-f1\/2013\/10\/27\/calificacion-gp-de-india-buddh-2013-red-bull\/\" data-layout=\"button_count\"><\/div><\/li><li class=\"share-twitter\"><a href=\"https:\/\/twitter.com\/share\" class=\"twitter-share-button\" data-url=\"http:\/\/www.michael-schumacher.es\/noticias-f1\/2013\/10\/27\/calificacion-gp-de-india-buddh-2013-red-bull\/\" data-text=\"Calificaci\u00f3n GP de India, Buddh 2013. Red Bull\"  >Tweet<\/a><\/li><li class=\"share-email\"><a rel=\"nofollow noopener noreferrer\" data-shared=\"\" class=\"share-email sd-button\" href=\"http:\/\/www.michael-schumacher.es\/noticias-f1\/2013\/10\/27\/calificacion-gp-de-india-buddh-2013-red-bull\/?share=email\" target=\"_blank\" title=\"Haz clic para enviar por correo electr\u00f3nico a un amigo\"><span>Correo electr\u00f3nico<\/span><\/a><\/li><li class=\"share-end\"><\/li><\/ul><\/div><\/div><\/div>","protected":false},"excerpt":{"rendered":"<p>El equipo Red Bull logra de nuevo por tercera vez consecutiva en Buddh, salir desde la pole con Sebastian Vettel, que nuevamente ha logrado una vuelta casi perfecta para hacerse con la pole. El equipo ha decidido seguir estrategias diferentes con cada piloto y por lo que ambos tienen una buena posici\u00f3n de cara a [&hellip;]<\/p>\n<div class=\"sharedaddy sd-sharing-enabled\"><div class=\"robots-nocontent sd-block sd-social sd-social-official sd-sharing\"><h3 class=\"sd-title\">Opciones Sociales:<\/h3><div class=\"sd-content\"><ul><li class=\"share-facebook\"><div class=\"fb-share-button\" data-href=\"http:\/\/www.michael-schumacher.es\/noticias-f1\/2013\/10\/27\/calificacion-gp-de-india-buddh-2013-red-bull\/\" data-layout=\"button_count\"><\/div><\/li><li class=\"share-twitter\"><a href=\"https:\/\/twitter.com\/share\" class=\"twitter-share-button\" data-url=\"http:\/\/www.michael-schumacher.es\/noticias-f1\/2013\/10\/27\/calificacion-gp-de-india-buddh-2013-red-bull\/\" data-text=\"Calificaci\u00f3n GP de India, Buddh 2013. Red Bull\"  >Tweet<\/a><\/li><li class=\"share-email\"><a rel=\"nofollow noopener noreferrer\" data-shared=\"\" class=\"share-email sd-button\" href=\"http:\/\/www.michael-schumacher.es\/noticias-f1\/2013\/10\/27\/calificacion-gp-de-india-buddh-2013-red-bull\/?share=email\" target=\"_blank\" title=\"Haz clic para enviar por correo electr\u00f3nico a un amigo\"><span>Correo electr\u00f3nico<\/span><\/a><\/li><li class=\"share-end\"><\/li><\/ul><\/div><\/div><\/div>","protected":false},"author":3,"featured_media":0,"comment_status":"open","ping_status":"open","sticky":false,"template":"","format":"standard","meta":{"_monsterinsights_skip_tracking":false,"_monsterinsights_sitenote_active":false,"_monsterinsights_sitenote_note":"","_monsterinsights_sitenote_category":0,"spay_email":"","jetpack_publicize_message":"","jetpack_is_tweetstorm":false,"jetpack_publicize_feature_enabled":true},"categories":[68,3],"tags":[373,1743,155,159,17,15,6,8,1103,72,51,71,30,73],"jetpack_featured_media_url":"","jetpack_publicize_connections":[],"jetpack_sharing_enabled":true,"jetpack_shortlink":"https:\/\/wp.me\/p27q3P-3tW","_links":{"self":[{"href":"http:\/\/www.michael-schumacher.es\/noticias-f1\/wp-json\/wp\/v2\/posts\/13388"}],"collection":[{"href":"http:\/\/www.michael-schumacher.es\/noticias-f1\/wp-json\/wp\/v2\/posts"}],"about":[{"href":"http:\/\/www.michael-schumacher.es\/noticias-f1\/wp-json\/wp\/v2\/types\/post"}],"author":[{"embeddable":true,"href":"http:\/\/www.michael-schumacher.es\/noticias-f1\/wp-json\/wp\/v2\/users\/3"}],"replies":[{"embeddable":true,"href":"http:\/\/www.michael-schumacher.es\/noticias-f1\/wp-json\/wp\/v2\/comments?post=13388"}],"version-history":[{"count":0,"href":"http:\/\/www.michael-schumacher.es\/noticias-f1\/wp-json\/wp\/v2\/posts\/13388\/revisions"}],"wp:attachment":[{"href":"http:\/\/www.michael-schumacher.es\/noticias-f1\/wp-json\/wp\/v2\/media?parent=13388"}],"wp:term":[{"taxonomy":"category","embeddable":true,"href":"http:\/\/www.michael-schumacher.es\/noticias-f1\/wp-json\/wp\/v2\/categories?post=13388"},{"taxonomy":"post_tag","embeddable":true,"href":"http:\/\/www.michael-schumacher.es\/noticias-f1\/wp-json\/wp\/v2\/tags?post=13388"}],"curies":[{"name":"wp","href":"https:\/\/api.w.org\/{rel}","templated":true}]}}