{"id":13413,"date":"2013-10-28T00:35:55","date_gmt":"2013-10-27T23:35:55","guid":{"rendered":"http:\/\/www.michael-schumacher.es\/noticias-f1\/?p=13413"},"modified":"2013-10-27T21:42:13","modified_gmt":"2013-10-27T20:42:13","slug":"balance-gp-de-india-buddh-2013-mercedes","status":"publish","type":"post","link":"http:\/\/www.michael-schumacher.es\/noticias-f1\/2013\/10\/28\/balance-gp-de-india-buddh-2013-mercedes\/","title":{"rendered":"Balance GP de India, Buddh 2013. Mercedes"},"content":{"rendered":"<p><a href=\"http:\/\/www.michael-schumacher.es\/noticias-f1\/wp-content\/uploads\/2013\/03\/nico_rosberg-test-2-montmelo-2013.jpg\"><img loading=\"lazy\" class=\"alignleft\" alt=\"nico_rosberg-test-2-montmelo-2013\" src=\"http:\/\/www.michael-schumacher.es\/noticias-f1\/wp-content\/uploads\/2013\/03\/nico_rosberg-test-2-montmelo-2013.jpg\" width=\"200\" height=\"133\" \/><\/a>El equipo Mercedes ha logrado un buen resultado con Nico en el podio, en segunda posici\u00f3n lo que les ha colocado en segunda posici\u00f3n en el campeonato de constructores por delante de Ferrari. Ahora deber\u00e1n seguir sumando puntos en las tres carreras restantes si quieren mantener su puesto en el Campeonato.<\/p>\n<p><!--more--> <!--noteaser--><\/p>\n<p><a href=\"http:\/\/www.michael-schumacher.es\/noticias-f1\/wp-content\/uploads\/2013\/03\/nico_rosberg-test-2-montmelo-2013.jpg\"><img loading=\"lazy\" class=\"aligncenter size-full wp-image-8125\" alt=\"nico_rosberg-test-2-montmelo-2013\" src=\"http:\/\/www.michael-schumacher.es\/noticias-f1\/wp-content\/uploads\/2013\/03\/nico_rosberg-test-2-montmelo-2013.jpg\" width=\"650\" height=\"434\" srcset=\"http:\/\/www.michael-schumacher.es\/noticias-f1\/wp-content\/uploads\/2013\/03\/nico_rosberg-test-2-montmelo-2013.jpg 650w, http:\/\/www.michael-schumacher.es\/noticias-f1\/wp-content\/uploads\/2013\/03\/nico_rosberg-test-2-montmelo-2013-300x200.jpg 300w\" sizes=\"(max-width: 650px) 100vw, 650px\" \/><\/a><\/p>\n<p>&nbsp;<\/p>\n<p>&nbsp;<\/p>\n<p>El equipo Mercedes ha logrado un buen resultado con Nico en el podio, en segunda posici\u00f3n lo que les ha colocado en segunda posici\u00f3n en el campeonato de constructores por delante de Ferrari. Ahora deber\u00e1n seguir sumando puntos en las tres carreras restantes si quieren mantener su puesto en el Campeonato.<\/p>\n<p>&nbsp;<\/p>\n<p>Nico Rosberg termin\u00f3 en segundo lugar hoy sumando muchos puntos para el equipo\u00a0 ya que ten\u00eda un buen ritmo y una puesta a punto correcta, el \u00fanico peque\u00f1o problema fue estar un tiempo detr\u00e1s de Massa.\u00a0 Adem\u00e1s considera que podr\u00e1n mantener la posici\u00f3n con el gran trabajo del equipo. Lewis Hamilton que sal\u00eda tercero, ha finalizado la carrera en el sexto lugar algo frustrado de quedar atrapado detr\u00e1s de Massa y eso destroz\u00f3 sus gomas y aunque no est\u00e1 satisfecho con su resultado espera mejor resultado en las tres \u00faltimas carreras y mantener la posici\u00f3n en el campeonato de constructores.<\/p>\n<p>&nbsp;<\/p>\n<p><strong>Nico Rosberg:<\/strong> <em>\u201cUn gran trabajo de Sebastian hoy y su cuarto t\u00edtulo es bien merecido. Para nuestro equipo, ha sido una carrera muy importante hoy. Hemos marcado un mont\u00f3n de puntos y volvimos a subir al segundo lugar en el Campeonato de Constructores. Estoy bastante seguro de que podemos mantener esa posici\u00f3n hasta el final de la temporada ya que el equipo est\u00e1 haciendo un gran trabajo y el coche se ve bien, pero ser\u00e1 una pelea. Ten\u00eda buen ritmo hoy y realmente he clavado la puesta a punto aqu\u00ed. El equipo ha hecho un trabajo fant\u00e1stico en la estrategia y gracias a los chicos por eso. La \u00fanica cosa que no funcionaba a la perfecci\u00f3n fue cuando ca\u00ed detr\u00e1s de Felipe al principio, ya que no era f\u00e1cil adelantarle en la pista, pero nos las arreglamos para absolverlo en los pits. Nuestro objetivo era ser el mejor este fin de semana y funcion\u00f3 a la perfecci\u00f3n\u201d.<\/em><\/p>\n<p>&nbsp;<\/p>\n<p><strong>\u00a0Lewis Hamilton:<\/strong> <em>\u201cMasivas felicitaciones a Seb al convertirse en campe\u00f3n del mundo cuatro veces hoy. Eso es un logro impresionante y que ha puesto algunas actuaciones incre\u00edbles en esta temporada. Realmente espero que lleguemos a luchar con \u00e9l, el pr\u00f3ximo a\u00f1o! En cuanto a mi carrera de hoy, es muy bueno que nos dio algunos buenos puntos, en particular con el podio de Nico, y que el equipo est\u00e1 de vuelta con el segundo lugar. El coche ha sido bastante bueno este fin de semana, pero la carrera fue frustrante para m\u00ed. He intentado muy duro para adelantar a Felipe, pero simplemente no era posible y por desgracia destru\u00ed mis neum\u00e1ticos en hacerlo. Acabar en sexta posici\u00f3n nunca es satisfactorio pero tenemos otras tres carreras y vamos a seguir empujando. Estoy seguro de que podemos conseguir algunos m\u00e1s buenos resultados para mantener al equipo en el segundo lugar y vamos a seguir luchando para lograr precisamente eso\u201d.<\/em><\/p>\n<p>&nbsp;<\/p>\n<p><strong>Ross Brawn jefe de equipo:<\/strong> <em>\u201cEn primer lugar, quiero felicitar a Sebastian Vettel por ganar su cuarto Campeonato del Mundo. Para ganar m\u00faltiples campeonatos como lo ha hecho, no debe ser s\u00f3lo un conductor, tambi\u00e9n es un miembro del equipo fant\u00e1stico, y que claramente tiene todos los atributos que se requieren. Ahora depende de nosotros detenerlo. Desde la perspectiva del equipo, anotamos un resultado de equipo muy s\u00f3lido en la tarde. Nico disfrut\u00f3 de una muy, muy buena tarde: la estrategia funcion\u00f3 a la perfecci\u00f3n para \u00e9l y \u00e9l hizo todas las pausas adecuadas, lo que le permiti\u00f3 mostrar lo que el coche era capaz de ofrecer. Para Lewis, la p\u00e9rdida de la posici\u00f3n a Massa al principio de la carrera result\u00f3 fundamental. Eso significaba que no fue capaz de construir un hueco en el primer tercio de carrera, porque no pod\u00edamos correr a nuestro ritmo natural, como los dem\u00e1s detr\u00e1s de nosotros pararon, ten\u00edamos que anticipar nuestra primera parada, a pesar de tener un mont\u00f3n de vida en los neum\u00e1ticos. Despu\u00e9s de ese punto, Lewis no ten\u00eda la velocidad punta en recta para pasar a Felipe y aprovechar al m\u00e1ximo el rendimiento del n\u00facleo del coche. Eso, naturalmente, lo dej\u00f3 frustrado, pero no debe eclipsar el buen trabajo que los dos pilotos y los equipos de ingenier\u00eda hicieron este fin de semana. Reunimos un buen bot\u00edn de puntos hoy y tenemos que seguir haci\u00e9ndolo en las carreras restantes\u201d.<\/em><\/p>\n<p>&nbsp;<\/p>\n<p><strong>Toto Wolff director ejecutivo:<\/strong> <em>\u201cFelicidades a Sebastian Vettel en su cuarto Campeonato del Mundo consecutivo. \u00c9l ha hecho un trabajo perfecto desde el receso de verano y este es un t\u00edtulo muy merecido. Para nuestro equipo Mercedes, Nico hizo una muy buena conducci\u00f3n hoy. Mostr\u00f3 ritmo cuando m\u00e1s importaba y logr\u00f3 la carrera cuando contaba. Fue muy bueno verlo de nuevo en el podio. Lewis estaba comprometido en la primera vuelta y no ten\u00eda la velocidad m\u00e1xima para pasar Massa en la pista hoy. Est\u00e1 claro que cuando se est\u00e1 siguiendo un coche tan de cerca por tantas vueltas, no ayuda a la degradaci\u00f3n de los neum\u00e1ticos y por ese motivo se qued\u00f3 sin neum\u00e1ticos en las \u00faltimas vueltas. Teniendo todo esto en cuenta, P6 sigue siendo un buen resultado y aport\u00f3 puntos valiosos. Hemos tenido una buena tarde en comparaci\u00f3n con nuestros rivales directos hoy, pero todav\u00eda queda un largo camino por recorrer hasta que podamos decir misi\u00f3n cumplida. No hay complacencia y nuestro objetivo ser\u00e1 entregar otros tres fines de semana fuertes de la temporada\u201d.<\/em><\/p>\n<p>&nbsp;<\/p>\n<p>&nbsp;<\/p>\n<div class=\"sharedaddy sd-sharing-enabled\"><div class=\"robots-nocontent sd-block sd-social sd-social-official sd-sharing\"><h3 class=\"sd-title\">Opciones Sociales:<\/h3><div class=\"sd-content\"><ul><li class=\"share-facebook\"><div class=\"fb-share-button\" data-href=\"http:\/\/www.michael-schumacher.es\/noticias-f1\/2013\/10\/28\/balance-gp-de-india-buddh-2013-mercedes\/\" data-layout=\"button_count\"><\/div><\/li><li class=\"share-twitter\"><a href=\"https:\/\/twitter.com\/share\" class=\"twitter-share-button\" data-url=\"http:\/\/www.michael-schumacher.es\/noticias-f1\/2013\/10\/28\/balance-gp-de-india-buddh-2013-mercedes\/\" data-text=\"Balance GP de India, Buddh 2013. Mercedes\"  >Tweet<\/a><\/li><li class=\"share-email\"><a rel=\"nofollow noopener noreferrer\" data-shared=\"\" class=\"share-email sd-button\" href=\"http:\/\/www.michael-schumacher.es\/noticias-f1\/2013\/10\/28\/balance-gp-de-india-buddh-2013-mercedes\/?share=email\" target=\"_blank\" title=\"Haz clic para enviar por correo electr\u00f3nico a un amigo\"><span>Correo electr\u00f3nico<\/span><\/a><\/li><li class=\"share-end\"><\/li><\/ul><\/div><\/div><\/div>","protected":false},"excerpt":{"rendered":"<p>El equipo Mercedes ha logrado un buen resultado con Nico en el podio, en segunda posici\u00f3n lo que les ha colocado en segunda posici\u00f3n en el campeonato de constructores por delante de Ferrari. Ahora deber\u00e1n seguir sumando puntos en las tres carreras restantes si quieren mantener su puesto en el Campeonato.<\/p>\n<div class=\"sharedaddy sd-sharing-enabled\"><div class=\"robots-nocontent sd-block sd-social sd-social-official sd-sharing\"><h3 class=\"sd-title\">Opciones Sociales:<\/h3><div class=\"sd-content\"><ul><li class=\"share-facebook\"><div class=\"fb-share-button\" data-href=\"http:\/\/www.michael-schumacher.es\/noticias-f1\/2013\/10\/28\/balance-gp-de-india-buddh-2013-mercedes\/\" data-layout=\"button_count\"><\/div><\/li><li class=\"share-twitter\"><a href=\"https:\/\/twitter.com\/share\" class=\"twitter-share-button\" data-url=\"http:\/\/www.michael-schumacher.es\/noticias-f1\/2013\/10\/28\/balance-gp-de-india-buddh-2013-mercedes\/\" data-text=\"Balance GP de India, Buddh 2013. Mercedes\"  >Tweet<\/a><\/li><li class=\"share-email\"><a rel=\"nofollow noopener noreferrer\" data-shared=\"\" class=\"share-email sd-button\" href=\"http:\/\/www.michael-schumacher.es\/noticias-f1\/2013\/10\/28\/balance-gp-de-india-buddh-2013-mercedes\/?share=email\" target=\"_blank\" title=\"Haz clic para enviar por correo electr\u00f3nico a un amigo\"><span>Correo electr\u00f3nico<\/span><\/a><\/li><li class=\"share-end\"><\/li><\/ul><\/div><\/div><\/div>","protected":false},"author":3,"featured_media":0,"comment_status":"open","ping_status":"open","sticky":false,"template":"","format":"standard","meta":{"_monsterinsights_skip_tracking":false,"_monsterinsights_sitenote_active":false,"_monsterinsights_sitenote_note":"","_monsterinsights_sitenote_category":0,"spay_email":"","jetpack_publicize_message":"","jetpack_is_tweetstorm":false,"jetpack_publicize_feature_enabled":true},"categories":[4,3],"tags":[373,401,64,1381,1743,17,15,6,8,11,1103,10,304,1400,259,1380,616,617],"jetpack_featured_media_url":"","jetpack_publicize_connections":[],"jetpack_sharing_enabled":true,"jetpack_shortlink":"https:\/\/wp.me\/p27q3P-3ul","_links":{"self":[{"href":"http:\/\/www.michael-schumacher.es\/noticias-f1\/wp-json\/wp\/v2\/posts\/13413"}],"collection":[{"href":"http:\/\/www.michael-schumacher.es\/noticias-f1\/wp-json\/wp\/v2\/posts"}],"about":[{"href":"http:\/\/www.michael-schumacher.es\/noticias-f1\/wp-json\/wp\/v2\/types\/post"}],"author":[{"embeddable":true,"href":"http:\/\/www.michael-schumacher.es\/noticias-f1\/wp-json\/wp\/v2\/users\/3"}],"replies":[{"embeddable":true,"href":"http:\/\/www.michael-schumacher.es\/noticias-f1\/wp-json\/wp\/v2\/comments?post=13413"}],"version-history":[{"count":0,"href":"http:\/\/www.michael-schumacher.es\/noticias-f1\/wp-json\/wp\/v2\/posts\/13413\/revisions"}],"wp:attachment":[{"href":"http:\/\/www.michael-schumacher.es\/noticias-f1\/wp-json\/wp\/v2\/media?parent=13413"}],"wp:term":[{"taxonomy":"category","embeddable":true,"href":"http:\/\/www.michael-schumacher.es\/noticias-f1\/wp-json\/wp\/v2\/categories?post=13413"},{"taxonomy":"post_tag","embeddable":true,"href":"http:\/\/www.michael-schumacher.es\/noticias-f1\/wp-json\/wp\/v2\/tags?post=13413"}],"curies":[{"name":"wp","href":"https:\/\/api.w.org\/{rel}","templated":true}]}}