{"id":13422,"date":"2013-10-28T02:15:44","date_gmt":"2013-10-28T01:15:44","guid":{"rendered":"http:\/\/www.michael-schumacher.es\/noticias-f1\/?p=13422"},"modified":"2013-10-27T22:19:34","modified_gmt":"2013-10-27T21:19:34","slug":"balance-gp-de-india-buddh-2013-force-india","status":"publish","type":"post","link":"http:\/\/www.michael-schumacher.es\/noticias-f1\/2013\/10\/28\/balance-gp-de-india-buddh-2013-force-india\/","title":{"rendered":"Balance GP de India, Buddh 2013. Force India"},"content":{"rendered":"<p><a href=\"http:\/\/www.michael-schumacher.es\/noticias-f1\/wp-content\/uploads\/2012\/11\/sahara-force-india-vijay-mallya.jpg\"><img loading=\"lazy\" class=\"alignleft\" alt=\"Vijay Mallya  sahara  force india \" src=\"http:\/\/www.michael-schumacher.es\/noticias-f1\/wp-content\/uploads\/2012\/11\/sahara-force-india-vijay-mallya.jpg\" width=\"200\" height=\"147\" \/><\/a>El equipo Force India est\u00e1 encantado de haber logrado su objetivo y terminar la carrera en casa con sus dos pilotos entre los diez mejores y sumando seis importantes puntos para el equipo. Ya que refuerzan su posici\u00f3n en el Campeonato de Constructores.\u00a0 Ahora miran a Abu Dhabi con el objetivo de mantener este impulso positivo.<\/p>\n<p><!--more--> <!--noteaser--><\/p>\n<p><a href=\"http:\/\/www.michael-schumacher.es\/noticias-f1\/wp-content\/uploads\/2012\/11\/sahara-force-india-vijay-mallya.jpg\"><img loading=\"lazy\" class=\"aligncenter size-full wp-image-6250\" alt=\"Vijay Mallya  sahara  force india \" src=\"http:\/\/www.michael-schumacher.es\/noticias-f1\/wp-content\/uploads\/2012\/11\/sahara-force-india-vijay-mallya.jpg\" width=\"650\" height=\"480\" srcset=\"http:\/\/www.michael-schumacher.es\/noticias-f1\/wp-content\/uploads\/2012\/11\/sahara-force-india-vijay-mallya.jpg 650w, http:\/\/www.michael-schumacher.es\/noticias-f1\/wp-content\/uploads\/2012\/11\/sahara-force-india-vijay-mallya-300x221.jpg 300w\" sizes=\"(max-width: 650px) 100vw, 650px\" \/><\/a><\/p>\n<p>&nbsp;<\/p>\n<p>&nbsp;<\/p>\n<p>El equipo Force India est\u00e1 encantado de haber logrado su objetivo y terminar la carrera en casa con sus dos pilotos entre los diez mejores y sumando seis importantes puntos para el equipo. Ya que refuerzan su posici\u00f3n en el Campeonato de Constructores.\u00a0 Ahora miran a Abu Dhabi con el objetivo de mantener este impulso positivo.<\/p>\n<p>&nbsp;<\/p>\n<p>Paul Di Resta ha finalizado la carrera en octava posici\u00f3n, muy contento de conseguir puntos en la carrera de casa, y satisfecho de que su estrategia agresiva ha funcionado bien y tambi\u00e9n de que el coche ha mejorado por lo que es optimista para la pr\u00f3xima carrera. Adri\u00e1n Sutil tambi\u00e9n est\u00e1 satisfecho de haber logrado el objetivo de sumar puntos, ya que ha terminado la carrera en novena posici\u00f3n, con una arriesgada estrategia por lo que tras unas carreras dif\u00edciles hoy considera que han demostrado un buen trabajo de equipo.<\/p>\n<p>&nbsp;<\/p>\n<p><strong>Paul Di Resta:<\/strong> <em>\u201cEs muy bueno ganar puntos aqu\u00ed en la India, el Gran Premio de casa del equipo y una carrera muy importante para nosotros. Tomamos una estrategia agresiva al parar al final de la primera vuelta para cambiar de neum\u00e1ticos blandos a medio \u2013 lo que siempre fue el plan. Despu\u00e9s de que efectivamente dividimos la carrera en dos y pare de nuevo para mi segundo juego de neum\u00e1ticos medios en la vuelta 30. El otro aspecto positivo es que hemos mejorado de manera constante el coche durante las \u00faltimas semanas y me siento m\u00e1s c\u00f3modo, as\u00ed que creo que podemos ser optimistas de rendir a un nivel similar en Abu Dhabi la semana que viene\u201d.<\/em><\/p>\n<p>&nbsp;<\/p>\n<p><strong>Adrian Sutil:<\/strong> <em>\u201cEl objetivo era sumar puntos as\u00ed que octavo y noveno lugares son un gran resultado para nosotros hoy. Mi estrategia de una sola parada fue el enfoque m\u00e1s arriesgado y durante la carrera hemos decidido seguir adelante con ella. Los neum\u00e1ticos medios, en los\u00a0 que empec\u00e9, se estaban llevando a cabo muy bien y me di cuenta que hacer una carrera de una sola parada era posible. Pensamos que los neum\u00e1ticos blandos s\u00f3lo durar\u00edan alrededor de cinco vueltas, as\u00ed que me asegur\u00e9 de realmente cuidar de ellos, y al final me las arregl\u00e9 un poco menos de veinte vueltas. Despu\u00e9s de algunas carreras dif\u00edciles recientemente, hemos demostrado a todo el mundo lo que podemos lograr con un gran trabajo de equipo hoy\u201d.<\/em><\/p>\n<p>&nbsp;<\/p>\n<p><strong>Dr. Vijay Mallya, director del equipo y Director General:<\/strong> <em>\u201cComo todo el mundo en el equipo que estoy encantado de ver ambos Sahara Force Indias sumando puntos en nuestra carrera de casa. Esa es la meta que nos propusimos antes del fin de semana y los seis puntos obtenidos son muy importantes para el fortalecimiento de nuestra posici\u00f3n en el Campeonato de Constructores. La segunda mitad de la temporada ha sido un reto para nosotros, pero nos mostr\u00f3 hoy que nunca nos damos por vencidos y que todo el reciente trabajo duro ha dado sus frutos. Quiero felicitar a los ingenieros para hacer las decisiones correctas con la estrategia, los pilotos con sus buenas actuaciones, y la mec\u00e1nica de las paradas en boxes consistentemente r\u00e1pidas. Con s\u00f3lo tres carreras esta temporada, hay mucho en juego y vamos a ir a Abu Dhabi decididos a mantener este impulso\u201d.<\/em><\/p>\n<p>&nbsp;<\/p>\n<p>&nbsp;<\/p>\n<div class=\"sharedaddy sd-sharing-enabled\"><div class=\"robots-nocontent sd-block sd-social sd-social-official sd-sharing\"><h3 class=\"sd-title\">Opciones Sociales:<\/h3><div class=\"sd-content\"><ul><li class=\"share-facebook\"><div class=\"fb-share-button\" data-href=\"http:\/\/www.michael-schumacher.es\/noticias-f1\/2013\/10\/28\/balance-gp-de-india-buddh-2013-force-india\/\" data-layout=\"button_count\"><\/div><\/li><li class=\"share-twitter\"><a href=\"https:\/\/twitter.com\/share\" class=\"twitter-share-button\" data-url=\"http:\/\/www.michael-schumacher.es\/noticias-f1\/2013\/10\/28\/balance-gp-de-india-buddh-2013-force-india\/\" data-text=\"Balance GP de India, Buddh 2013. Force India\"  >Tweet<\/a><\/li><li class=\"share-email\"><a rel=\"nofollow noopener noreferrer\" data-shared=\"\" class=\"share-email sd-button\" href=\"http:\/\/www.michael-schumacher.es\/noticias-f1\/2013\/10\/28\/balance-gp-de-india-buddh-2013-force-india\/?share=email\" target=\"_blank\" title=\"Haz clic para enviar por correo electr\u00f3nico a un amigo\"><span>Correo electr\u00f3nico<\/span><\/a><\/li><li class=\"share-end\"><\/li><\/ul><\/div><\/div><\/div>","protected":false},"excerpt":{"rendered":"<p>El equipo Force India est\u00e1 encantado de haber logrado su objetivo y terminar la carrera en casa con sus dos pilotos entre los diez mejores y sumando seis importantes puntos para el equipo. Ya que refuerzan su posici\u00f3n en el Campeonato de Constructores.\u00a0 Ahora miran a Abu Dhabi con el objetivo de mantener este impulso [&hellip;]<\/p>\n<div class=\"sharedaddy sd-sharing-enabled\"><div class=\"robots-nocontent sd-block sd-social sd-social-official sd-sharing\"><h3 class=\"sd-title\">Opciones Sociales:<\/h3><div class=\"sd-content\"><ul><li class=\"share-facebook\"><div class=\"fb-share-button\" data-href=\"http:\/\/www.michael-schumacher.es\/noticias-f1\/2013\/10\/28\/balance-gp-de-india-buddh-2013-force-india\/\" data-layout=\"button_count\"><\/div><\/li><li class=\"share-twitter\"><a href=\"https:\/\/twitter.com\/share\" class=\"twitter-share-button\" data-url=\"http:\/\/www.michael-schumacher.es\/noticias-f1\/2013\/10\/28\/balance-gp-de-india-buddh-2013-force-india\/\" data-text=\"Balance GP de India, Buddh 2013. Force India\"  >Tweet<\/a><\/li><li class=\"share-email\"><a rel=\"nofollow noopener noreferrer\" data-shared=\"\" class=\"share-email sd-button\" href=\"http:\/\/www.michael-schumacher.es\/noticias-f1\/2013\/10\/28\/balance-gp-de-india-buddh-2013-force-india\/?share=email\" target=\"_blank\" title=\"Haz clic para enviar por correo electr\u00f3nico a un amigo\"><span>Correo electr\u00f3nico<\/span><\/a><\/li><li class=\"share-end\"><\/li><\/ul><\/div><\/div><\/div>","protected":false},"author":3,"featured_media":0,"comment_status":"open","ping_status":"open","sticky":false,"template":"","format":"standard","meta":{"_monsterinsights_skip_tracking":false,"_monsterinsights_sitenote_active":false,"_monsterinsights_sitenote_note":"","_monsterinsights_sitenote_category":0,"spay_email":"","jetpack_publicize_message":"","jetpack_is_tweetstorm":false,"jetpack_publicize_feature_enabled":true},"categories":[4,3],"tags":[373,732,401,64,1743,110,17,126,15,6,8,1103,109,733,113],"jetpack_featured_media_url":"","jetpack_publicize_connections":[],"jetpack_sharing_enabled":true,"jetpack_shortlink":"https:\/\/wp.me\/p27q3P-3uu","_links":{"self":[{"href":"http:\/\/www.michael-schumacher.es\/noticias-f1\/wp-json\/wp\/v2\/posts\/13422"}],"collection":[{"href":"http:\/\/www.michael-schumacher.es\/noticias-f1\/wp-json\/wp\/v2\/posts"}],"about":[{"href":"http:\/\/www.michael-schumacher.es\/noticias-f1\/wp-json\/wp\/v2\/types\/post"}],"author":[{"embeddable":true,"href":"http:\/\/www.michael-schumacher.es\/noticias-f1\/wp-json\/wp\/v2\/users\/3"}],"replies":[{"embeddable":true,"href":"http:\/\/www.michael-schumacher.es\/noticias-f1\/wp-json\/wp\/v2\/comments?post=13422"}],"version-history":[{"count":0,"href":"http:\/\/www.michael-schumacher.es\/noticias-f1\/wp-json\/wp\/v2\/posts\/13422\/revisions"}],"wp:attachment":[{"href":"http:\/\/www.michael-schumacher.es\/noticias-f1\/wp-json\/wp\/v2\/media?parent=13422"}],"wp:term":[{"taxonomy":"category","embeddable":true,"href":"http:\/\/www.michael-schumacher.es\/noticias-f1\/wp-json\/wp\/v2\/categories?post=13422"},{"taxonomy":"post_tag","embeddable":true,"href":"http:\/\/www.michael-schumacher.es\/noticias-f1\/wp-json\/wp\/v2\/tags?post=13422"}],"curies":[{"name":"wp","href":"https:\/\/api.w.org\/{rel}","templated":true}]}}