{"id":13441,"date":"2013-10-29T05:08:35","date_gmt":"2013-10-29T04:08:35","guid":{"rendered":"http:\/\/www.michael-schumacher.es\/noticias-f1\/?p=13441"},"modified":"2013-10-29T02:31:00","modified_gmt":"2013-10-29T01:31:00","slug":"lotus-se-disculpa-por-el-intercambio-de-frases-permane-raikkonen","status":"publish","type":"post","link":"http:\/\/www.michael-schumacher.es\/noticias-f1\/2013\/10\/29\/lotus-se-disculpa-por-el-intercambio-de-frases-permane-raikkonen\/","title":{"rendered":"Lotus se disculpa por el intercambio de frases Permane &#8211; Raikkonen"},"content":{"rendered":"<p><a href=\"http:\/\/www.michael-schumacher.es\/noticias-f1\/wp-content\/uploads\/2012\/09\/eric-boullier-kimi-raikkonen-romain-grosjean.jpg\"><img loading=\"lazy\" class=\"alignleft\" alt=\"Eric Boullier - Kimi Raikkonen - Romain Grosjean \" src=\"http:\/\/www.michael-schumacher.es\/noticias-f1\/wp-content\/uploads\/2012\/09\/eric-boullier-kimi-raikkonen-romain-grosjean.jpg\" width=\"200\" height=\"146\" \/><\/a>El Gran Premio de India de ayer estuvo marcado como es natural por la proclamaci\u00f3n de Sebastian Vettel como tetracampe\u00f3n de F1, pero sin duda ocurrieron mas cosas y una de las mas pol\u00e9micas fue en Lotus, un equipo donde reinaba el buen rollo y las excentricidades de Raikkonen eran aceptadas y secundadas de buena gana, como buena prueba de que el equipo ha apoyado intensamente a su pilotos, ahora parece que la armon\u00eda se est\u00e1 acabando entre Kimi Raikkonen y el equipo.<\/p>\n<p><!--more--> <!--noteaser--><\/p>\n<p><a href=\"http:\/\/www.michael-schumacher.es\/noticias-f1\/wp-content\/uploads\/2012\/09\/eric-boullier-kimi-raikkonen-romain-grosjean.jpg\"><img loading=\"lazy\" class=\"aligncenter size-full wp-image-3676\" alt=\"Eric Boullier - Kimi Raikkonen - Romain Grosjean \" src=\"http:\/\/www.michael-schumacher.es\/noticias-f1\/wp-content\/uploads\/2012\/09\/eric-boullier-kimi-raikkonen-romain-grosjean.jpg\" width=\"600\" height=\"440\" srcset=\"http:\/\/www.michael-schumacher.es\/noticias-f1\/wp-content\/uploads\/2012\/09\/eric-boullier-kimi-raikkonen-romain-grosjean.jpg 600w, http:\/\/www.michael-schumacher.es\/noticias-f1\/wp-content\/uploads\/2012\/09\/eric-boullier-kimi-raikkonen-romain-grosjean-300x220.jpg 300w\" sizes=\"(max-width: 600px) 100vw, 600px\" \/><\/a><\/p>\n<p>&nbsp;<\/p>\n<p>&nbsp;<\/p>\n<p>El Gran Premio de India de ayer estuvo marcado como es natural por la proclamaci\u00f3n de Sebastian Vettel como tetracampe\u00f3n de F1, pero sin duda ocurrieron mas cosas y una de las mas pol\u00e9micas fue en Lotus, un equipo donde reinaba el buen rollo y las excentricidades de Raikkonen eran aceptadas y secundadas de buena gana, como buena prueba de que el equipo ha apoyado intensamente a su pilotos, ahora parece que la armon\u00eda se est\u00e1 acabando entre Kimi Raikkonen y el equipo.<\/p>\n<p>&nbsp;<\/p>\n<p>Ayer sin duda el comportamiento de Raikkonen super\u00f3 el buen \u00e1nimo y capacidad de comprensi\u00f3n de Lotus, ya que a dos vueltas de final de la carrera Romain Grosjean, con una espectacular remontada partiendo de la decimos\u00e9ptima posici\u00f3n, alcanz\u00f3 a\u00a0 Kimi Raikkonen, su compa\u00f1ero de equipo, llegaba con un ritmo fuerte y neum\u00e1ticos m\u00e1s nuevos que su compa\u00f1ero, evidentemente intent\u00f3 adelantarle ya que Kimi ten\u00eda neum\u00e1ticos desgastados y perd\u00eda velocidad, sin embargo Kimi se defendi\u00f3 agresivamente, obligando a Grosjean a salirse de la pista en la curva cuatro, arriesgando en dicha maniobra a ambos coches y muchos puntos para el equipo.<\/p>\n<p>&nbsp;<\/p>\n<p>Romain Grosjean se quej\u00f3 por radio de dicha maniobra diciendo: <strong>\u201c\u00a1Est\u00e1 loco!\u201d.<\/strong> Esta maniobra que hac\u00eda peligrar a ambos coches es evidente que no gusto a Alan Permane, director de operaciones de pista de Lotus, quien dijo por la radio a Raikkonen : <strong>\u201c\u00a1Kimi, get out of the fucking way!\u201d<\/strong>&#8211; \u201cKimi, ap\u00e1rtate del puto camino\u201d A lo que Kimi Raikkonen en el mismo tono amistoso y rebosante de amabilidad contest\u00f3:<strong> \u201cDon&#8217;t fucking shout at me.\u201d<\/strong> \u2013 \u201cNo me grites joder\u201d<\/p>\n<p>&nbsp;<\/p>\n<p>El d\u00eda despu\u00e9s y con los \u00e1nimos m\u00e1s calmados Eric Boullier el jefe del equipo Lotus, aunque obviamente est\u00e1 descontento con la maniobra de Kimi Raikkonen, quita hierro al asunto y dice que hablar\u00e1 con sus pilotos e incluso de ha disculpado por el lenguaje utilizado por Permane y Raikkonen.<\/p>\n<p>&nbsp;<\/p>\n<p>Eric Boullier, aunque entiende que Raikkonen es un competidor, pero reprocha que no ayude al equipo, cuando \u00e9l estaba sin neum\u00e1ticos:<strong> \u201cKimi es un competidor, luchar\u00e1 siempre contra todo el mundo. Puedo comprenderlo, pero cuando tus neum\u00e1ticos se te acaban y eres dos segundos m\u00e1s lento, y se aproxima tu compa\u00f1ero, no has de crear ning\u00fan drama, no tienes que impedir que el otro sume puntos para el equipo, sino asegurarte de que los dos coches est\u00e9n arriba en la clasificaci\u00f3n\u201d.<\/strong><\/p>\n<p>&nbsp;<\/p>\n<p>Aunque Boullier confirma que sus pilotos tienen libertad para luchar , no esta contento cuando luchando entre ellos un coche se sale de pista:<strong> \u201cEllos tienen libertad para luchar, pero es verdad que esper\u00e1bamos una maniobra m\u00e1s simple. Nunca puedes estar contento cuando tus coches luchan y se salen de la pista, as\u00ed que te aseguras de que luchen por los intereses del equipo. Hablar\u00e9 con los dos en Abu Dhabi. Es cierto que trabajamos para que estos chicos puedan rendir, pero hay un equipo que tener en mente.\u201d<\/strong><\/p>\n<p>&nbsp;<\/p>\n<p>Pese a no estar contento con la maniobra Boullier se ha disculpado por el lenguaje no apropiado utilizado: <strong>\u201cA posteriori, ese mensaje de radio pod\u00eda haber sido enviado de una manera menos emocional. Hubo mucha tensi\u00f3n, muchos problemas t\u00e9cnicos y algunas de las palabras que se dijeron, simplemente no fueron apropiadas. S\u00e9 que algunos se sorprendieron y s\u00f3lo puedo disculparme por ello en nombre del equipo. No volver\u00e1 a ocurrir\u201d.<\/strong><\/p>\n<p>&nbsp;<\/p>\n<p>&nbsp;<\/p>\n<div class=\"sharedaddy sd-sharing-enabled\"><div class=\"robots-nocontent sd-block sd-social sd-social-official sd-sharing\"><h3 class=\"sd-title\">Opciones Sociales:<\/h3><div class=\"sd-content\"><ul><li class=\"share-facebook\"><div class=\"fb-share-button\" data-href=\"http:\/\/www.michael-schumacher.es\/noticias-f1\/2013\/10\/29\/lotus-se-disculpa-por-el-intercambio-de-frases-permane-raikkonen\/\" data-layout=\"button_count\"><\/div><\/li><li class=\"share-twitter\"><a href=\"https:\/\/twitter.com\/share\" class=\"twitter-share-button\" data-url=\"http:\/\/www.michael-schumacher.es\/noticias-f1\/2013\/10\/29\/lotus-se-disculpa-por-el-intercambio-de-frases-permane-raikkonen\/\" data-text=\"Lotus se disculpa por el intercambio de frases Permane - Raikkonen\"  >Tweet<\/a><\/li><li class=\"share-email\"><a rel=\"nofollow noopener noreferrer\" data-shared=\"\" class=\"share-email sd-button\" href=\"http:\/\/www.michael-schumacher.es\/noticias-f1\/2013\/10\/29\/lotus-se-disculpa-por-el-intercambio-de-frases-permane-raikkonen\/?share=email\" target=\"_blank\" title=\"Haz clic para enviar por correo electr\u00f3nico a un amigo\"><span>Correo electr\u00f3nico<\/span><\/a><\/li><li class=\"share-end\"><\/li><\/ul><\/div><\/div><\/div>","protected":false},"excerpt":{"rendered":"<p>El Gran Premio de India de ayer estuvo marcado como es natural por la proclamaci\u00f3n de Sebastian Vettel como tetracampe\u00f3n de F1, pero sin duda ocurrieron mas cosas y una de las mas pol\u00e9micas fue en Lotus, un equipo donde reinaba el buen rollo y las excentricidades de Raikkonen eran aceptadas y secundadas de buena [&hellip;]<\/p>\n<div class=\"sharedaddy sd-sharing-enabled\"><div class=\"robots-nocontent sd-block sd-social sd-social-official sd-sharing\"><h3 class=\"sd-title\">Opciones Sociales:<\/h3><div class=\"sd-content\"><ul><li class=\"share-facebook\"><div class=\"fb-share-button\" data-href=\"http:\/\/www.michael-schumacher.es\/noticias-f1\/2013\/10\/29\/lotus-se-disculpa-por-el-intercambio-de-frases-permane-raikkonen\/\" data-layout=\"button_count\"><\/div><\/li><li class=\"share-twitter\"><a href=\"https:\/\/twitter.com\/share\" class=\"twitter-share-button\" data-url=\"http:\/\/www.michael-schumacher.es\/noticias-f1\/2013\/10\/29\/lotus-se-disculpa-por-el-intercambio-de-frases-permane-raikkonen\/\" data-text=\"Lotus se disculpa por el intercambio de frases Permane - Raikkonen\"  >Tweet<\/a><\/li><li class=\"share-email\"><a rel=\"nofollow noopener noreferrer\" data-shared=\"\" class=\"share-email sd-button\" href=\"http:\/\/www.michael-schumacher.es\/noticias-f1\/2013\/10\/29\/lotus-se-disculpa-por-el-intercambio-de-frases-permane-raikkonen\/?share=email\" target=\"_blank\" title=\"Haz clic para enviar por correo electr\u00f3nico a un amigo\"><span>Correo electr\u00f3nico<\/span><\/a><\/li><li class=\"share-end\"><\/li><\/ul><\/div><\/div><\/div>","protected":false},"author":3,"featured_media":0,"comment_status":"open","ping_status":"open","sticky":false,"template":"","format":"standard","meta":{"_monsterinsights_skip_tracking":false,"_monsterinsights_sitenote_active":false,"_monsterinsights_sitenote_note":"","_monsterinsights_sitenote_category":0,"spay_email":"","jetpack_publicize_message":"","jetpack_is_tweetstorm":false,"jetpack_publicize_feature_enabled":true},"categories":[3],"tags":[373,325,3044,1743,224,381,17,15,6,8,83,1103,81,26,3057,4129,1885,24,82,238,1620],"jetpack_featured_media_url":"","jetpack_publicize_connections":[],"jetpack_sharing_enabled":true,"jetpack_shortlink":"https:\/\/wp.me\/p27q3P-3uN","_links":{"self":[{"href":"http:\/\/www.michael-schumacher.es\/noticias-f1\/wp-json\/wp\/v2\/posts\/13441"}],"collection":[{"href":"http:\/\/www.michael-schumacher.es\/noticias-f1\/wp-json\/wp\/v2\/posts"}],"about":[{"href":"http:\/\/www.michael-schumacher.es\/noticias-f1\/wp-json\/wp\/v2\/types\/post"}],"author":[{"embeddable":true,"href":"http:\/\/www.michael-schumacher.es\/noticias-f1\/wp-json\/wp\/v2\/users\/3"}],"replies":[{"embeddable":true,"href":"http:\/\/www.michael-schumacher.es\/noticias-f1\/wp-json\/wp\/v2\/comments?post=13441"}],"version-history":[{"count":0,"href":"http:\/\/www.michael-schumacher.es\/noticias-f1\/wp-json\/wp\/v2\/posts\/13441\/revisions"}],"wp:attachment":[{"href":"http:\/\/www.michael-schumacher.es\/noticias-f1\/wp-json\/wp\/v2\/media?parent=13441"}],"wp:term":[{"taxonomy":"category","embeddable":true,"href":"http:\/\/www.michael-schumacher.es\/noticias-f1\/wp-json\/wp\/v2\/categories?post=13441"},{"taxonomy":"post_tag","embeddable":true,"href":"http:\/\/www.michael-schumacher.es\/noticias-f1\/wp-json\/wp\/v2\/tags?post=13441"}],"curies":[{"name":"wp","href":"https:\/\/api.w.org\/{rel}","templated":true}]}}