{"id":1347,"date":"2012-06-09T10:36:28","date_gmt":"2012-06-09T08:36:28","guid":{"rendered":"http:\/\/www.michael-schumacher.es\/noticias-f1\/?p=1347"},"modified":"2012-06-09T10:36:28","modified_gmt":"2012-06-09T08:36:28","slug":"entrenamientos-gp-de-canada-montreal-2012-toro-rosso","status":"publish","type":"post","link":"http:\/\/www.michael-schumacher.es\/noticias-f1\/2012\/06\/09\/entrenamientos-gp-de-canada-montreal-2012-toro-rosso\/","title":{"rendered":"Entrenamientos GP de Canad\u00e1, Montr\u00e9al 2012. Toro rosso"},"content":{"rendered":"<p><img loading=\"lazy\" class=\"alignleft\" title=\"Toro Rosso\" src=\"http:\/\/img.michael-schumacher.es\/noticias-f1\/toro-rosso\/toro-rosso-1-mini.jpg\" alt=\"Toro Rosso\" width=\"202\" height=\"100\" \/>Han trabajado sin problemas pero, muy duro el dia de hoy para aclimatarse al circuito semi urbano de Canada, el equipo tiene todav\u00eda mucho trabajo pendiente, para conseguir ser competitivos ma\u00f1ana.<\/p>\n<p><strong><!--more--> <!--noteaser--><img loading=\"lazy\" class=\"aligncenter\" title=\"Toro Rosso\" src=\"http:\/\/img.michael-schumacher.es\/noticias-f1\/toro-rosso\/toro-rosso-1.jpg\" alt=\"Toro Rosso\" width=\"605\" height=\"300\" \/><br \/>\n<\/strong><\/p>\n<p>Han trabajado sin problemas pero, muy duro el dia de hoy para aclimatarse al circuito semi urbano de Canada, el equipo tiene todav\u00eda mucho trabajo pendiente, para conseguir ser competitivos ma\u00f1ana.<\/p>\n<p><strong>\u00a0<\/strong><\/p>\n<p><strong>Jean-Eric Vergne :<\/strong> \u00abEl d\u00eda transcurri\u00f3 sin problemas, ya que aunque hubo un par de banderas rojas y unas pocas gotas de lluvia, hemos conseguido a trav\u00e9s de todos nuestros programas, completando un buen n\u00famero de vueltas. Sin embargo, actualmente, estamos un poco demasiado lentos y debemos trabajar duro durante toda la noche para encontrar un poco de velocidad de los datos. En las tandas largas con m\u00e1s combustible, que se ve mejor que las cortas. En cuanto a la pista, disfrut\u00e9 de mi primera vez que conduzco en \u00e9l y es ciertamente dif\u00edcil y emocionante. \u00bb<\/p>\n<p>&nbsp;<\/p>\n<p><strong>Daniel Ricciardo :<\/strong> \u00abEjecutamos el programa habitual de los viernes, con la excepci\u00f3n de que tuvimos algunas piezas nuevas para probar, dirigido espec\u00edficamente a esta pista de las alas que necesita los niveles m\u00e1s bajos de carga aerodin\u00e1mica, que en lo que va de temporada. Aparte de eso, por lo que hemos evaluado algunos cambios respecto a los tubos de escape. Fue un d\u00eda productivo y tuvimos la suerte de escapar de la lluvia, que lleg\u00f3 justo al final de la FP2. Eso es una buena cosa, debido a que el pron\u00f3stico es de clima seco a partir de ahora. El coche corri\u00f3 sin problemas, as\u00ed que fue capaz de completar un mont\u00f3n de vueltas. Podemos mejorar el equilibrio, pero hemos empezado con el pie derecho, ya que, incluso en una pista sucia esta ma\u00f1ana el coche se sent\u00eda bastante bueno y el equilibrio en t\u00e9rminos de frenado estaba bien. Espero que el de ma\u00f1ana ser\u00e1 m\u00e1s representativo de nuestro ritmo real. Con suerte, podemos calificar bien y tener un buen fin de semana. \u00bb<\/p>\n<p>&nbsp;<\/p>\n<p><strong>Laurent Mekies Ingeniero Jefe:<\/strong> \u00a0\u00abUn muy ocupado viernes para nosotros con un buen mont\u00f3n de piezas nuevas. Algunos fueron vinculados para Canad\u00e1 y la naturaleza espec\u00edfica de la pista, que es la m\u00e1s baja carga aerodin\u00e1mica hemos llegado en lo que va del a\u00f1o, por lo que ten\u00edamos nuevo frente y las alas traseras para lidiar con eso. En la parte superior, como parte de nuestro programa de desarrollo en curso hemos tenido algunos cambios significativos en Sistema de escape de coches de Daniel, aparte de la preparaci\u00f3n para la calificaci\u00f3n y la carrera como de costumbre, as\u00ed que trabajamos en la evaluaci\u00f3n de estas actualizaciones. A pesar de que hemos aprendido algo interesante las cosas para el futuro todav\u00eda, tenemos mucho trabajo por hacer para mejorar el equilibrio del coche y el nivel de agarre para ma\u00f1ana. En general un d\u00eda positivo en t\u00e9rminos de funcionamiento, sin problemas en ambos coches, pero somos conscientes de debemos trabajar duro para traer mejoras que pueden hacernos m\u00e1s competitivos ma\u00f1ana\u201d.<\/p>\n<div class=\"sharedaddy sd-sharing-enabled\"><div class=\"robots-nocontent sd-block sd-social sd-social-official sd-sharing\"><h3 class=\"sd-title\">Opciones Sociales:<\/h3><div class=\"sd-content\"><ul><li class=\"share-facebook\"><div class=\"fb-share-button\" data-href=\"http:\/\/www.michael-schumacher.es\/noticias-f1\/2012\/06\/09\/entrenamientos-gp-de-canada-montreal-2012-toro-rosso\/\" data-layout=\"button_count\"><\/div><\/li><li class=\"share-twitter\"><a href=\"https:\/\/twitter.com\/share\" class=\"twitter-share-button\" data-url=\"http:\/\/www.michael-schumacher.es\/noticias-f1\/2012\/06\/09\/entrenamientos-gp-de-canada-montreal-2012-toro-rosso\/\" data-text=\"Entrenamientos GP de Canad\u00e1, Montr\u00e9al 2012. Toro rosso\"  >Tweet<\/a><\/li><li class=\"share-email\"><a rel=\"nofollow noopener noreferrer\" data-shared=\"\" class=\"share-email sd-button\" href=\"http:\/\/www.michael-schumacher.es\/noticias-f1\/2012\/06\/09\/entrenamientos-gp-de-canada-montreal-2012-toro-rosso\/?share=email\" target=\"_blank\" title=\"Haz clic para enviar por correo electr\u00f3nico a un amigo\"><span>Correo electr\u00f3nico<\/span><\/a><\/li><li class=\"share-end\"><\/li><\/ul><\/div><\/div><\/div>","protected":false},"excerpt":{"rendered":"<p>Han trabajado sin problemas pero, muy duro el dia de hoy para aclimatarse al circuito semi urbano de Canada, el equipo tiene todav\u00eda mucho trabajo pendiente, para conseguir ser competitivos ma\u00f1ana.<\/p>\n<div class=\"sharedaddy sd-sharing-enabled\"><div class=\"robots-nocontent sd-block sd-social sd-social-official sd-sharing\"><h3 class=\"sd-title\">Opciones Sociales:<\/h3><div class=\"sd-content\"><ul><li class=\"share-facebook\"><div class=\"fb-share-button\" data-href=\"http:\/\/www.michael-schumacher.es\/noticias-f1\/2012\/06\/09\/entrenamientos-gp-de-canada-montreal-2012-toro-rosso\/\" data-layout=\"button_count\"><\/div><\/li><li class=\"share-twitter\"><a href=\"https:\/\/twitter.com\/share\" class=\"twitter-share-button\" data-url=\"http:\/\/www.michael-schumacher.es\/noticias-f1\/2012\/06\/09\/entrenamientos-gp-de-canada-montreal-2012-toro-rosso\/\" data-text=\"Entrenamientos GP de Canad\u00e1, Montr\u00e9al 2012. Toro rosso\"  >Tweet<\/a><\/li><li class=\"share-email\"><a rel=\"nofollow noopener noreferrer\" data-shared=\"\" class=\"share-email sd-button\" href=\"http:\/\/www.michael-schumacher.es\/noticias-f1\/2012\/06\/09\/entrenamientos-gp-de-canada-montreal-2012-toro-rosso\/?share=email\" target=\"_blank\" title=\"Haz clic para enviar por correo electr\u00f3nico a un amigo\"><span>Correo electr\u00f3nico<\/span><\/a><\/li><li class=\"share-end\"><\/li><\/ul><\/div><\/div><\/div>","protected":false},"author":3,"featured_media":0,"comment_status":"open","ping_status":"open","sticky":false,"template":"","format":"standard","meta":{"_monsterinsights_skip_tracking":false,"_monsterinsights_sitenote_active":false,"_monsterinsights_sitenote_note":"","_monsterinsights_sitenote_category":0,"spay_email":"","jetpack_publicize_message":"","jetpack_is_tweetstorm":false,"jetpack_publicize_feature_enabled":true},"categories":[67,3],"tags":[417,101,131,17,15,6,99,451,455,102,103,100],"jetpack_featured_media_url":"","jetpack_publicize_connections":[],"jetpack_sharing_enabled":true,"jetpack_shortlink":"https:\/\/wp.me\/p27q3P-lJ","_links":{"self":[{"href":"http:\/\/www.michael-schumacher.es\/noticias-f1\/wp-json\/wp\/v2\/posts\/1347"}],"collection":[{"href":"http:\/\/www.michael-schumacher.es\/noticias-f1\/wp-json\/wp\/v2\/posts"}],"about":[{"href":"http:\/\/www.michael-schumacher.es\/noticias-f1\/wp-json\/wp\/v2\/types\/post"}],"author":[{"embeddable":true,"href":"http:\/\/www.michael-schumacher.es\/noticias-f1\/wp-json\/wp\/v2\/users\/3"}],"replies":[{"embeddable":true,"href":"http:\/\/www.michael-schumacher.es\/noticias-f1\/wp-json\/wp\/v2\/comments?post=1347"}],"version-history":[{"count":0,"href":"http:\/\/www.michael-schumacher.es\/noticias-f1\/wp-json\/wp\/v2\/posts\/1347\/revisions"}],"wp:attachment":[{"href":"http:\/\/www.michael-schumacher.es\/noticias-f1\/wp-json\/wp\/v2\/media?parent=1347"}],"wp:term":[{"taxonomy":"category","embeddable":true,"href":"http:\/\/www.michael-schumacher.es\/noticias-f1\/wp-json\/wp\/v2\/categories?post=1347"},{"taxonomy":"post_tag","embeddable":true,"href":"http:\/\/www.michael-schumacher.es\/noticias-f1\/wp-json\/wp\/v2\/tags?post=1347"}],"curies":[{"name":"wp","href":"https:\/\/api.w.org\/{rel}","templated":true}]}}