{"id":13488,"date":"2013-11-01T04:38:19","date_gmt":"2013-11-01T03:38:19","guid":{"rendered":"http:\/\/www.michael-schumacher.es\/noticias-f1\/?p=13488"},"modified":"2013-11-01T00:57:42","modified_gmt":"2013-10-31T23:57:42","slug":"lauda-niega-los-rumores-sobre-la-marcha-de-brawn","status":"publish","type":"post","link":"http:\/\/www.michael-schumacher.es\/noticias-f1\/2013\/11\/01\/lauda-niega-los-rumores-sobre-la-marcha-de-brawn\/","title":{"rendered":"Lauda niega los rumores sobre la marcha de Brawn"},"content":{"rendered":"<p><a href=\"http:\/\/www.michael-schumacher.es\/noticias-f1\/wp-content\/uploads\/2012\/09\/Niki-Lauda-Mercedes-AMG-Petronas.jpg\"><img loading=\"lazy\" class=\"alignleft\" alt=\"Niki-Lauda-Mercedes-AMG-Petronas\" src=\"http:\/\/www.michael-schumacher.es\/noticias-f1\/wp-content\/uploads\/2012\/09\/Niki-Lauda-Mercedes-AMG-Petronas.jpg\" width=\"200\" height=\"120\" \/><\/a>Las \u00faltimas noticias, tal como inform\u00e1bamos ayer, seg\u00fan la BBC aseguraban que Ross Brawn no seguir\u00eda como jefe de equipo de Mercedes y que al no encontrar una soluci\u00f3n satisfactoria a las negociaciones entre Brawn y el equipo, hab\u00eda decidido abandonar Mercedes al finalizar la temporada actual.<\/p>\n<p><!--more--> <!--noteaser--><\/p>\n<p><a href=\"http:\/\/www.michael-schumacher.es\/noticias-f1\/wp-content\/uploads\/2012\/09\/Niki-Lauda-Mercedes-AMG-Petronas.jpg\"><img loading=\"lazy\" class=\"aligncenter size-full wp-image-4480\" alt=\"Niki-Lauda-Mercedes-AMG-Petronas\" src=\"http:\/\/www.michael-schumacher.es\/noticias-f1\/wp-content\/uploads\/2012\/09\/Niki-Lauda-Mercedes-AMG-Petronas.jpg\" width=\"648\" height=\"390\" srcset=\"http:\/\/www.michael-schumacher.es\/noticias-f1\/wp-content\/uploads\/2012\/09\/Niki-Lauda-Mercedes-AMG-Petronas.jpg 648w, http:\/\/www.michael-schumacher.es\/noticias-f1\/wp-content\/uploads\/2012\/09\/Niki-Lauda-Mercedes-AMG-Petronas-300x180.jpg 300w\" sizes=\"(max-width: 648px) 100vw, 648px\" \/><\/a><\/p>\n<p>&nbsp;<\/p>\n<p>&nbsp;<\/p>\n<p>Las \u00faltimas noticias, tal como inform\u00e1bamos ayer, seg\u00fan la BBC aseguraban que Ross Brawn no seguir\u00eda como jefe de equipo de Mercedes y que al no encontrar una soluci\u00f3n satisfactoria a las negociaciones entre Brawn y el equipo, hab\u00eda decidido abandonar Mercedes al finalizar la temporada actual.<\/p>\n<p>&nbsp;<\/p>\n<p>Pero Niki Lauda, hoy ha negado al The Daily Mail, estas informaciones e incluso las ha tachado de <strong>\u201cbasura\u201d<\/strong> ya que insiste y asegura que siguen negociando con Brawn: <strong>\u201cOdio esas tonter\u00edas. Las especulaciones son una basura\u201d.<\/strong><\/p>\n<p>&nbsp;<\/p>\n<p>Adem\u00e1s Lauda asegura que quiere que se quede e intenta motivarlo para que lo haga, adem\u00e1s asegura que si se queda seguir\u00e1 siendo Jefe del equipo:<strong> \u201cIntento animarlo y motivarlo para que se quede todo lo que puedo. Quiero que se quede. Pero no es mi decisi\u00f3n, es su decisi\u00f3n. Si se queda ser\u00e1 jefe de equipo, nada m\u00e1s, o se retirar\u00e1.\u201d<\/strong><\/p>\n<p>&nbsp;<\/p>\n<p>Lauda asegura que estos rumores son una basura y que ser\u00e1 en Brasil cuando Brawn decida su futuro:<strong> \u201cLa especulaci\u00f3n es una completa basura. Habl\u00e9 con Ross hace un tiempo y quedamos de acuerdo que el hablar\u00eda conmigo despu\u00e9s de la \u00faltima carrera de Brasil para decirme si quiere seguir o no.\u201d<\/strong><\/p>\n<p>&nbsp;<\/p>\n<p>Bernie Ecclestone el jefe de la F1, tambi\u00e9n ha opinado sobre este asunto y su postura es muy clara, considera que Mercedes ya decidi\u00f3 que se vaya Brawn: <strong>\u201cCreo que ellos han decidido que Ross se va, por lo que este es el final\u201d.<\/strong><\/p>\n<p>&nbsp;<\/p>\n<p>&nbsp;<\/p>\n<div class=\"sharedaddy sd-sharing-enabled\"><div class=\"robots-nocontent sd-block sd-social sd-social-official sd-sharing\"><h3 class=\"sd-title\">Opciones Sociales:<\/h3><div class=\"sd-content\"><ul><li class=\"share-facebook\"><div class=\"fb-share-button\" data-href=\"http:\/\/www.michael-schumacher.es\/noticias-f1\/2013\/11\/01\/lauda-niega-los-rumores-sobre-la-marcha-de-brawn\/\" data-layout=\"button_count\"><\/div><\/li><li class=\"share-twitter\"><a href=\"https:\/\/twitter.com\/share\" class=\"twitter-share-button\" data-url=\"http:\/\/www.michael-schumacher.es\/noticias-f1\/2013\/11\/01\/lauda-niega-los-rumores-sobre-la-marcha-de-brawn\/\" data-text=\"Lauda niega los rumores sobre la marcha de Brawn \"  >Tweet<\/a><\/li><li class=\"share-email\"><a rel=\"nofollow noopener noreferrer\" data-shared=\"\" class=\"share-email sd-button\" href=\"http:\/\/www.michael-schumacher.es\/noticias-f1\/2013\/11\/01\/lauda-niega-los-rumores-sobre-la-marcha-de-brawn\/?share=email\" target=\"_blank\" title=\"Haz clic para enviar por correo electr\u00f3nico a un amigo\"><span>Correo electr\u00f3nico<\/span><\/a><\/li><li class=\"share-end\"><\/li><\/ul><\/div><\/div><\/div>","protected":false},"excerpt":{"rendered":"<p>Las \u00faltimas noticias, tal como inform\u00e1bamos ayer, seg\u00fan la BBC aseguraban que Ross Brawn no seguir\u00eda como jefe de equipo de Mercedes y que al no encontrar una soluci\u00f3n satisfactoria a las negociaciones entre Brawn y el equipo, hab\u00eda decidido abandonar Mercedes al finalizar la temporada actual.<\/p>\n<div class=\"sharedaddy sd-sharing-enabled\"><div class=\"robots-nocontent sd-block sd-social sd-social-official sd-sharing\"><h3 class=\"sd-title\">Opciones Sociales:<\/h3><div class=\"sd-content\"><ul><li class=\"share-facebook\"><div class=\"fb-share-button\" data-href=\"http:\/\/www.michael-schumacher.es\/noticias-f1\/2013\/11\/01\/lauda-niega-los-rumores-sobre-la-marcha-de-brawn\/\" data-layout=\"button_count\"><\/div><\/li><li class=\"share-twitter\"><a href=\"https:\/\/twitter.com\/share\" class=\"twitter-share-button\" data-url=\"http:\/\/www.michael-schumacher.es\/noticias-f1\/2013\/11\/01\/lauda-niega-los-rumores-sobre-la-marcha-de-brawn\/\" data-text=\"Lauda niega los rumores sobre la marcha de Brawn \"  >Tweet<\/a><\/li><li class=\"share-email\"><a rel=\"nofollow noopener noreferrer\" data-shared=\"\" class=\"share-email sd-button\" href=\"http:\/\/www.michael-schumacher.es\/noticias-f1\/2013\/11\/01\/lauda-niega-los-rumores-sobre-la-marcha-de-brawn\/?share=email\" target=\"_blank\" title=\"Haz clic para enviar por correo electr\u00f3nico a un amigo\"><span>Correo electr\u00f3nico<\/span><\/a><\/li><li class=\"share-end\"><\/li><\/ul><\/div><\/div><\/div>","protected":false},"author":3,"featured_media":0,"comment_status":"open","ping_status":"open","sticky":false,"template":"","format":"standard","meta":{"_monsterinsights_skip_tracking":false,"_monsterinsights_sitenote_active":false,"_monsterinsights_sitenote_note":"","_monsterinsights_sitenote_category":0,"spay_email":"","jetpack_publicize_message":"","jetpack_is_tweetstorm":false,"jetpack_publicize_feature_enabled":true},"categories":[3],"tags":[373,758,1381,381,17,15,549,2031,304,4218,680,548,1380,372,238],"jetpack_featured_media_url":"","jetpack_publicize_connections":[],"jetpack_sharing_enabled":true,"jetpack_shortlink":"https:\/\/wp.me\/p27q3P-3vy","_links":{"self":[{"href":"http:\/\/www.michael-schumacher.es\/noticias-f1\/wp-json\/wp\/v2\/posts\/13488"}],"collection":[{"href":"http:\/\/www.michael-schumacher.es\/noticias-f1\/wp-json\/wp\/v2\/posts"}],"about":[{"href":"http:\/\/www.michael-schumacher.es\/noticias-f1\/wp-json\/wp\/v2\/types\/post"}],"author":[{"embeddable":true,"href":"http:\/\/www.michael-schumacher.es\/noticias-f1\/wp-json\/wp\/v2\/users\/3"}],"replies":[{"embeddable":true,"href":"http:\/\/www.michael-schumacher.es\/noticias-f1\/wp-json\/wp\/v2\/comments?post=13488"}],"version-history":[{"count":0,"href":"http:\/\/www.michael-schumacher.es\/noticias-f1\/wp-json\/wp\/v2\/posts\/13488\/revisions"}],"wp:attachment":[{"href":"http:\/\/www.michael-schumacher.es\/noticias-f1\/wp-json\/wp\/v2\/media?parent=13488"}],"wp:term":[{"taxonomy":"category","embeddable":true,"href":"http:\/\/www.michael-schumacher.es\/noticias-f1\/wp-json\/wp\/v2\/categories?post=13488"},{"taxonomy":"post_tag","embeddable":true,"href":"http:\/\/www.michael-schumacher.es\/noticias-f1\/wp-json\/wp\/v2\/tags?post=13488"}],"curies":[{"name":"wp","href":"https:\/\/api.w.org\/{rel}","templated":true}]}}