{"id":13517,"date":"2013-11-02T04:29:30","date_gmt":"2013-11-02T03:29:30","guid":{"rendered":"http:\/\/www.michael-schumacher.es\/noticias-f1\/?p=13517"},"modified":"2013-11-01T23:38:13","modified_gmt":"2013-11-01T22:38:13","slug":"entrenamientos-gp-de-abu-dhabi-yas-marina-2013-ferrari","status":"publish","type":"post","link":"http:\/\/www.michael-schumacher.es\/noticias-f1\/2013\/11\/02\/entrenamientos-gp-de-abu-dhabi-yas-marina-2013-ferrari\/","title":{"rendered":"Entrenamientos GP de Abu Dhabi, Yas Marina 2013. Ferrari"},"content":{"rendered":"<p><a href=\"http:\/\/www.michael-schumacher.es\/noticias-f1\/wp-content\/uploads\/2013\/03\/fernando_alonso_test-bcn-2013_david-sarro.jpg\"><img loading=\"lazy\" class=\"alignleft\" alt=\"Fernando Alonso - Test BCN 2013 - David Sarr\u00f3 \" src=\"http:\/\/www.michael-schumacher.es\/noticias-f1\/wp-content\/uploads\/2013\/03\/fernando_alonso_test-bcn-2013_david-sarro.jpg\" width=\"198\" height=\"132\" \/><\/a>El equipo Ferrari no ha tenido un d\u00eda de entrenamientos muy bueno en el Gran Premio de Abu Dhabi, ya que han sido menos competitivos de lo habitual, pero han probado soluciones aerodin\u00e1micas y analizado el rendimiento de los coches recogiendo datos suficientes con los que escoger la mejor configuraci\u00f3n para la carrera, ya que consideran que hay margen de mejora y buscaran las soluciones m\u00e1s adecuadas para un coche m\u00e1s competitivo.<\/p>\n<p><!--more--> <!--noteaser--><\/p>\n<p><a href=\"http:\/\/www.michael-schumacher.es\/noticias-f1\/wp-content\/uploads\/2013\/03\/fernando_alonso_test-bcn-2013_david-sarro.jpg\"><img loading=\"lazy\" class=\"aligncenter size-full wp-image-8145\" alt=\"Fernando Alonso - Test BCN 2013 - David Sarr\u00f3 \" src=\"http:\/\/www.michael-schumacher.es\/noticias-f1\/wp-content\/uploads\/2013\/03\/fernando_alonso_test-bcn-2013_david-sarro.jpg\" width=\"660\" height=\"440\" srcset=\"http:\/\/www.michael-schumacher.es\/noticias-f1\/wp-content\/uploads\/2013\/03\/fernando_alonso_test-bcn-2013_david-sarro.jpg 660w, http:\/\/www.michael-schumacher.es\/noticias-f1\/wp-content\/uploads\/2013\/03\/fernando_alonso_test-bcn-2013_david-sarro-300x200.jpg 300w\" sizes=\"(max-width: 660px) 100vw, 660px\" \/><\/a><\/p>\n<p>&nbsp;<\/p>\n<p>&nbsp;<\/p>\n<p>&nbsp;<\/p>\n<p>El equipo Ferrari no ha tenido un d\u00eda de entrenamientos muy bueno en el Gran Premio de Abu Dhabi, ya que han sido menos competitivos de lo habitual, pero han probado soluciones aerodin\u00e1micas y analizado el rendimiento de los coches recogiendo datos suficientes con los que escoger la mejor configuraci\u00f3n para la carrera, ya que consideran que hay margen de mejora y buscaran las soluciones m\u00e1s adecuadas para un coche m\u00e1s competitivo.<\/p>\n<p>&nbsp;<\/p>\n<p>Fernando Alonso considera tambi\u00e9n que han sido menos competitivos de lo habitual y deber entender si es por la pista o la puesta a punto no adecuada. Pero por el momento est\u00e1n detr\u00e1s de los rivales con los que luchan por el segundo puesto en la clasificaci\u00f3n de Constructores, por lo que la sesi\u00f3n de la ma\u00f1ana finaliz\u00f3 en la 12\u00ba posici\u00f3n y la sesi\u00f3n de tarde en posici\u00f3n 8\u00ba, pero no va a dejar de luchar por lo que har\u00e1n cambios esta noche. Felipe Massa que no est\u00e1 muy satisfecho con el coche,\u00a0 finalizo la primera sesi\u00f3n en posici\u00f3n 17\u00ba y la sesi\u00f3n de la tarde en posici\u00f3n 10\u00ba, ya que no son tan competitivos como esperaba, aunque si han conseguido acabar con el programa previsto y aunque no es f\u00e1cil saber, trabajaran para mejorar para ma\u00f1ana.<\/p>\n<p>&nbsp;<\/p>\n<p><strong>Fernando Alonso:<\/strong> \u201c<em>En comparaci\u00f3n con otros viernes, hoy fuimos algo menos competitivos de lo habitual y ahora necesitamos entender si eso se debe al hecho de que las caracter\u00edsticas de la pista no le van bien a nuestro coche, o si es una cuesti\u00f3n de puesta a punto. Los neum\u00e1ticos funcionan mejor aqu\u00ed que en la India, donde sufrieron mucho en las curvas r\u00e1pidas por el blistering, mientras que aqu\u00ed van mejor, sobre todo de noche, cuando caen las temperaturas. Desafortunadamente, en t\u00e9rminos de rendimiento, estamos por detr\u00e1s de los rivales con los que luchamos por el segundo puesto en la clasificaci\u00f3n de Constructores. Han mejorado con respecto al comienzo del a\u00f1o y ser\u00e1 dif\u00edciles ganarles, pero ma\u00f1ana realizaremos algunos cambios y haremos todo lo que podamos, porque no queremos, de ninguna manera, renunciar a luchar\u201d.<\/em><\/p>\n<p>&nbsp;<\/p>\n<p><strong>Felipe Massa:<\/strong> <em>\u201cHoy completamos el programa que ten\u00edamos previsto para esta jornada, concentr\u00e1ndonos en la puesta a punto del coche y en el comportamiento de los dos compuestos que ha tra\u00eddo Pirelli. De momento no estoy muy satisfecho con el coche, puesto que no somos tan competitivos como esperaba. En este trazado hemos rodado de d\u00eda, bajo la luz solar y con temperaturas muy altas, para luego pasar a rodar en unas condiciones completamente distintas una vez ca\u00edda la tarde. En esta situaci\u00f3n, no se hace f\u00e1cil entender qu\u00e9 direcci\u00f3n tomar. Ahora vamos a tratar de comprender c\u00f3mo mejorar las prestaciones del coche de cara a la clasificaci\u00f3n de ma\u00f1ana, que sabemos que no ser\u00e1 f\u00e1cil, pero daremos lo mejor de nosotros\u201d.<\/em><\/p>\n<p>&nbsp;<\/p>\n<p><strong>Pat Fry:<\/strong> <em>\u201cEn lo que respecta al programa de trabajo, ha sido un viernes como otro cualquiera, pero en lo que a los resultados se refiere, ha sido una jornada bastante compleja. Ten\u00edamos algunas peque\u00f1as soluciones aerodin\u00e1micas para probar y el an\u00e1lisis cruzado sobre el rendimiento de los coches, que proporcionaron datos suficientes como para escoger la mejor configuraci\u00f3n para la carrera. Aqu\u00ed, para conseguir la mejor puesta a punto, tienes que tener en consideraci\u00f3n la variabilidad de las condiciones de la pista entre la primera y la segunda sesi\u00f3n. En ambas sufrimos para encontrar el nivel correcto de agarre, sobre todo con el compuesto Medio. Bien entrada la tarde la situaci\u00f3n mejor\u00f3 y trabajamos en el equilibrio de los coches, aunque los resultados no fueron satisfactorios. La diferencia de rendimiento entre ambos compuestos es muy alta y algunos coches, entre los que se encuentran los nuestros, han ganado casi dos segundos por vuelta. Esta poco habitual diferencia de rendimiento de los neum\u00e1ticos Medios muestra claramente el margen de mejora que hay y por este motivo esta noche valoraremos las soluciones m\u00e1s adecuadas para dar a nuestros pilotos un coche m\u00e1s competitivo\u201d.<\/em><\/p>\n<p>&nbsp;<\/p>\n<p><strong>Imagen:<\/strong> David Sarr\u00f3<\/p>\n<div class=\"sharedaddy sd-sharing-enabled\"><div class=\"robots-nocontent sd-block sd-social sd-social-official sd-sharing\"><h3 class=\"sd-title\">Opciones Sociales:<\/h3><div class=\"sd-content\"><ul><li class=\"share-facebook\"><div class=\"fb-share-button\" data-href=\"http:\/\/www.michael-schumacher.es\/noticias-f1\/2013\/11\/02\/entrenamientos-gp-de-abu-dhabi-yas-marina-2013-ferrari\/\" data-layout=\"button_count\"><\/div><\/li><li class=\"share-twitter\"><a href=\"https:\/\/twitter.com\/share\" class=\"twitter-share-button\" data-url=\"http:\/\/www.michael-schumacher.es\/noticias-f1\/2013\/11\/02\/entrenamientos-gp-de-abu-dhabi-yas-marina-2013-ferrari\/\" data-text=\"Entrenamientos GP de Abu Dhabi, Yas Marina 2013. Ferrari\"  >Tweet<\/a><\/li><li class=\"share-email\"><a rel=\"nofollow noopener noreferrer\" data-shared=\"\" class=\"share-email sd-button\" href=\"http:\/\/www.michael-schumacher.es\/noticias-f1\/2013\/11\/02\/entrenamientos-gp-de-abu-dhabi-yas-marina-2013-ferrari\/?share=email\" target=\"_blank\" title=\"Haz clic para enviar por correo electr\u00f3nico a un amigo\"><span>Correo electr\u00f3nico<\/span><\/a><\/li><li class=\"share-end\"><\/li><\/ul><\/div><\/div><\/div>","protected":false},"excerpt":{"rendered":"<p>El equipo Ferrari no ha tenido un d\u00eda de entrenamientos muy bueno en el Gran Premio de Abu Dhabi, ya que han sido menos competitivos de lo habitual, pero han probado soluciones aerodin\u00e1micas y analizado el rendimiento de los coches recogiendo datos suficientes con los que escoger la mejor configuraci\u00f3n para la carrera, ya que [&hellip;]<\/p>\n<div class=\"sharedaddy sd-sharing-enabled\"><div class=\"robots-nocontent sd-block sd-social sd-social-official sd-sharing\"><h3 class=\"sd-title\">Opciones Sociales:<\/h3><div class=\"sd-content\"><ul><li class=\"share-facebook\"><div class=\"fb-share-button\" data-href=\"http:\/\/www.michael-schumacher.es\/noticias-f1\/2013\/11\/02\/entrenamientos-gp-de-abu-dhabi-yas-marina-2013-ferrari\/\" data-layout=\"button_count\"><\/div><\/li><li class=\"share-twitter\"><a href=\"https:\/\/twitter.com\/share\" class=\"twitter-share-button\" data-url=\"http:\/\/www.michael-schumacher.es\/noticias-f1\/2013\/11\/02\/entrenamientos-gp-de-abu-dhabi-yas-marina-2013-ferrari\/\" data-text=\"Entrenamientos GP de Abu Dhabi, Yas Marina 2013. Ferrari\"  >Tweet<\/a><\/li><li class=\"share-email\"><a rel=\"nofollow noopener noreferrer\" data-shared=\"\" class=\"share-email sd-button\" href=\"http:\/\/www.michael-schumacher.es\/noticias-f1\/2013\/11\/02\/entrenamientos-gp-de-abu-dhabi-yas-marina-2013-ferrari\/?share=email\" target=\"_blank\" title=\"Haz clic para enviar por correo electr\u00f3nico a un amigo\"><span>Correo electr\u00f3nico<\/span><\/a><\/li><li class=\"share-end\"><\/li><\/ul><\/div><\/div><\/div>","protected":false},"author":3,"featured_media":0,"comment_status":"open","ping_status":"open","sticky":false,"template":"","format":"standard","meta":{"_monsterinsights_skip_tracking":false,"_monsterinsights_sitenote_active":false,"_monsterinsights_sitenote_note":"","_monsterinsights_sitenote_category":0,"spay_email":"","jetpack_publicize_message":"","jetpack_is_tweetstorm":false,"jetpack_publicize_feature_enabled":true},"categories":[67,3],"tags":[373,781,105,131,393,17,106,104,141,15,6,8,379,108,1245,1788],"jetpack_featured_media_url":"","jetpack_publicize_connections":[],"jetpack_sharing_enabled":true,"jetpack_shortlink":"https:\/\/wp.me\/p27q3P-3w1","_links":{"self":[{"href":"http:\/\/www.michael-schumacher.es\/noticias-f1\/wp-json\/wp\/v2\/posts\/13517"}],"collection":[{"href":"http:\/\/www.michael-schumacher.es\/noticias-f1\/wp-json\/wp\/v2\/posts"}],"about":[{"href":"http:\/\/www.michael-schumacher.es\/noticias-f1\/wp-json\/wp\/v2\/types\/post"}],"author":[{"embeddable":true,"href":"http:\/\/www.michael-schumacher.es\/noticias-f1\/wp-json\/wp\/v2\/users\/3"}],"replies":[{"embeddable":true,"href":"http:\/\/www.michael-schumacher.es\/noticias-f1\/wp-json\/wp\/v2\/comments?post=13517"}],"version-history":[{"count":0,"href":"http:\/\/www.michael-schumacher.es\/noticias-f1\/wp-json\/wp\/v2\/posts\/13517\/revisions"}],"wp:attachment":[{"href":"http:\/\/www.michael-schumacher.es\/noticias-f1\/wp-json\/wp\/v2\/media?parent=13517"}],"wp:term":[{"taxonomy":"category","embeddable":true,"href":"http:\/\/www.michael-schumacher.es\/noticias-f1\/wp-json\/wp\/v2\/categories?post=13517"},{"taxonomy":"post_tag","embeddable":true,"href":"http:\/\/www.michael-schumacher.es\/noticias-f1\/wp-json\/wp\/v2\/tags?post=13517"}],"curies":[{"name":"wp","href":"https:\/\/api.w.org\/{rel}","templated":true}]}}