{"id":13528,"date":"2013-11-02T07:06:52","date_gmt":"2013-11-02T06:06:52","guid":{"rendered":"http:\/\/www.michael-schumacher.es\/noticias-f1\/?p=13528"},"modified":"2013-11-02T01:23:12","modified_gmt":"2013-11-02T00:23:12","slug":"entrenamientos-gp-de-abu-dhabi-yas-marina-2013-mclaren","status":"publish","type":"post","link":"http:\/\/www.michael-schumacher.es\/noticias-f1\/2013\/11\/02\/entrenamientos-gp-de-abu-dhabi-yas-marina-2013-mclaren\/","title":{"rendered":"Entrenamientos GP de Abu Dhabi, Yas Marina 2013. McLaren"},"content":{"rendered":"<p><a href=\"http:\/\/www.michael-schumacher.es\/noticias-f1\/wp-content\/uploads\/2013\/02\/Sergio-Perez-McLaren.jpg\"><img loading=\"lazy\" class=\"alignleft\" alt=\"Sergio Perez McLaren Test Barcelona dia 2\" src=\"http:\/\/www.michael-schumacher.es\/noticias-f1\/wp-content\/uploads\/2013\/02\/Sergio-Perez-McLaren.jpg\" width=\"198\" height=\"105\" \/><\/a>El equipo McLaren ha tenido una buena jornada de entrenamientos en la que parece que mantienen el alentador rendimiento en la India la semana pasada, primero se han centrado en la comprensi\u00f3n y el desarrollo de conceptos y componentes para 2014, en la tarde han trabajado en la evaluaci\u00f3n de neum\u00e1ticos y la configuraci\u00f3n. Solo con el problema del fallo en el sensor de Button. Ahora trabajaran para mejorar antes de la sesi\u00f3n de calificaci\u00f3n.<\/p>\n<p><!--more--> <!--noteaser--><\/p>\n<p><a href=\"http:\/\/www.michael-schumacher.es\/noticias-f1\/wp-content\/uploads\/2013\/02\/Sergio-Perez-McLaren.jpg\"><img loading=\"lazy\" class=\"aligncenter size-full wp-image-8015\" alt=\"Sergio Perez McLaren Test Barcelona dia 2\" src=\"http:\/\/www.michael-schumacher.es\/noticias-f1\/wp-content\/uploads\/2013\/02\/Sergio-Perez-McLaren.jpg\" width=\"660\" height=\"350\" srcset=\"http:\/\/www.michael-schumacher.es\/noticias-f1\/wp-content\/uploads\/2013\/02\/Sergio-Perez-McLaren.jpg 660w, http:\/\/www.michael-schumacher.es\/noticias-f1\/wp-content\/uploads\/2013\/02\/Sergio-Perez-McLaren-300x159.jpg 300w\" sizes=\"(max-width: 660px) 100vw, 660px\" \/><\/a><\/p>\n<p>&nbsp;<\/p>\n<p>&nbsp;<\/p>\n<p>El equipo McLaren ha tenido una buena jornada de entrenamientos en la que parece que mantienen el alentador rendimiento en la India la semana pasada, primero se han centrado en la comprensi\u00f3n y el desarrollo de conceptos y componentes para 2014, en la tarde han trabajado en la evaluaci\u00f3n de neum\u00e1ticos y la configuraci\u00f3n. Solo con el problema del fallo en el sensor de Button. Ahora trabajaran para mejorar antes de la sesi\u00f3n de calificaci\u00f3n.<\/p>\n<p>&nbsp;<\/p>\n<p>Sergio P\u00e9rez considera que el d\u00eda ha sido productivo, adem\u00e1s est\u00e1 contento, ya que ha disfrutado en la pista y se ha sentido c\u00f3modo, tanto que piensa que no necesitan hacer muchos cambios esta noche, ha finalizado la sesi\u00f3n de la ma\u00f1ana en posici\u00f3n 10\u00ba y la de la tarde en posici\u00f3n 6\u00ba, para ma\u00f1ana le gustar\u00eda entrar en Q3. Jenson Button tambi\u00e9n piensa que ha sido un buen d\u00eda entendiendo el autom\u00f3vil y la puesta le parece bastante buena. Solo tuvo problemas en las tandas largas debido al tr\u00e1fico, y, por el retras\u00f3 un fallo del sensor, por lo que tuvo que volver lentamente a boxes, y reemplazar algunas piezas en el coche que se hab\u00edan calentado, en la ma\u00f1ana finaliz\u00f3 en posici\u00f3n 8\u00ba y en la sesi\u00f3n de tarde en posici\u00f3n 7\u00ba,\u00a0 as\u00ed\u00a0 que en general considera que est\u00e1n en buena forma.<\/p>\n<p>&nbsp;<\/p>\n<p><strong>Sergio P\u00e9rez:<\/strong> <em>\u201cEste fue un d\u00eda productivo para todo el equipo. Me sent\u00ed muy c\u00f3modo con el coche en las dos sesiones, y realmente disfrut\u00e9 de mi tiempo en la pista hoy. Me siento feliz con mi coche, y no espero que cambie demasiado. Normalmente, cambiamos mucho en el coche entre el viernes y el s\u00e1bado con el fin de afinar el equilibrio y la puesta a punto, pero no creo que vayamos a hacer mucho de esto, esta noche. El neum\u00e1tico de opci\u00f3n est\u00e1 trabajando\u00a0 mucho mejor de lo que estaba en la India. Aunque creo que nos sentimos m\u00e1s c\u00f3modos con los neum\u00e1ticos m\u00e1s blandos, todav\u00eda va a ser dif\u00edcil hacer un trabajo de estrategia de una parada el domingo. Ma\u00f1ana, me gustar\u00eda entrar en la Q3.\u201d<\/em><\/p>\n<p>&nbsp;<\/p>\n<p><strong>Jenson Button:<\/strong> <em>\u201cHa sido un d\u00eda bastante bueno en t\u00e9rminos de entender el autom\u00f3vil. Nuestra direcci\u00f3n con la puesta a punto se ve bastante buena, tambi\u00e9n. Tambi\u00e9n creo que los dos neum\u00e1ticos est\u00e1n funcionando razonablemente bien por aqu\u00ed. Hice mi vuelta m\u00e1s r\u00e1pida en mi primer intento con los neum\u00e1ticos de opci\u00f3n, la mayor\u00eda de la gente no, as\u00ed que estoy muy feliz por eso. Mis tandas largas resultaron bastante complicadas, sin embargo -. Primero, debido al tr\u00e1fico, y, en segundo lugar, porque se retras\u00f3 por un problema que en un principio pensamos que era un pinchazo, pero que en realidad result\u00f3 ser un fallo del sensor. Como resultado, tuvimos que conducir lentamente a boxes, despu\u00e9s de lo cual perd\u00ed mucho tiempo en pista, porque ten\u00edamos que reemplazar algunas piezas en el coche que se hab\u00edan calentado durante esa vuelta lenta. Aun as\u00ed, en general, creo que estamos en buena forma aqu\u00ed.\u201d<\/em><\/p>\n<p>&nbsp;<\/p>\n<p><strong>Martin Whitmarsh director del equipo:<\/strong> <em>\u201cDespu\u00e9s de nuestro alentador rendimiento en la India la semana pasada, parece que hemos sido capaces de llevar adelante el impulso este fin de semana. Tanto Jenson y Checo disfrutaron de sesiones productivas: mientras que nuestro enfoque de esta tarde fue una vez m\u00e1s la comprensi\u00f3n y el desarrollo de conceptos y componentes para 2014, la sesi\u00f3n de la noche, r\u00e1pidamente se demostr\u00f3 productiva a medida que avanzaba a trav\u00e9s de nuestro set-up y el trabajo de evaluaci\u00f3n de neum\u00e1ticos. A pesar de un fallo en el sensor de Jenson &#8211; lo que se llev\u00f3 a pensar que hab\u00eda sufrido un pinchazo &#8211; ambos pilotos consiguieron una buena cantidad de kil\u00f3metros a sus espaldas e informaron de que el coche se comportaba bien en este circuito. Para ma\u00f1ana, sentimos que ya tenemos una comprensi\u00f3n \u00fatil del coche, pero vamos a estar mirando para perfeccionarla, antes de la sesi\u00f3n de calificaci\u00f3n.\u201d<\/em><\/p>\n<div class=\"sharedaddy sd-sharing-enabled\"><div class=\"robots-nocontent sd-block sd-social sd-social-official sd-sharing\"><h3 class=\"sd-title\">Opciones Sociales:<\/h3><div class=\"sd-content\"><ul><li class=\"share-facebook\"><div class=\"fb-share-button\" data-href=\"http:\/\/www.michael-schumacher.es\/noticias-f1\/2013\/11\/02\/entrenamientos-gp-de-abu-dhabi-yas-marina-2013-mclaren\/\" data-layout=\"button_count\"><\/div><\/li><li class=\"share-twitter\"><a href=\"https:\/\/twitter.com\/share\" class=\"twitter-share-button\" data-url=\"http:\/\/www.michael-schumacher.es\/noticias-f1\/2013\/11\/02\/entrenamientos-gp-de-abu-dhabi-yas-marina-2013-mclaren\/\" data-text=\"Entrenamientos GP de Abu Dhabi, Yas Marina 2013. McLaren\"  >Tweet<\/a><\/li><li class=\"share-email\"><a rel=\"nofollow noopener noreferrer\" data-shared=\"\" class=\"share-email sd-button\" href=\"http:\/\/www.michael-schumacher.es\/noticias-f1\/2013\/11\/02\/entrenamientos-gp-de-abu-dhabi-yas-marina-2013-mclaren\/?share=email\" target=\"_blank\" title=\"Haz clic para enviar por correo electr\u00f3nico a un amigo\"><span>Correo electr\u00f3nico<\/span><\/a><\/li><li class=\"share-end\"><\/li><\/ul><\/div><\/div><\/div>","protected":false},"excerpt":{"rendered":"<p>El equipo McLaren ha tenido una buena jornada de entrenamientos en la que parece que mantienen el alentador rendimiento en la India la semana pasada, primero se han centrado en la comprensi\u00f3n y el desarrollo de conceptos y componentes para 2014, en la tarde han trabajado en la evaluaci\u00f3n de neum\u00e1ticos y la configuraci\u00f3n. Solo [&hellip;]<\/p>\n<div class=\"sharedaddy sd-sharing-enabled\"><div class=\"robots-nocontent sd-block sd-social sd-social-official sd-sharing\"><h3 class=\"sd-title\">Opciones Sociales:<\/h3><div class=\"sd-content\"><ul><li class=\"share-facebook\"><div class=\"fb-share-button\" data-href=\"http:\/\/www.michael-schumacher.es\/noticias-f1\/2013\/11\/02\/entrenamientos-gp-de-abu-dhabi-yas-marina-2013-mclaren\/\" data-layout=\"button_count\"><\/div><\/li><li class=\"share-twitter\"><a href=\"https:\/\/twitter.com\/share\" class=\"twitter-share-button\" data-url=\"http:\/\/www.michael-schumacher.es\/noticias-f1\/2013\/11\/02\/entrenamientos-gp-de-abu-dhabi-yas-marina-2013-mclaren\/\" data-text=\"Entrenamientos GP de Abu Dhabi, Yas Marina 2013. McLaren\"  >Tweet<\/a><\/li><li class=\"share-email\"><a rel=\"nofollow noopener noreferrer\" data-shared=\"\" class=\"share-email sd-button\" href=\"http:\/\/www.michael-schumacher.es\/noticias-f1\/2013\/11\/02\/entrenamientos-gp-de-abu-dhabi-yas-marina-2013-mclaren\/?share=email\" target=\"_blank\" title=\"Haz clic para enviar por correo electr\u00f3nico a un amigo\"><span>Correo electr\u00f3nico<\/span><\/a><\/li><li class=\"share-end\"><\/li><\/ul><\/div><\/div><\/div>","protected":false},"author":3,"featured_media":0,"comment_status":"open","ping_status":"open","sticky":false,"template":"","format":"standard","meta":{"_monsterinsights_skip_tracking":false,"_monsterinsights_sitenote_active":false,"_monsterinsights_sitenote_note":"","_monsterinsights_sitenote_category":0,"spay_email":"","jetpack_publicize_message":"","jetpack_is_tweetstorm":false,"jetpack_publicize_feature_enabled":true},"categories":[67,3],"tags":[373,781,13,131,393,17,15,6,8,12,379,115,138,90,1245,89,1788],"jetpack_featured_media_url":"","jetpack_publicize_connections":[],"jetpack_sharing_enabled":true,"jetpack_shortlink":"https:\/\/wp.me\/p27q3P-3wc","_links":{"self":[{"href":"http:\/\/www.michael-schumacher.es\/noticias-f1\/wp-json\/wp\/v2\/posts\/13528"}],"collection":[{"href":"http:\/\/www.michael-schumacher.es\/noticias-f1\/wp-json\/wp\/v2\/posts"}],"about":[{"href":"http:\/\/www.michael-schumacher.es\/noticias-f1\/wp-json\/wp\/v2\/types\/post"}],"author":[{"embeddable":true,"href":"http:\/\/www.michael-schumacher.es\/noticias-f1\/wp-json\/wp\/v2\/users\/3"}],"replies":[{"embeddable":true,"href":"http:\/\/www.michael-schumacher.es\/noticias-f1\/wp-json\/wp\/v2\/comments?post=13528"}],"version-history":[{"count":0,"href":"http:\/\/www.michael-schumacher.es\/noticias-f1\/wp-json\/wp\/v2\/posts\/13528\/revisions"}],"wp:attachment":[{"href":"http:\/\/www.michael-schumacher.es\/noticias-f1\/wp-json\/wp\/v2\/media?parent=13528"}],"wp:term":[{"taxonomy":"category","embeddable":true,"href":"http:\/\/www.michael-schumacher.es\/noticias-f1\/wp-json\/wp\/v2\/categories?post=13528"},{"taxonomy":"post_tag","embeddable":true,"href":"http:\/\/www.michael-schumacher.es\/noticias-f1\/wp-json\/wp\/v2\/tags?post=13528"}],"curies":[{"name":"wp","href":"https:\/\/api.w.org\/{rel}","templated":true}]}}