{"id":13532,"date":"2013-11-02T09:37:27","date_gmt":"2013-11-02T08:37:27","guid":{"rendered":"http:\/\/www.michael-schumacher.es\/noticias-f1\/?p=13532"},"modified":"2013-11-02T01:47:49","modified_gmt":"2013-11-02T00:47:49","slug":"entrenamientos-gp-de-abu-dhabi-yas-marina-2013-lotus","status":"publish","type":"post","link":"http:\/\/www.michael-schumacher.es\/noticias-f1\/2013\/11\/02\/entrenamientos-gp-de-abu-dhabi-yas-marina-2013-lotus\/","title":{"rendered":"Entrenamientos GP de Abu Dhabi, Yas Marina 2013. Lotus"},"content":{"rendered":"<p><a href=\"http:\/\/www.michael-schumacher.es\/noticias-f1\/wp-content\/uploads\/2013\/03\/kimi_raikkonen_test-bcn-2013_david-sarro.jpg\"><img loading=\"lazy\" class=\"alignleft\" alt=\"Kimi Raikkonen - Test Bcn 2013 -  David Sarr\u00f3\" src=\"http:\/\/www.michael-schumacher.es\/noticias-f1\/wp-content\/uploads\/2013\/03\/kimi_raikkonen_test-bcn-2013_david-sarro.jpg\" width=\"200\" height=\"133\" \/><\/a>El equipo Lotus ha tenido un buen d\u00eda, completando\u00a0 el trabajo de configuraci\u00f3n en particular la altura del coche, y en la segunda sesi\u00f3n las evaluaciones de los dos compuestos de neum\u00e1ticos. Tuvieron un problema con Romain quien tuvo un fallo en el disco de freno que le hizo perder algo de tiempo y le proporcion\u00f3 vibraci\u00f3n cuando regres\u00f3 a la pista, algo que deben estudiar y solucionar, Kimi ha probado de nuevo el chasis corto y se adapt\u00f3 al circuito.<\/p>\n<p><!--more--> <!--noteaser--><\/p>\n<p><a href=\"http:\/\/www.michael-schumacher.es\/noticias-f1\/wp-content\/uploads\/2013\/03\/kimi_raikkonen_test-bcn-2013_david-sarro.jpg\"><img loading=\"lazy\" class=\"aligncenter size-full wp-image-8261\" alt=\"Kimi Raikkonen - Test Bcn 2013 -  David Sarr\u00f3\" src=\"http:\/\/www.michael-schumacher.es\/noticias-f1\/wp-content\/uploads\/2013\/03\/kimi_raikkonen_test-bcn-2013_david-sarro.jpg\" width=\"650\" height=\"433\" srcset=\"http:\/\/www.michael-schumacher.es\/noticias-f1\/wp-content\/uploads\/2013\/03\/kimi_raikkonen_test-bcn-2013_david-sarro.jpg 650w, http:\/\/www.michael-schumacher.es\/noticias-f1\/wp-content\/uploads\/2013\/03\/kimi_raikkonen_test-bcn-2013_david-sarro-300x199.jpg 300w\" sizes=\"(max-width: 650px) 100vw, 650px\" \/><\/a><\/p>\n<p>&nbsp;<\/p>\n<p>El equipo Lotus ha tenido un buen d\u00eda, completando\u00a0 el trabajo de configuraci\u00f3n en particular la altura del coche, y en la segunda sesi\u00f3n las evaluaciones de los dos compuestos de neum\u00e1ticos. Tuvieron un problema con Romain quien tuvo un fallo en el disco de freno que le hizo perder algo de tiempo y le proporcion\u00f3 vibraci\u00f3n cuando regres\u00f3 a la pista, algo que deben estudiar y solucionar, Kimi ha probado de nuevo el chasis corto y se adapt\u00f3 al circuito.<\/p>\n<p>&nbsp;<\/p>\n<p>Kimi Raikkonen\u00a0 tuvo un viernes que define como normal con el coche que lo siente bien con el chasis corto de nuevo, aunque ten\u00eda algo de algo de subviraje. Ha finalizado la primera sesi\u00f3n en posici\u00f3n 6\u00ba y la segunda sesi\u00f3n en posici\u00f3n 4\u00ba. Adem\u00e1s piensa que todav\u00eda pueden hacer mejoras y conseguir lo que quiere. Romian Grosjean\u00a0 ha tenido un d\u00eda bastante bueno terminando en primera posici\u00f3n en la sesi\u00f3n de la ma\u00f1ana, lo que fue una agradable sorpresa despu\u00e9s de que el dominio de Red Bull en la India, en negativo solo destaca el problema de frenos y tambi\u00e9n un poco de vibraci\u00f3n que se necesita vigilar.\u00a0Y en la segunda sesi\u00f3n en posicion 12\u00ba. Est\u00e1 muy contento con el coche, pero ahora tendr\u00e1n que analizar los datos para mejorar.<\/p>\n<p>&nbsp;<\/p>\n<p><strong>Kimi Raikkonen:<\/strong> <em>\u201cEl coche se siente bien y tuvimos un viernes bastante normal. El chasis m\u00e1s corto se siente bien aqu\u00ed, pero no conduje de nuevo con el m\u00e1s largo, as\u00ed que es dif\u00edcil decir cu\u00e1l es mejor. Todav\u00eda estamos tratando de deshacernos de algo de subviraje, pero en este circuito el coche se siente mejor hasta ahora. Como siempre, hay algunas mejoras que podemos hacer en el coche, as\u00ed que espero que podamos conseguir lo que queremos. Vamos a ver qu\u00e9 pasa ma\u00f1ana\u201d.<\/em><\/p>\n<p>&nbsp;<\/p>\n<p><strong>Romian Grosjean:<\/strong> <em>\u201cHa sido un d\u00eda bastante bueno. El coche es r\u00e1pido como hemos visto con el tiempo m\u00e1s r\u00e1pido en la primera sesi\u00f3n, fue una agradable sorpresa despu\u00e9s de que el dominio de Red Bull en la India! Se sent\u00eda fuerte con los neum\u00e1ticos medios, y aunque no he tenido mucho tiempo en los blandos vimos con Kimi que va bien con ellos lo que es alentador para el resto del fin de semana. Tuvimos un poco de un problema de frenos y tambi\u00e9n un poco de vibraci\u00f3n que se necesita mirar, pero no fue el fin del mundo. El equipo est\u00e1 investigando la causa ahora, y aunque nos perdimos algo de tiempo en la segunda sesi\u00f3n estoy seguro de que vamos a llegar a la cima de todo lo que necesitamos para ma\u00f1ana. Desde Singapur hemos sido m\u00e1s lentos en el\u00a0 velocidad, pero siempre es un equilibrio entre la velocidad en la l\u00ednea recta y la carga aerodin\u00e1mica. Si nos fijamos en los resultados, en ese momento &#8211; cinco podios en las cuatro carreras &#8211; No creo que sea un gran problema. Estoy muy contento con mi coche como es en este momento. La configuraci\u00f3n de la distancia entre ejes larga, me parece adaptarse, hemos logrado encontrar una buena puesta a punto inicial con \u00e9l, as\u00ed que no hay raz\u00f3n para volver. (Una parada)No s\u00e9 todav\u00eda, vamos a tener que esperar y ver lo viene de Pirelli y analizar los datos que tenemos de hoy para ver lo que es posible\u201d.<\/em><\/p>\n<p>&nbsp;<\/p>\n<p><strong>Alan Permane, director de operaciones de pista:<\/strong> <em>\u00abComo siempre en Abu Dhabi, se observaron dos sesiones de viernes muy diferentes. La primera de d\u00eda con temperaturas muy altas en la pista y la segunda m\u00e1s representativas de las temperaturas que tendremos durante la calificaci\u00f3n y la carrera. Hemos completado un trabajo de configuraci\u00f3n limitado en los Libres 1, centrados en configurar la altura del coche, y luego en los Libres 2 completamos nuestras evaluaciones normales de los dos compuestos de neum\u00e1ticos. Desafortunadamente Romain tuvo un fallo en el disco de freno que le hizo perder algo de tiempo y hab\u00eda una peque\u00f1a vibraci\u00f3n cuando regres\u00f3 a la pista, por lo que acortamos su trabajo con el fin de investigar a fondo esta cuesti\u00f3n. Kimi, por su parte, tuvo un buen d\u00eda y se le ve competitivo con los dos neum\u00e1ticos. Quer\u00eda probar otra vez el chasis corto y cree que sus caracter\u00edsticas se adaptan a este circuito. Hasta ahora todo se ve bien y mantendr\u00e1 esta configuraci\u00f3n en su coche para el resto del fin de semana. Su ritmo en tandas largas se ve muy alentador con ambos neum\u00e1ticos\u201d.<\/em><\/p>\n<p>&nbsp;<\/p>\n<p>&nbsp;<\/p>\n<p><strong>Imagen:<\/strong> David Sarr\u00f3<\/p>\n<div class=\"sharedaddy sd-sharing-enabled\"><div class=\"robots-nocontent sd-block sd-social sd-social-official sd-sharing\"><h3 class=\"sd-title\">Opciones Sociales:<\/h3><div class=\"sd-content\"><ul><li class=\"share-facebook\"><div class=\"fb-share-button\" data-href=\"http:\/\/www.michael-schumacher.es\/noticias-f1\/2013\/11\/02\/entrenamientos-gp-de-abu-dhabi-yas-marina-2013-lotus\/\" data-layout=\"button_count\"><\/div><\/li><li class=\"share-twitter\"><a href=\"https:\/\/twitter.com\/share\" class=\"twitter-share-button\" data-url=\"http:\/\/www.michael-schumacher.es\/noticias-f1\/2013\/11\/02\/entrenamientos-gp-de-abu-dhabi-yas-marina-2013-lotus\/\" data-text=\"Entrenamientos GP de Abu Dhabi, Yas Marina 2013. Lotus\"  >Tweet<\/a><\/li><li class=\"share-email\"><a rel=\"nofollow noopener noreferrer\" data-shared=\"\" class=\"share-email sd-button\" href=\"http:\/\/www.michael-schumacher.es\/noticias-f1\/2013\/11\/02\/entrenamientos-gp-de-abu-dhabi-yas-marina-2013-lotus\/?share=email\" target=\"_blank\" title=\"Haz clic para enviar por correo electr\u00f3nico a un amigo\"><span>Correo electr\u00f3nico<\/span><\/a><\/li><li class=\"share-end\"><\/li><\/ul><\/div><\/div><\/div>","protected":false},"excerpt":{"rendered":"<p>El equipo Lotus ha tenido un buen d\u00eda, completando\u00a0 el trabajo de configuraci\u00f3n en particular la altura del coche, y en la segunda sesi\u00f3n las evaluaciones de los dos compuestos de neum\u00e1ticos. Tuvieron un problema con Romain quien tuvo un fallo en el disco de freno que le hizo perder algo de tiempo y le [&hellip;]<\/p>\n<div class=\"sharedaddy sd-sharing-enabled\"><div class=\"robots-nocontent sd-block sd-social sd-social-official sd-sharing\"><h3 class=\"sd-title\">Opciones Sociales:<\/h3><div class=\"sd-content\"><ul><li class=\"share-facebook\"><div class=\"fb-share-button\" data-href=\"http:\/\/www.michael-schumacher.es\/noticias-f1\/2013\/11\/02\/entrenamientos-gp-de-abu-dhabi-yas-marina-2013-lotus\/\" data-layout=\"button_count\"><\/div><\/li><li class=\"share-twitter\"><a href=\"https:\/\/twitter.com\/share\" class=\"twitter-share-button\" data-url=\"http:\/\/www.michael-schumacher.es\/noticias-f1\/2013\/11\/02\/entrenamientos-gp-de-abu-dhabi-yas-marina-2013-lotus\/\" data-text=\"Entrenamientos GP de Abu Dhabi, Yas Marina 2013. Lotus\"  >Tweet<\/a><\/li><li class=\"share-email\"><a rel=\"nofollow noopener noreferrer\" data-shared=\"\" class=\"share-email sd-button\" href=\"http:\/\/www.michael-schumacher.es\/noticias-f1\/2013\/11\/02\/entrenamientos-gp-de-abu-dhabi-yas-marina-2013-lotus\/?share=email\" target=\"_blank\" title=\"Haz clic para enviar por correo electr\u00f3nico a un amigo\"><span>Correo electr\u00f3nico<\/span><\/a><\/li><li class=\"share-end\"><\/li><\/ul><\/div><\/div><\/div>","protected":false},"author":3,"featured_media":0,"comment_status":"open","ping_status":"open","sticky":false,"template":"","format":"standard","meta":{"_monsterinsights_skip_tracking":false,"_monsterinsights_sitenote_active":false,"_monsterinsights_sitenote_note":"","_monsterinsights_sitenote_category":0,"spay_email":"","jetpack_publicize_message":"","jetpack_is_tweetstorm":false,"jetpack_publicize_feature_enabled":true},"categories":[67,3],"tags":[373,781,3044,443,131,393,232,17,15,6,83,81,379,26,24,82,1788],"jetpack_featured_media_url":"","jetpack_publicize_connections":[],"jetpack_sharing_enabled":true,"jetpack_shortlink":"https:\/\/wp.me\/p27q3P-3wg","_links":{"self":[{"href":"http:\/\/www.michael-schumacher.es\/noticias-f1\/wp-json\/wp\/v2\/posts\/13532"}],"collection":[{"href":"http:\/\/www.michael-schumacher.es\/noticias-f1\/wp-json\/wp\/v2\/posts"}],"about":[{"href":"http:\/\/www.michael-schumacher.es\/noticias-f1\/wp-json\/wp\/v2\/types\/post"}],"author":[{"embeddable":true,"href":"http:\/\/www.michael-schumacher.es\/noticias-f1\/wp-json\/wp\/v2\/users\/3"}],"replies":[{"embeddable":true,"href":"http:\/\/www.michael-schumacher.es\/noticias-f1\/wp-json\/wp\/v2\/comments?post=13532"}],"version-history":[{"count":0,"href":"http:\/\/www.michael-schumacher.es\/noticias-f1\/wp-json\/wp\/v2\/posts\/13532\/revisions"}],"wp:attachment":[{"href":"http:\/\/www.michael-schumacher.es\/noticias-f1\/wp-json\/wp\/v2\/media?parent=13532"}],"wp:term":[{"taxonomy":"category","embeddable":true,"href":"http:\/\/www.michael-schumacher.es\/noticias-f1\/wp-json\/wp\/v2\/categories?post=13532"},{"taxonomy":"post_tag","embeddable":true,"href":"http:\/\/www.michael-schumacher.es\/noticias-f1\/wp-json\/wp\/v2\/tags?post=13532"}],"curies":[{"name":"wp","href":"https:\/\/api.w.org\/{rel}","templated":true}]}}