{"id":13535,"date":"2013-11-02T10:13:38","date_gmt":"2013-11-02T09:13:38","guid":{"rendered":"http:\/\/www.michael-schumacher.es\/noticias-f1\/?p=13535"},"modified":"2013-11-02T02:38:14","modified_gmt":"2013-11-02T01:38:14","slug":"entrenamientos-gp-de-abu-dhabi-yas-marina-2013-red-bull","status":"publish","type":"post","link":"http:\/\/www.michael-schumacher.es\/noticias-f1\/2013\/11\/02\/entrenamientos-gp-de-abu-dhabi-yas-marina-2013-red-bull\/","title":{"rendered":"Entrenamientos GP de Abu Dhabi, Yas Marina 2013. Red Bull"},"content":{"rendered":"<p><a href=\"http:\/\/www.michael-schumacher.es\/noticias-f1\/wp-content\/uploads\/2013\/03\/mark_webber_test-bcn-2013_david-sarro.jpg\"><img loading=\"lazy\" class=\"alignleft\" alt=\"mark_webber_test-bcn-2013_david-sarro\" src=\"http:\/\/www.michael-schumacher.es\/noticias-f1\/wp-content\/uploads\/2013\/03\/mark_webber_test-bcn-2013_david-sarro.jpg\" width=\"200\" height=\"133\" \/><\/a>El equipo Red Bull, no ha perdido nada de su motivaci\u00f3n para ganar tras proclamarse en el Gran Premio de India los campeones de ambos campeonatos y siguen siendo muy competitivos y favoritos a la victoria tambi\u00e9n este domingo en Yas Marina.<\/p>\n<p><!--more--> <!--noteaser--><\/p>\n<p><a href=\"http:\/\/www.michael-schumacher.es\/noticias-f1\/wp-content\/uploads\/2013\/03\/mark_webber_test-bcn-2013_david-sarro.jpg\"><img loading=\"lazy\" class=\"aligncenter size-full wp-image-8304\" alt=\"mark_webber_test-bcn-2013_david-sarro\" src=\"http:\/\/www.michael-schumacher.es\/noticias-f1\/wp-content\/uploads\/2013\/03\/mark_webber_test-bcn-2013_david-sarro.jpg\" width=\"650\" height=\"433\" srcset=\"http:\/\/www.michael-schumacher.es\/noticias-f1\/wp-content\/uploads\/2013\/03\/mark_webber_test-bcn-2013_david-sarro.jpg 650w, http:\/\/www.michael-schumacher.es\/noticias-f1\/wp-content\/uploads\/2013\/03\/mark_webber_test-bcn-2013_david-sarro-300x199.jpg 300w\" sizes=\"(max-width: 650px) 100vw, 650px\" \/><\/a><\/p>\n<p>&nbsp;<\/p>\n<p>&nbsp;<\/p>\n<p>El equipo Red Bull, no ha perdido nada de su motivaci\u00f3n para ganar tras proclamarse en el Gran Premio de India los campeones de ambos campeonatos y siguen siendo muy competitivos y favoritos a la victoria tambi\u00e9n este domingo en Yas Marina.<\/p>\n<p>&nbsp;<\/p>\n<p>Sebastian Vettel el tetracampe\u00f3n, no se arriesga a compararse con los dem\u00e1s y ve tambi\u00e9n r\u00e1pidos a Lotus, pero sin duda \u00e9l tambi\u00e9n es muy r\u00e1pido tal como lo demuestra finalizar la sesi\u00f3n de la ma\u00f1ana tercero y la sesi\u00f3n de la tarde el m\u00e1s r\u00e1pido. Sin mayores problemas hoy ha finalizado el d\u00eda contento. Mark Webber tambi\u00e9n ha tenido un\u00a0 buen d\u00eda de entrenamiento finalizando en la ma\u00f1ana cuarto y en la tarde con el segundo mejor tiempo detr\u00e1s de su compa\u00f1ero, adem\u00e1s considera que la segunda sesi\u00f3n fue m\u00e1s representativa de la carrera y la calificaci\u00f3n ya que es misma hora y temperatura, por lo que considera que no ha estado mal para el primer d\u00eda, adem\u00e1s han recogido la informaci\u00f3n necesaria para la noche, y entender el coche con los\u00a0 dos tipos de neum\u00e1ticos.<\/p>\n<p>&nbsp;<\/p>\n<p><strong>Sebastian Vettel:<\/strong> <em>\u201cEs dif\u00edcil decir hoy c\u00f3mo nos comparamos con los dem\u00e1s, sabemos que el Lotus es r\u00e1pido aqu\u00ed, pero tambi\u00e9n tuvimos ritmo decente hoy, no siempre es tan f\u00e1cil en este circuito con las condiciones cambiantes durante todo el d\u00eda. Empezamos en el sol y terminamos en la noche, con los cambios de temperatura de la pista durante ese tiempo. Pero, no hay grandes problemas, as\u00ed que estoy muy feliz\u201d.<\/em><\/p>\n<p>&nbsp;<\/p>\n<p><strong>Mark Webber:<\/strong> <em>\u201cLa segunda sesi\u00f3n de hoy fue m\u00e1s representativo de la carrera y la calificaci\u00f3n que la primero, debido a la hora del d\u00eda y las temperaturas Era mucho sobre los neum\u00e1ticos de hoy. Creo que el neum\u00e1tico blando aguantar\u00e1 mejor aqu\u00ed de lo que hizo la semana pasada. No estaba mal para el primer d\u00eda, nos dio la informaci\u00f3n que necesit\u00e1bamos, as\u00ed que vamos a ver c\u00f3mo nos va ma\u00f1ana. Vamos a pasar esta noche y tratando de entender el coche con los\u00a0 dos compuestos de neum\u00e1ticos\u201d.<\/em><\/p>\n<p>&nbsp;<\/p>\n<p><strong>Imagen:<\/strong> David Sarr\u00f3<\/p>\n<div class=\"sharedaddy sd-sharing-enabled\"><div class=\"robots-nocontent sd-block sd-social sd-social-official sd-sharing\"><h3 class=\"sd-title\">Opciones Sociales:<\/h3><div class=\"sd-content\"><ul><li class=\"share-facebook\"><div class=\"fb-share-button\" data-href=\"http:\/\/www.michael-schumacher.es\/noticias-f1\/2013\/11\/02\/entrenamientos-gp-de-abu-dhabi-yas-marina-2013-red-bull\/\" data-layout=\"button_count\"><\/div><\/li><li class=\"share-twitter\"><a href=\"https:\/\/twitter.com\/share\" class=\"twitter-share-button\" data-url=\"http:\/\/www.michael-schumacher.es\/noticias-f1\/2013\/11\/02\/entrenamientos-gp-de-abu-dhabi-yas-marina-2013-red-bull\/\" data-text=\"Entrenamientos GP de Abu Dhabi, Yas Marina 2013. Red Bull\"  >Tweet<\/a><\/li><li class=\"share-email\"><a rel=\"nofollow noopener noreferrer\" data-shared=\"\" class=\"share-email sd-button\" href=\"http:\/\/www.michael-schumacher.es\/noticias-f1\/2013\/11\/02\/entrenamientos-gp-de-abu-dhabi-yas-marina-2013-red-bull\/?share=email\" target=\"_blank\" title=\"Haz clic para enviar por correo electr\u00f3nico a un amigo\"><span>Correo electr\u00f3nico<\/span><\/a><\/li><li class=\"share-end\"><\/li><\/ul><\/div><\/div><\/div>","protected":false},"excerpt":{"rendered":"<p>El equipo Red Bull, no ha perdido nada de su motivaci\u00f3n para ganar tras proclamarse en el Gran Premio de India los campeones de ambos campeonatos y siguen siendo muy competitivos y favoritos a la victoria tambi\u00e9n este domingo en Yas Marina.<\/p>\n<div class=\"sharedaddy sd-sharing-enabled\"><div class=\"robots-nocontent sd-block sd-social sd-social-official sd-sharing\"><h3 class=\"sd-title\">Opciones Sociales:<\/h3><div class=\"sd-content\"><ul><li class=\"share-facebook\"><div class=\"fb-share-button\" data-href=\"http:\/\/www.michael-schumacher.es\/noticias-f1\/2013\/11\/02\/entrenamientos-gp-de-abu-dhabi-yas-marina-2013-red-bull\/\" data-layout=\"button_count\"><\/div><\/li><li class=\"share-twitter\"><a href=\"https:\/\/twitter.com\/share\" class=\"twitter-share-button\" data-url=\"http:\/\/www.michael-schumacher.es\/noticias-f1\/2013\/11\/02\/entrenamientos-gp-de-abu-dhabi-yas-marina-2013-red-bull\/\" data-text=\"Entrenamientos GP de Abu Dhabi, Yas Marina 2013. Red Bull\"  >Tweet<\/a><\/li><li class=\"share-email\"><a rel=\"nofollow noopener noreferrer\" data-shared=\"\" class=\"share-email sd-button\" href=\"http:\/\/www.michael-schumacher.es\/noticias-f1\/2013\/11\/02\/entrenamientos-gp-de-abu-dhabi-yas-marina-2013-red-bull\/?share=email\" target=\"_blank\" title=\"Haz clic para enviar por correo electr\u00f3nico a un amigo\"><span>Correo electr\u00f3nico<\/span><\/a><\/li><li class=\"share-end\"><\/li><\/ul><\/div><\/div><\/div>","protected":false},"author":3,"featured_media":0,"comment_status":"open","ping_status":"open","sticky":false,"template":"","format":"standard","meta":{"_monsterinsights_skip_tracking":false,"_monsterinsights_sitenote_active":false,"_monsterinsights_sitenote_note":"","_monsterinsights_sitenote_category":0,"spay_email":"","jetpack_publicize_message":"","jetpack_is_tweetstorm":false,"jetpack_publicize_feature_enabled":true},"categories":[67,3],"tags":[373,781,131,393,17,15,6,8,379,72,1245,51,71,30,73,1788],"jetpack_featured_media_url":"","jetpack_publicize_connections":[],"jetpack_sharing_enabled":true,"jetpack_shortlink":"https:\/\/wp.me\/p27q3P-3wj","_links":{"self":[{"href":"http:\/\/www.michael-schumacher.es\/noticias-f1\/wp-json\/wp\/v2\/posts\/13535"}],"collection":[{"href":"http:\/\/www.michael-schumacher.es\/noticias-f1\/wp-json\/wp\/v2\/posts"}],"about":[{"href":"http:\/\/www.michael-schumacher.es\/noticias-f1\/wp-json\/wp\/v2\/types\/post"}],"author":[{"embeddable":true,"href":"http:\/\/www.michael-schumacher.es\/noticias-f1\/wp-json\/wp\/v2\/users\/3"}],"replies":[{"embeddable":true,"href":"http:\/\/www.michael-schumacher.es\/noticias-f1\/wp-json\/wp\/v2\/comments?post=13535"}],"version-history":[{"count":0,"href":"http:\/\/www.michael-schumacher.es\/noticias-f1\/wp-json\/wp\/v2\/posts\/13535\/revisions"}],"wp:attachment":[{"href":"http:\/\/www.michael-schumacher.es\/noticias-f1\/wp-json\/wp\/v2\/media?parent=13535"}],"wp:term":[{"taxonomy":"category","embeddable":true,"href":"http:\/\/www.michael-schumacher.es\/noticias-f1\/wp-json\/wp\/v2\/categories?post=13535"},{"taxonomy":"post_tag","embeddable":true,"href":"http:\/\/www.michael-schumacher.es\/noticias-f1\/wp-json\/wp\/v2\/tags?post=13535"}],"curies":[{"name":"wp","href":"https:\/\/api.w.org\/{rel}","templated":true}]}}