{"id":13550,"date":"2013-11-03T02:00:11","date_gmt":"2013-11-03T01:00:11","guid":{"rendered":"http:\/\/www.michael-schumacher.es\/noticias-f1\/?p=13550"},"modified":"2013-11-03T01:13:34","modified_gmt":"2013-11-03T00:13:34","slug":"calificacion-gp-de-abu-dhabi-yas-marina-2013-toro-rosso","status":"publish","type":"post","link":"http:\/\/www.michael-schumacher.es\/noticias-f1\/2013\/11\/03\/calificacion-gp-de-abu-dhabi-yas-marina-2013-toro-rosso\/","title":{"rendered":"Calificaci\u00f3n GP de Abu Dhabi, Yas Marina 2013. Toro Rosso"},"content":{"rendered":"<p><a href=\"http:\/\/www.michael-schumacher.es\/noticias-f1\/wp-content\/uploads\/2013\/03\/jean-eric_vergne_test-bcn-2013_david-sarro.jpg\"><img loading=\"lazy\" class=\"alignleft\" alt=\"Jean-Eric Vergne - Test Bcn 2013 David Sarr\u00f3\" src=\"http:\/\/www.michael-schumacher.es\/noticias-f1\/wp-content\/uploads\/2013\/03\/jean-eric_vergne_test-bcn-2013_david-sarro.jpg\" width=\"200\" height=\"133\" \/><\/a>El equipo Toro Rosso ha tenido una calificaci\u00f3n dispar con ambos pilotos, ya que pese a tener un buen ritmo no han podido pasar con ambos pilotos a Q3. Sin embargo esperan que en carrera puedan aprovechar de ese ritmo y hacer un buen resultado sumando puntos con ambos pilotos.<\/p>\n<p><!--more--> <!--noteaser--><\/p>\n<p><a href=\"http:\/\/www.michael-schumacher.es\/noticias-f1\/wp-content\/uploads\/2013\/03\/jean-eric_vergne_test-bcn-2013_david-sarro.jpg\"><img loading=\"lazy\" class=\"aligncenter size-full wp-image-8335\" alt=\"Jean-Eric Vergne - Test Bcn 2013 David Sarr\u00f3\" src=\"http:\/\/www.michael-schumacher.es\/noticias-f1\/wp-content\/uploads\/2013\/03\/jean-eric_vergne_test-bcn-2013_david-sarro.jpg\" width=\"650\" height=\"433\" srcset=\"http:\/\/www.michael-schumacher.es\/noticias-f1\/wp-content\/uploads\/2013\/03\/jean-eric_vergne_test-bcn-2013_david-sarro.jpg 650w, http:\/\/www.michael-schumacher.es\/noticias-f1\/wp-content\/uploads\/2013\/03\/jean-eric_vergne_test-bcn-2013_david-sarro-300x199.jpg 300w\" sizes=\"(max-width: 650px) 100vw, 650px\" \/><\/a><\/p>\n<p>&nbsp;<\/p>\n<p>&nbsp;<\/p>\n<p>El equipo Toro Rosso ha tenido una calificaci\u00f3n dispar con ambos pilotos, ya que pese a tener un buen ritmo no han podido pasar con ambos pilotos a Q3. Sin embargo esperan que en carrera puedan aprovechar de ese ritmo y hacer un buen resultado sumando puntos con ambos pilotos.<\/p>\n<p>&nbsp;<\/p>\n<p>Daniel Ricciardo est\u00e1 satisfecho con su d\u00e9cima posici\u00f3n en la calificaci\u00f3n de hoy, sobretodo porque han tenido muchas dificultades para poner el coche a punto y al gusto del piloto. Jean-Eric Vergne sin embargo lamenta su error en calificaci\u00f3n por el que acab\u00f3 en posici\u00f3n 14\u00ba, ya que quiso empujar demasiado, ya que estaba muy contento con su coche, pero espera con el buen ritmo que ten\u00eda y una buena estrategia, hacer una carrera con la que superar la decepci\u00f3n de hoy.<\/p>\n<p>&nbsp;<\/p>\n<p><strong>Daniel Ricciardo:<\/strong> <em>\u201cCreo entrar en Q3 ya era un buen logro, despu\u00e9s de las dificultades que hab\u00eda experimentado para conseguir el coche de la manera que me gusta el viernes y hasta el final de la pr\u00e1ctica de hoy. Mi vuelta Q2 fue muy buena, pero no es la mejor, as\u00ed que entr\u00f3 en la Q3 pensando que podr\u00eda mejorar en algunas \u00e1reas. Hemos decidido hacer un peque\u00f1o ajuste a las presiones de los neum\u00e1ticos delanteros, que result\u00f3 no ser la decisi\u00f3n correcta, ya entonces ten\u00eda que trabajar m\u00e1s para calentar los neum\u00e1ticos. La vuelta en s\u00ed no estaba mal, pero el tiempo nunca lleg\u00f3. \u00bfEl calor? No es un problema,\u00a0 solo una vez que sales del coche, porque el interior de la cabina se obtiene alg\u00fan flujo de aire y est\u00e1 todo bien.\u201d<\/em><\/p>\n<p>&nbsp;<\/p>\n<p><strong>Jean-Eric Vergne:<\/strong> <em>\u201cTodo sali\u00f3 a la perfecci\u00f3n en la Q1 y en la Q2, logr\u00e9 mejorar mi tiempo, incluso con neum\u00e1ticos usados y me dirig\u00eda con un muy buen tiempo en mi \u00faltimo intento, pero se bloquearon las ruedas\u00a0 masivamente en la curva 8 y acabe con la ventaja que ten\u00eda. Es una verdadera pena, porque todo el mundo ha trabajado muy duro ayer y ayer por la noche para darme un buen coche, estaba muy contento con la forma correcta desde el principio de la FP3. Tengo que poner mi mano y decir que comet\u00ed el error. Yo quer\u00eda demasiado e intente muy duro. En el lado positivo para ma\u00f1ana, he tenido el ritmo el fin de semana y la velocidad est\u00e1 ah\u00ed. As\u00ed que, con un buen plan estrat\u00e9gico, estoy esperando con inter\u00e9s la carrera, cuando estoy seguro de que puedo hacer contra la decepci\u00f3n de esta noche\u201d.<\/em><\/p>\n<p>&nbsp;<\/p>\n<p><strong>James Key (Director T\u00e9cnico):<\/strong> <em>\u201cDespu\u00e9s de ninguno de los pilotos estaba contento con el equilibrio del coche el viernes, el equipo ha trabajado muy duro durante toda la noche para ajustar el coche para hoy con los niveles correctos. Parec\u00eda haber trabajado Jev estaba inmediatamente contento con el coche esta ma\u00f1ana, Daniel no tanto, lo que involucr\u00f3 a trabajar un poco m\u00e1s en su lado del garaje antes de la calificaci\u00f3n. Despu\u00e9s de esta fase de clasificaci\u00f3n, los sentimientos son un poco mixtos, ya que cree que podr\u00eda haber tenido dos coches en la Q3. Por desgracia, Jean-Eric perdi\u00f3 un poco de tiempo en el sector medio de su vuelta r\u00e1pida final en Q2, cuando s\u00f3lo necesitaba las dos d\u00e9cimas de mejora que podr\u00edamos esperar de los neum\u00e1ticos nuevos, y ya estaba tan cerca, ese error fue suficiente para mantenerlo fuera de los diez primeros. Daniel hizo un buen trabajo para entrar en la Q3, pero no pudo repetir su mejor tiempo de la Q2 y as\u00ed hemos terminado m\u00e1s atr\u00e1s de lo que esper\u00e1bamos. Sin embargo, es alentador estar de vuelta en la Q3 y por lo que vimos ayer, nuestro ritmo en tandas largas se muestra muy fuerte, as\u00ed que podemos esperar Daniel sacar provecho de eso, como puede hacerlo Jev, que ha sido muy competitivo durante todo el fin de semana, aparte de esta noche.\u201d<\/em><\/p>\n<p>&nbsp;<\/p>\n<p><strong>Imagen:<\/strong> David Sarr\u00f3<\/p>\n<div class=\"sharedaddy sd-sharing-enabled\"><div class=\"robots-nocontent sd-block sd-social sd-social-official sd-sharing\"><h3 class=\"sd-title\">Opciones Sociales:<\/h3><div class=\"sd-content\"><ul><li class=\"share-facebook\"><div class=\"fb-share-button\" data-href=\"http:\/\/www.michael-schumacher.es\/noticias-f1\/2013\/11\/03\/calificacion-gp-de-abu-dhabi-yas-marina-2013-toro-rosso\/\" data-layout=\"button_count\"><\/div><\/li><li class=\"share-twitter\"><a href=\"https:\/\/twitter.com\/share\" class=\"twitter-share-button\" data-url=\"http:\/\/www.michael-schumacher.es\/noticias-f1\/2013\/11\/03\/calificacion-gp-de-abu-dhabi-yas-marina-2013-toro-rosso\/\" data-text=\"Calificaci\u00f3n GP de Abu Dhabi, Yas Marina 2013. Toro Rosso\"  >Tweet<\/a><\/li><li class=\"share-email\"><a rel=\"nofollow noopener noreferrer\" data-shared=\"\" class=\"share-email sd-button\" href=\"http:\/\/www.michael-schumacher.es\/noticias-f1\/2013\/11\/03\/calificacion-gp-de-abu-dhabi-yas-marina-2013-toro-rosso\/?share=email\" target=\"_blank\" title=\"Haz clic para enviar por correo electr\u00f3nico a un amigo\"><span>Correo electr\u00f3nico<\/span><\/a><\/li><li class=\"share-end\"><\/li><\/ul><\/div><\/div><\/div>","protected":false},"excerpt":{"rendered":"<p>El equipo Toro Rosso ha tenido una calificaci\u00f3n dispar con ambos pilotos, ya que pese a tener un buen ritmo no han podido pasar con ambos pilotos a Q3. Sin embargo esperan que en carrera puedan aprovechar de ese ritmo y hacer un buen resultado sumando puntos con ambos pilotos.<\/p>\n<div class=\"sharedaddy sd-sharing-enabled\"><div class=\"robots-nocontent sd-block sd-social sd-social-official sd-sharing\"><h3 class=\"sd-title\">Opciones Sociales:<\/h3><div class=\"sd-content\"><ul><li class=\"share-facebook\"><div class=\"fb-share-button\" data-href=\"http:\/\/www.michael-schumacher.es\/noticias-f1\/2013\/11\/03\/calificacion-gp-de-abu-dhabi-yas-marina-2013-toro-rosso\/\" data-layout=\"button_count\"><\/div><\/li><li class=\"share-twitter\"><a href=\"https:\/\/twitter.com\/share\" class=\"twitter-share-button\" data-url=\"http:\/\/www.michael-schumacher.es\/noticias-f1\/2013\/11\/03\/calificacion-gp-de-abu-dhabi-yas-marina-2013-toro-rosso\/\" data-text=\"Calificaci\u00f3n GP de Abu Dhabi, Yas Marina 2013. Toro Rosso\"  >Tweet<\/a><\/li><li class=\"share-email\"><a rel=\"nofollow noopener noreferrer\" data-shared=\"\" class=\"share-email sd-button\" href=\"http:\/\/www.michael-schumacher.es\/noticias-f1\/2013\/11\/03\/calificacion-gp-de-abu-dhabi-yas-marina-2013-toro-rosso\/?share=email\" target=\"_blank\" title=\"Haz clic para enviar por correo electr\u00f3nico a un amigo\"><span>Correo electr\u00f3nico<\/span><\/a><\/li><li class=\"share-end\"><\/li><\/ul><\/div><\/div><\/div>","protected":false},"author":3,"featured_media":0,"comment_status":"open","ping_status":"open","sticky":false,"template":"","format":"standard","meta":{"_monsterinsights_skip_tracking":false,"_monsterinsights_sitenote_active":false,"_monsterinsights_sitenote_note":"","_monsterinsights_sitenote_category":0,"spay_email":"","jetpack_publicize_message":"","jetpack_is_tweetstorm":false,"jetpack_publicize_feature_enabled":true},"categories":[68,3],"tags":[373,781,155,159,101,17,15,6,8,99,102,103,100,1788],"jetpack_featured_media_url":"","jetpack_publicize_connections":[],"jetpack_sharing_enabled":true,"jetpack_shortlink":"https:\/\/wp.me\/p27q3P-3wy","_links":{"self":[{"href":"http:\/\/www.michael-schumacher.es\/noticias-f1\/wp-json\/wp\/v2\/posts\/13550"}],"collection":[{"href":"http:\/\/www.michael-schumacher.es\/noticias-f1\/wp-json\/wp\/v2\/posts"}],"about":[{"href":"http:\/\/www.michael-schumacher.es\/noticias-f1\/wp-json\/wp\/v2\/types\/post"}],"author":[{"embeddable":true,"href":"http:\/\/www.michael-schumacher.es\/noticias-f1\/wp-json\/wp\/v2\/users\/3"}],"replies":[{"embeddable":true,"href":"http:\/\/www.michael-schumacher.es\/noticias-f1\/wp-json\/wp\/v2\/comments?post=13550"}],"version-history":[{"count":0,"href":"http:\/\/www.michael-schumacher.es\/noticias-f1\/wp-json\/wp\/v2\/posts\/13550\/revisions"}],"wp:attachment":[{"href":"http:\/\/www.michael-schumacher.es\/noticias-f1\/wp-json\/wp\/v2\/media?parent=13550"}],"wp:term":[{"taxonomy":"category","embeddable":true,"href":"http:\/\/www.michael-schumacher.es\/noticias-f1\/wp-json\/wp\/v2\/categories?post=13550"},{"taxonomy":"post_tag","embeddable":true,"href":"http:\/\/www.michael-schumacher.es\/noticias-f1\/wp-json\/wp\/v2\/tags?post=13550"}],"curies":[{"name":"wp","href":"https:\/\/api.w.org\/{rel}","templated":true}]}}