{"id":13564,"date":"2013-11-03T05:28:25","date_gmt":"2013-11-03T04:28:25","guid":{"rendered":"http:\/\/www.michael-schumacher.es\/noticias-f1\/?p=13564"},"modified":"2013-11-03T02:38:03","modified_gmt":"2013-11-03T01:38:03","slug":"calificacion-gp-de-abu-dhabi-yas-marina-2013-mclaren","status":"publish","type":"post","link":"http:\/\/www.michael-schumacher.es\/noticias-f1\/2013\/11\/03\/calificacion-gp-de-abu-dhabi-yas-marina-2013-mclaren\/","title":{"rendered":"Calificaci\u00f3n GP de Abu Dhabi, Yas Marina 2013. McLaren"},"content":{"rendered":"<p><a href=\"http:\/\/www.michael-schumacher.es\/noticias-f1\/wp-content\/uploads\/2013\/02\/Sergio-Perez-McLaren.jpg\"><img loading=\"lazy\" class=\"alignleft\" alt=\"Sergio Perez McLaren Test Barcelona dia 2\" src=\"http:\/\/www.michael-schumacher.es\/noticias-f1\/wp-content\/uploads\/2013\/02\/Sergio-Perez-McLaren.jpg\" width=\"200\" height=\"106\" \/><\/a>El equipo McLaren pese a que desde el inicio del fin de semana ambos pilotos ten\u00edan un buen ritmo, la calificaci\u00f3n ha sido decepcionante. Aunque P\u00e9rez ha logrado estar entre los diez primeros, todav\u00eda pod\u00eda haber estado m\u00e1s arriba pero una bandera amarilla le quito las opciones. Button no pudo encontrar el equilibrio y no consigui\u00f3 entrar en Q3.Pero el objetivo de ma\u00f1ana es sumar tantos puntos como sea posible y consolidar la posici\u00f3n en el Campeonato del Mundo de Constructores.<\/p>\n<p><!--more--> <!--noteaser--><\/p>\n<p><a href=\"http:\/\/www.michael-schumacher.es\/noticias-f1\/wp-content\/uploads\/2013\/02\/Sergio-Perez-McLaren.jpg\"><img loading=\"lazy\" class=\"aligncenter size-full wp-image-8015\" alt=\"Sergio Perez McLaren Test Barcelona dia 2\" src=\"http:\/\/www.michael-schumacher.es\/noticias-f1\/wp-content\/uploads\/2013\/02\/Sergio-Perez-McLaren.jpg\" width=\"660\" height=\"350\" srcset=\"http:\/\/www.michael-schumacher.es\/noticias-f1\/wp-content\/uploads\/2013\/02\/Sergio-Perez-McLaren.jpg 660w, http:\/\/www.michael-schumacher.es\/noticias-f1\/wp-content\/uploads\/2013\/02\/Sergio-Perez-McLaren-300x159.jpg 300w\" sizes=\"(max-width: 660px) 100vw, 660px\" \/><\/a><\/p>\n<p>&nbsp;<\/p>\n<p>&nbsp;<\/p>\n<p>El equipo McLaren pese a que desde el inicio del fin de semana ambos pilotos ten\u00edan un buen ritmo, la calificaci\u00f3n ha sido decepcionante. Aunque P\u00e9rez ha logrado estar entre los diez primeros, todav\u00eda pod\u00eda haber estado m\u00e1s arriba pero una bandera amarilla le quito las opciones. Button no pudo encontrar el equilibrio y no consigui\u00f3 entrar en Q3.Pero el objetivo de ma\u00f1ana es sumar tantos puntos como sea posible y consolidar la posici\u00f3n en el Campeonato del Mundo de Constructores.<\/p>\n<p>&nbsp;<\/p>\n<p>Sergio P\u00e9rez considera que el coche iba muy bien y pod\u00eda haber sido s\u00e9ptimo, pero ha calificado en posici\u00f3n 9\u00ba. En un fin de semana de mejora y est\u00e1 deseando iniciar la carrera. Jenson Button a quien le ha costado conseguir un buen rendimiento de los neum\u00e1ticos debido a las temperaturas m\u00e1s bajas y pese a que se vio muy bien durante todo el fin de semana e incluso en los terceros entrenamientos logr\u00f3 el sexto mejor tiempo, en calificaci\u00f3n no encontr\u00f3 el equilibrio adecuado y no pudo pasar a Q3, por lo que ha calificado en posici\u00f3n 13\u00ba.<\/p>\n<p>&nbsp;<\/p>\n<p><strong>Sergio P\u00e9rez:<\/strong> <em>\u201cEl coche ha ido muy bien hoy, si nos encontramos un par de cent\u00e9simas de m\u00e1s, incluso podr\u00eda haber sido s\u00e9ptimo. Era alcanzable. Era importante mantener la calma despu\u00e9s de un decepcionante FP3 Creo que hemos hecho los pasos correctos a seguir para la carrera, sobre todo porque sab\u00edamos lo mucho que la pista iba a cambiar desde la tarde hasta la noche. Reaccionamos bien. En general, ha sido un fin de semana de mejora para el equipo, as\u00ed que estoy deseando que llegue ma\u00f1ana.\u00bb<\/em><\/p>\n<p>&nbsp;<\/p>\n<p><strong>Jenson Buton:<\/strong> <em>\u201cQ3 de hoy ha sido una sesi\u00f3n desconcertante. Creo que nos cost\u00f3 conseguir que los neum\u00e1ticos funcionaran debido a las temperaturas m\u00e1s bajas -. Me tuve que sacar m\u00e1s del aler\u00f3n trasero para tratar de ayudar a equilibrar el coche, pero no fue suficiente Est\u00e1bamos llegando al m\u00e1ximo en el aler\u00f3n delantero, tambi\u00e9n No hab\u00eda nada m\u00e1s que pudiera haber hecho con el coche para ayudar a la parte delantera, ya que ya est\u00e1bamos corriendo muy baja carga aerodin\u00e1mica en la parte trasera &#8211; como puede verse por nuestra velocidad punta en recta. Es muy frustrante, porque en la FP3 de esta tarde nos parec\u00eda muy prometedores- el sexto m\u00e1s r\u00e1pido &#8211; y el coche se sent\u00eda muy bien.\u00bb<\/em><\/p>\n<p>&nbsp;<\/p>\n<p><strong>Martin Whitmarsh director del equipo:<\/strong> <em>\u00abDespu\u00e9s de nuestra actuaci\u00f3n razonablemente prometedoras de FP1, FP2 y FP3, la calificaci\u00f3n de hoy, fue sin duda bastante decepcionante para nosotros. Por otra parte, incluso en Q2 esta tarde, Checo mostr\u00f3 ritmo y la promesa, registrando el tiempo de vuelta quinto mejor, as\u00ed que era una l\u00e1stima que una bandera amarilla en peligro su capacidad para cumplir esa promesa y el ritmo en la Q3. En cuanto a Jenson, \u00e9l se ve\u00eda muy bien durante todo el fin de semana hasta ahora, registrando el tiempo de vuelta sexto m\u00e1s r\u00e1pido en la FP3 de esta ma\u00f1ana, pero por desgracia esta tarde no fue capaz de encontrar el mismo equilibrio y, como resultado, no pudo pasar para Q3.Ma\u00f1ana, sin embargo, como hemos visto hacer muchas veces antes, tanto Jenson y Checo seguramente correr\u00e1n duramente y bien, y ser\u00e1 el objetivo anotar tantos puntos como sea posible en un esfuerzo por consolidar nuestra posici\u00f3n en el Campeonato del Mundo de Constructores.\u201d<\/em><\/p>\n<p>&nbsp;<\/p>\n<p>&nbsp;<\/p>\n<div class=\"sharedaddy sd-sharing-enabled\"><div class=\"robots-nocontent sd-block sd-social sd-social-official sd-sharing\"><h3 class=\"sd-title\">Opciones Sociales:<\/h3><div class=\"sd-content\"><ul><li class=\"share-facebook\"><div class=\"fb-share-button\" data-href=\"http:\/\/www.michael-schumacher.es\/noticias-f1\/2013\/11\/03\/calificacion-gp-de-abu-dhabi-yas-marina-2013-mclaren\/\" data-layout=\"button_count\"><\/div><\/li><li class=\"share-twitter\"><a href=\"https:\/\/twitter.com\/share\" class=\"twitter-share-button\" data-url=\"http:\/\/www.michael-schumacher.es\/noticias-f1\/2013\/11\/03\/calificacion-gp-de-abu-dhabi-yas-marina-2013-mclaren\/\" data-text=\"Calificaci\u00f3n GP de Abu Dhabi, Yas Marina 2013. McLaren\"  >Tweet<\/a><\/li><li class=\"share-email\"><a rel=\"nofollow noopener noreferrer\" data-shared=\"\" class=\"share-email sd-button\" href=\"http:\/\/www.michael-schumacher.es\/noticias-f1\/2013\/11\/03\/calificacion-gp-de-abu-dhabi-yas-marina-2013-mclaren\/?share=email\" target=\"_blank\" title=\"Haz clic para enviar por correo electr\u00f3nico a un amigo\"><span>Correo electr\u00f3nico<\/span><\/a><\/li><li class=\"share-end\"><\/li><\/ul><\/div><\/div><\/div>","protected":false},"excerpt":{"rendered":"<p>El equipo McLaren pese a que desde el inicio del fin de semana ambos pilotos ten\u00edan un buen ritmo, la calificaci\u00f3n ha sido decepcionante. Aunque P\u00e9rez ha logrado estar entre los diez primeros, todav\u00eda pod\u00eda haber estado m\u00e1s arriba pero una bandera amarilla le quito las opciones. Button no pudo encontrar el equilibrio y no [&hellip;]<\/p>\n<div class=\"sharedaddy sd-sharing-enabled\"><div class=\"robots-nocontent sd-block sd-social sd-social-official sd-sharing\"><h3 class=\"sd-title\">Opciones Sociales:<\/h3><div class=\"sd-content\"><ul><li class=\"share-facebook\"><div class=\"fb-share-button\" data-href=\"http:\/\/www.michael-schumacher.es\/noticias-f1\/2013\/11\/03\/calificacion-gp-de-abu-dhabi-yas-marina-2013-mclaren\/\" data-layout=\"button_count\"><\/div><\/li><li class=\"share-twitter\"><a href=\"https:\/\/twitter.com\/share\" class=\"twitter-share-button\" data-url=\"http:\/\/www.michael-schumacher.es\/noticias-f1\/2013\/11\/03\/calificacion-gp-de-abu-dhabi-yas-marina-2013-mclaren\/\" data-text=\"Calificaci\u00f3n GP de Abu Dhabi, Yas Marina 2013. McLaren\"  >Tweet<\/a><\/li><li class=\"share-email\"><a rel=\"nofollow noopener noreferrer\" data-shared=\"\" class=\"share-email sd-button\" href=\"http:\/\/www.michael-schumacher.es\/noticias-f1\/2013\/11\/03\/calificacion-gp-de-abu-dhabi-yas-marina-2013-mclaren\/?share=email\" target=\"_blank\" title=\"Haz clic para enviar por correo electr\u00f3nico a un amigo\"><span>Correo electr\u00f3nico<\/span><\/a><\/li><li class=\"share-end\"><\/li><\/ul><\/div><\/div><\/div>","protected":false},"author":3,"featured_media":0,"comment_status":"open","ping_status":"open","sticky":false,"template":"","format":"standard","meta":{"_monsterinsights_skip_tracking":false,"_monsterinsights_sitenote_active":false,"_monsterinsights_sitenote_note":"","_monsterinsights_sitenote_category":0,"spay_email":"","jetpack_publicize_message":"","jetpack_is_tweetstorm":false,"jetpack_publicize_feature_enabled":true},"categories":[68,3],"tags":[373,781,13,155,159,17,15,6,8,12,115,138,90,89,1788],"jetpack_featured_media_url":"","jetpack_publicize_connections":[],"jetpack_sharing_enabled":true,"jetpack_shortlink":"https:\/\/wp.me\/p27q3P-3wM","_links":{"self":[{"href":"http:\/\/www.michael-schumacher.es\/noticias-f1\/wp-json\/wp\/v2\/posts\/13564"}],"collection":[{"href":"http:\/\/www.michael-schumacher.es\/noticias-f1\/wp-json\/wp\/v2\/posts"}],"about":[{"href":"http:\/\/www.michael-schumacher.es\/noticias-f1\/wp-json\/wp\/v2\/types\/post"}],"author":[{"embeddable":true,"href":"http:\/\/www.michael-schumacher.es\/noticias-f1\/wp-json\/wp\/v2\/users\/3"}],"replies":[{"embeddable":true,"href":"http:\/\/www.michael-schumacher.es\/noticias-f1\/wp-json\/wp\/v2\/comments?post=13564"}],"version-history":[{"count":0,"href":"http:\/\/www.michael-schumacher.es\/noticias-f1\/wp-json\/wp\/v2\/posts\/13564\/revisions"}],"wp:attachment":[{"href":"http:\/\/www.michael-schumacher.es\/noticias-f1\/wp-json\/wp\/v2\/media?parent=13564"}],"wp:term":[{"taxonomy":"category","embeddable":true,"href":"http:\/\/www.michael-schumacher.es\/noticias-f1\/wp-json\/wp\/v2\/categories?post=13564"},{"taxonomy":"post_tag","embeddable":true,"href":"http:\/\/www.michael-schumacher.es\/noticias-f1\/wp-json\/wp\/v2\/tags?post=13564"}],"curies":[{"name":"wp","href":"https:\/\/api.w.org\/{rel}","templated":true}]}}