{"id":13579,"date":"2013-11-03T23:55:07","date_gmt":"2013-11-03T22:55:07","guid":{"rendered":"http:\/\/www.michael-schumacher.es\/noticias-f1\/?p=13579"},"modified":"2013-11-03T21:53:43","modified_gmt":"2013-11-03T20:53:43","slug":"balance-gp-de-abu-dhabi-yas-marina-2013-caterham","status":"publish","type":"post","link":"http:\/\/www.michael-schumacher.es\/noticias-f1\/2013\/11\/03\/balance-gp-de-abu-dhabi-yas-marina-2013-caterham\/","title":{"rendered":"Balance GP de Abu Dhabi, Yas Marina 2013. Caterham"},"content":{"rendered":"<p><a href=\"http:\/\/www.michael-schumacher.es\/noticias-f1\/wp-content\/uploads\/2013\/03\/giedo_van_der_garde_test-bcn-2013_david-sarro.jpg\"><img loading=\"lazy\" class=\"alignleft\" alt=\"Giedo Van  der Garde - Test Bcn 2013 - David Sarr\u00f3\" src=\"http:\/\/www.michael-schumacher.es\/noticias-f1\/wp-content\/uploads\/2013\/03\/giedo_van_der_garde_test-bcn-2013_david-sarro.jpg\" width=\"200\" height=\"133\" \/><\/a>El equipo Caterham ha tenido una carrera con buen rendimiento y con el objetivo de superar a los rivales logrado aunque todav\u00eda consideran que necesitaran m\u00e1s suerte para poder obtener la d\u00e9cima posici\u00f3n en el Campeonato de constructores, pero lo van a intentar.<\/p>\n<p><!--more--> <!--noteaser--><\/p>\n<p><a href=\"http:\/\/www.michael-schumacher.es\/noticias-f1\/wp-content\/uploads\/2013\/03\/giedo_van_der_garde_test-bcn-2013_david-sarro.jpg\"><img loading=\"lazy\" class=\"aligncenter size-full wp-image-8230\" alt=\"Giedo Van  der Garde - Test Bcn 2013 - David Sarr\u00f3\" src=\"http:\/\/www.michael-schumacher.es\/noticias-f1\/wp-content\/uploads\/2013\/03\/giedo_van_der_garde_test-bcn-2013_david-sarro.jpg\" width=\"650\" height=\"433\" srcset=\"http:\/\/www.michael-schumacher.es\/noticias-f1\/wp-content\/uploads\/2013\/03\/giedo_van_der_garde_test-bcn-2013_david-sarro.jpg 650w, http:\/\/www.michael-schumacher.es\/noticias-f1\/wp-content\/uploads\/2013\/03\/giedo_van_der_garde_test-bcn-2013_david-sarro-300x199.jpg 300w\" sizes=\"(max-width: 650px) 100vw, 650px\" \/><\/a><\/p>\n<p>&nbsp;<\/p>\n<p>&nbsp;<\/p>\n<p>El equipo Caterham ha tenido una carrera con buen rendimiento y con el objetivo de superar a los rivales logrado aunque todav\u00eda consideran que necesitaran m\u00e1s suerte para poder obtener la d\u00e9cima posici\u00f3n en el Campeonato de constructores, pero lo van a intentar.<\/p>\n<p>&nbsp;<\/p>\n<p>Charles Pic aunque ha tenido un buen comienzo, pero poco a poco fue perdiendo ritmo y equilibrio en el coche, por lo que ha acabado en posici\u00f3n 19\u00ba, dejando pasar a su compa\u00f1ero a petici\u00f3n del equipo. Giedo van der Garde considera que tuvo una de sus mejores carreras, pese a que tuvo un contacto con su trasero izquierdo con Raikkonen en la curva uno, con el que casi hizo un trompo, y perdi\u00f3 un poco de tiempo. Pero despu\u00e9s pudo empujar y finalizar en posici\u00f3n 18\u00ba, as\u00ed que est\u00e1 contento con su carrera de hoy. Y espera un buen resultado en las \u00faltimas dos carreras y terminar la temporada de novato con buena nota.<\/p>\n<p>&nbsp;<\/p>\n<p><strong>Charles Pic:<\/strong> <em>\u201cEl coche ha estado con subviraje el fin de semana y hemos llevado lo mismo hoy en la carrera, he tenido un comienzo bueno, pasando a Chilton y Bottas, pero a finales de la segunda vuelta fui inmediatamente alej\u00e1ndome hasta la primera parada en la vuelta ocho,\u00a0 cuando nos fuimos de blandos a los medios. En la segunda etapa el coche no ten\u00eda ning\u00fan balance con que pudiera trabajar. Estaba delante de Giedo pero el equipo me dijo que le dejara pasar y as\u00ed lo hice, pero con la forma del coche sent\u00ed que no pod\u00eda conseguir nada m\u00e1s. Fue lo mismo pr\u00e1cticamente justo hasta la bandera &#8211; en el tramo final me sent\u00ed un poco mejor, pero todav\u00eda muy lejos lo que yo quer\u00eda\u201d.<\/em><\/p>\n<p>&nbsp;<\/p>\n<p><strong>Giedo van der Garde:<\/strong> <em>\u201cTengo que decir que es una de mis mejores carreras. El coche estaba muy bien hoy y el trabajo que los chicos hicieron en las paradas, realmente me ayudaron mucho en la carrera. Al principio yo estaba por delante de Raikkonen, que se puso en contacto con mi trasero izquierdo en la curva uno. Casi me di la vuelta despu\u00e9s del contacto, y perd\u00ed un poco de tiempo a mi compa\u00f1ero de equipo y Chilton, pero tanto Charles como yo le pasamos a finales de la segunda vuelta y luego tambi\u00e9n a por\u00a0 Bottas. Obviamente estoy contento de la suerte estuvo mi camino esta vez y lo hice desde la primera vuelta, y de all\u00ed el coche se sent\u00eda muy bien, realmente bien equilibrado. En la primera parada pase de blandos a medios y realmente pude empujar en todas partes &#8211; ten\u00eda un poco de sobreviraje, pero nada demasiado malo, estaba detr\u00e1s de mi compa\u00f1ero de equipo despu\u00e9s de las paradas, pero ten\u00eda m\u00e1s ritmo y el equipo le hizo una llamada a dejarme pasar &#8211; con aire limpio realmente pod\u00eda empujar y se abri\u00f3 una brecha con \u00e9l hasta la bandera. Sabemos que necesitamos m\u00e1s suerte y que cosas sucedan a los coches, para poder volver a la d\u00e9cima posici\u00f3n en el campeonato, pero sigue siendo bueno haber terminado muy por delante de nuestros rivales m\u00e1s cercanos. Tenemos que llevar esta forma a trav\u00e9s de las dos \u00faltimas carreras y s\u00e9 que si las cosas vienen a nuestra manera, podemos hacer lo que se necesita para terminar mi temporada de novato con una nota muy positiva\u201d.<\/em><\/p>\n<p>&nbsp;<\/p>\n<p><strong>Imagen:<\/strong> David Sarr\u00f3<\/p>\n<div class=\"sharedaddy sd-sharing-enabled\"><div class=\"robots-nocontent sd-block sd-social sd-social-official sd-sharing\"><h3 class=\"sd-title\">Opciones Sociales:<\/h3><div class=\"sd-content\"><ul><li class=\"share-facebook\"><div class=\"fb-share-button\" data-href=\"http:\/\/www.michael-schumacher.es\/noticias-f1\/2013\/11\/03\/balance-gp-de-abu-dhabi-yas-marina-2013-caterham\/\" data-layout=\"button_count\"><\/div><\/li><li class=\"share-twitter\"><a href=\"https:\/\/twitter.com\/share\" class=\"twitter-share-button\" data-url=\"http:\/\/www.michael-schumacher.es\/noticias-f1\/2013\/11\/03\/balance-gp-de-abu-dhabi-yas-marina-2013-caterham\/\" data-text=\"Balance GP de Abu Dhabi, Yas Marina 2013. Caterham\"  >Tweet<\/a><\/li><li class=\"share-email\"><a rel=\"nofollow noopener noreferrer\" data-shared=\"\" class=\"share-email sd-button\" href=\"http:\/\/www.michael-schumacher.es\/noticias-f1\/2013\/11\/03\/balance-gp-de-abu-dhabi-yas-marina-2013-caterham\/?share=email\" target=\"_blank\" title=\"Haz clic para enviar por correo electr\u00f3nico a un amigo\"><span>Correo electr\u00f3nico<\/span><\/a><\/li><li class=\"share-end\"><\/li><\/ul><\/div><\/div><\/div>","protected":false},"excerpt":{"rendered":"<p>El equipo Caterham ha tenido una carrera con buen rendimiento y con el objetivo de superar a los rivales logrado aunque todav\u00eda consideran que necesitaran m\u00e1s suerte para poder obtener la d\u00e9cima posici\u00f3n en el Campeonato de constructores, pero lo van a intentar.<\/p>\n<div class=\"sharedaddy sd-sharing-enabled\"><div class=\"robots-nocontent sd-block sd-social sd-social-official sd-sharing\"><h3 class=\"sd-title\">Opciones Sociales:<\/h3><div class=\"sd-content\"><ul><li class=\"share-facebook\"><div class=\"fb-share-button\" data-href=\"http:\/\/www.michael-schumacher.es\/noticias-f1\/2013\/11\/03\/balance-gp-de-abu-dhabi-yas-marina-2013-caterham\/\" data-layout=\"button_count\"><\/div><\/li><li class=\"share-twitter\"><a href=\"https:\/\/twitter.com\/share\" class=\"twitter-share-button\" data-url=\"http:\/\/www.michael-schumacher.es\/noticias-f1\/2013\/11\/03\/balance-gp-de-abu-dhabi-yas-marina-2013-caterham\/\" data-text=\"Balance GP de Abu Dhabi, Yas Marina 2013. Caterham\"  >Tweet<\/a><\/li><li class=\"share-email\"><a rel=\"nofollow noopener noreferrer\" data-shared=\"\" class=\"share-email sd-button\" href=\"http:\/\/www.michael-schumacher.es\/noticias-f1\/2013\/11\/03\/balance-gp-de-abu-dhabi-yas-marina-2013-caterham\/?share=email\" target=\"_blank\" title=\"Haz clic para enviar por correo electr\u00f3nico a un amigo\"><span>Correo electr\u00f3nico<\/span><\/a><\/li><li class=\"share-end\"><\/li><\/ul><\/div><\/div><\/div>","protected":false},"author":3,"featured_media":0,"comment_status":"open","ping_status":"open","sticky":false,"template":"","format":"standard","meta":{"_monsterinsights_skip_tracking":false,"_monsterinsights_sitenote_active":false,"_monsterinsights_sitenote_note":"","_monsterinsights_sitenote_category":0,"spay_email":"","jetpack_publicize_message":"","jetpack_is_tweetstorm":false,"jetpack_publicize_feature_enabled":true},"categories":[4,3],"tags":[373,781,401,64,58,116,17,15,1673,6,8,117,1219,1788],"jetpack_featured_media_url":"","jetpack_publicize_connections":[],"jetpack_sharing_enabled":true,"jetpack_shortlink":"https:\/\/wp.me\/p27q3P-3x1","_links":{"self":[{"href":"http:\/\/www.michael-schumacher.es\/noticias-f1\/wp-json\/wp\/v2\/posts\/13579"}],"collection":[{"href":"http:\/\/www.michael-schumacher.es\/noticias-f1\/wp-json\/wp\/v2\/posts"}],"about":[{"href":"http:\/\/www.michael-schumacher.es\/noticias-f1\/wp-json\/wp\/v2\/types\/post"}],"author":[{"embeddable":true,"href":"http:\/\/www.michael-schumacher.es\/noticias-f1\/wp-json\/wp\/v2\/users\/3"}],"replies":[{"embeddable":true,"href":"http:\/\/www.michael-schumacher.es\/noticias-f1\/wp-json\/wp\/v2\/comments?post=13579"}],"version-history":[{"count":0,"href":"http:\/\/www.michael-schumacher.es\/noticias-f1\/wp-json\/wp\/v2\/posts\/13579\/revisions"}],"wp:attachment":[{"href":"http:\/\/www.michael-schumacher.es\/noticias-f1\/wp-json\/wp\/v2\/media?parent=13579"}],"wp:term":[{"taxonomy":"category","embeddable":true,"href":"http:\/\/www.michael-schumacher.es\/noticias-f1\/wp-json\/wp\/v2\/categories?post=13579"},{"taxonomy":"post_tag","embeddable":true,"href":"http:\/\/www.michael-schumacher.es\/noticias-f1\/wp-json\/wp\/v2\/tags?post=13579"}],"curies":[{"name":"wp","href":"https:\/\/api.w.org\/{rel}","templated":true}]}}