{"id":13583,"date":"2013-11-04T00:30:47","date_gmt":"2013-11-03T23:30:47","guid":{"rendered":"http:\/\/www.michael-schumacher.es\/noticias-f1\/?p=13583"},"modified":"2013-11-03T22:22:02","modified_gmt":"2013-11-03T21:22:02","slug":"balance-gp-de-abu-dhabi-yas-marina-2013-williams","status":"publish","type":"post","link":"http:\/\/www.michael-schumacher.es\/noticias-f1\/2013\/11\/04\/balance-gp-de-abu-dhabi-yas-marina-2013-williams\/","title":{"rendered":"Balance GP de Abu Dhabi, Yas Marina 2013. Williams"},"content":{"rendered":"<p><a href=\"http:\/\/www.michael-schumacher.es\/noticias-f1\/wp-content\/uploads\/2013\/03\/pastor_maldonado_test-bcn-2013_david-sarro.jpg\"><img loading=\"lazy\" class=\"alignleft\" alt=\"pastor_maldonado_test-bcn-2013_david-sarro\" src=\"http:\/\/www.michael-schumacher.es\/noticias-f1\/wp-content\/uploads\/2013\/03\/pastor_maldonado_test-bcn-2013_david-sarro.jpg\" width=\"200\" height=\"133\" \/><\/a>El equipo Williams ha tenido una dura carrera pese a que ten\u00edan buen ritmo y los pilotos hicieron un buen trabajo esto no se ha reflejado en los resultados ya que se van de Yas Marina sin sumar ning\u00fan punto.<\/p>\n<p><!--more--> <!--noteaser--><\/p>\n<p><a href=\"http:\/\/www.michael-schumacher.es\/noticias-f1\/wp-content\/uploads\/2013\/03\/pastor_maldonado_test-bcn-2013_david-sarro.jpg\"><img loading=\"lazy\" class=\"aligncenter size-full wp-image-8155\" alt=\"pastor_maldonado_test-bcn-2013_david-sarro\" src=\"http:\/\/www.michael-schumacher.es\/noticias-f1\/wp-content\/uploads\/2013\/03\/pastor_maldonado_test-bcn-2013_david-sarro.jpg\" width=\"650\" height=\"433\" srcset=\"http:\/\/www.michael-schumacher.es\/noticias-f1\/wp-content\/uploads\/2013\/03\/pastor_maldonado_test-bcn-2013_david-sarro.jpg 650w, http:\/\/www.michael-schumacher.es\/noticias-f1\/wp-content\/uploads\/2013\/03\/pastor_maldonado_test-bcn-2013_david-sarro-300x199.jpg 300w\" sizes=\"(max-width: 650px) 100vw, 650px\" \/><\/a><\/p>\n<p>&nbsp;<\/p>\n<p>&nbsp;<\/p>\n<p>El equipo Williams ha tenido una dura carrera pese a que ten\u00edan buen ritmo y los pilotos hicieron un buen trabajo esto no se ha reflejado en los resultados ya que se van de Yas Marina sin sumar ning\u00fan punto.<\/p>\n<p>&nbsp;<\/p>\n<p>Pastor Maldonado ha tenido una dura carrera tratando de gestionar las gomas, con mejor ritmo y consistencia con el nuevo paquete aerodin\u00e1mico, pero por desgracia se qued\u00f3 atrapado en el tr\u00e1fico tras la segunda parada en boxes por lo que finaliz\u00f3 en posici\u00f3n 11\u00ba, aunque es positivo para las \u00faltimas carreras ya que ha visto avances en su coche. Valtteri Bottas tuvo problemas para conseguir que la temperatura en las primeras vueltas, pero despu\u00e9s ten\u00eda un ritmo constante y un buen rendimiento, por lo que considera que la posici\u00f3n 15\u00ba en la que finaliz\u00f3 no lo refleja, pero es optimista sobre las dos \u00faltimas carreras.<\/p>\n<p>&nbsp;<\/p>\n<p><strong>Pastor Maldonado:<\/strong> <em>\u201cHoy ha sido una carrera muy dura desde la perspectiva de tratar de manejar los neum\u00e1ticos, pero nos las arreglamos para hacerle frente bastante bien. Desde luego, parece que el ritmo y la consistencia del coche han mejorado con el nuevo paquete aerodin\u00e1mico que nos encontramos este fin de semana y pude sentir que el coche fue mejorando a medida que avanzaba la carrera. Por desgracia, sal\u00ed en el tr\u00e1fico despu\u00e9s de mi segunda parada en boxes lo que significaba que no pod\u00eda mostrar realmente el mejor ritmo que ten\u00edamos, y al final me tuve que conformar con un acabado justo fuera de los puntos. En general, el fin de semana ha visto algunos avances positivos que nos dar\u00e1 un gran impulso para la pr\u00f3xima carrera\u201d.<\/em><\/p>\n<p>&nbsp;<\/p>\n<p><strong>Valtteri Bottas:<\/strong> <em>\u201cNo creo P15 realmente refleje el ritmo que tuvimos hoy. Mi carrera se ha visto comprometida en la primera vuelta, cuando sal\u00ed los Caterhams que empezaron con los neum\u00e1ticos blandos y ten\u00edan m\u00e1s agarre pudieron alcanzarme. Despu\u00e9s de que los neum\u00e1ticos duros comenzaron a trabajar mi ritmo de carrera era muy bueno y tuve la oportunidad de pelear duro con los coches que me rodeaban. Lo positivo de este fin de semana es que el coche se siente mejor y sin duda hemos hecho algunos avances, es prometedor para las dos \u00faltimas carreras\u201d.<\/em><\/p>\n<p>&nbsp;<\/p>\n<p><strong>Laurent Debout, Renault Sport F1 l\u00edder de equipo de apoyo:<\/strong> <em>\u201cNos parec\u00eda haber desatado un poco de rendimiento temprano en el fin de semana y estuvo muy cerca de su consolidaci\u00f3n con los puntos en la carrera. Desafortunadamente, est\u00e1bamos justo fuera de los diez primeros en esta ocasi\u00f3n, pero podemos tener la confianza para los dos \u00faltimos Grandes Premios\u201d.<\/em><\/p>\n<p>&nbsp;<\/p>\n<p><strong>Xevi Pujolar, Ingeniero Jefe de Carrera:<\/strong> <em>\u201cPastor tuvo un buen comienzo con la opci\u00f3n de neum\u00e1tico blando poni\u00e9ndolo en una buena posici\u00f3n al final de la primera vuelta. Se planific\u00f3 una estrategia de dos paradas en boxes con un breve per\u00edodo de la salida lo cambiamos a el neum\u00e1tico duro. Como todo el mundo a nuestro alrededor empez\u00f3 a entrar en boxes, est\u00e1bamos en una buena posici\u00f3n en el segundo stint, pero quer\u00eda entrar en boxes para el conjunto final de neum\u00e1ticos medios tan pronto como fuera posible. Por desgracia, nos quedamos un poco limitados con nuestras paradas en boxes una vez m\u00e1s, debido a los procedimientos modificados para garantizar la seguridad, as\u00ed que no pudimos ir a todo lo que esper\u00e1bamos. El ritmo de los coches que hab\u00edan hecho una parada, no baj\u00f3 la cantidad esperada hacia el final, as\u00ed que aunque est\u00e1bamos cerca que no pod\u00eda entrar en los puntos hoy. Valtteri luch\u00f3 para conseguir temperatura en los neum\u00e1ticos duros al principio, lo perdi\u00f3 en la primera vuelta y el primer tercio de carrera se ha visto comprometido. Consideramos el cambio a una sola parada, pero finalmente decidimos quedarnos con la estrategia, y su objetivo era atacar con los nuevos neum\u00e1ticos blandos en las \u00faltimas vueltas. Con sus paradas en boxes tambi\u00e9n comprometidas, no est\u00e1bamos bastante cerca, en el \u00faltimo stint, pero en general fue una buena actuaci\u00f3n de nuestros dos pilotos hoy\u201d.<\/em><\/p>\n<div class=\"sharedaddy sd-sharing-enabled\"><div class=\"robots-nocontent sd-block sd-social sd-social-official sd-sharing\"><h3 class=\"sd-title\">Opciones Sociales:<\/h3><div class=\"sd-content\"><ul><li class=\"share-facebook\"><div class=\"fb-share-button\" data-href=\"http:\/\/www.michael-schumacher.es\/noticias-f1\/2013\/11\/04\/balance-gp-de-abu-dhabi-yas-marina-2013-williams\/\" data-layout=\"button_count\"><\/div><\/li><li class=\"share-twitter\"><a href=\"https:\/\/twitter.com\/share\" class=\"twitter-share-button\" data-url=\"http:\/\/www.michael-schumacher.es\/noticias-f1\/2013\/11\/04\/balance-gp-de-abu-dhabi-yas-marina-2013-williams\/\" data-text=\"Balance GP de Abu Dhabi, Yas Marina 2013. Williams\"  >Tweet<\/a><\/li><li class=\"share-email\"><a rel=\"nofollow noopener noreferrer\" data-shared=\"\" class=\"share-email sd-button\" href=\"http:\/\/www.michael-schumacher.es\/noticias-f1\/2013\/11\/04\/balance-gp-de-abu-dhabi-yas-marina-2013-williams\/?share=email\" target=\"_blank\" title=\"Haz clic para enviar por correo electr\u00f3nico a un amigo\"><span>Correo electr\u00f3nico<\/span><\/a><\/li><li class=\"share-end\"><\/li><\/ul><\/div><\/div><\/div>","protected":false},"excerpt":{"rendered":"<p>El equipo Williams ha tenido una dura carrera pese a que ten\u00edan buen ritmo y los pilotos hicieron un buen trabajo esto no se ha reflejado en los resultados ya que se van de Yas Marina sin sumar ning\u00fan punto.<\/p>\n<div class=\"sharedaddy sd-sharing-enabled\"><div class=\"robots-nocontent sd-block sd-social sd-social-official sd-sharing\"><h3 class=\"sd-title\">Opciones Sociales:<\/h3><div class=\"sd-content\"><ul><li class=\"share-facebook\"><div class=\"fb-share-button\" data-href=\"http:\/\/www.michael-schumacher.es\/noticias-f1\/2013\/11\/04\/balance-gp-de-abu-dhabi-yas-marina-2013-williams\/\" data-layout=\"button_count\"><\/div><\/li><li class=\"share-twitter\"><a href=\"https:\/\/twitter.com\/share\" class=\"twitter-share-button\" data-url=\"http:\/\/www.michael-schumacher.es\/noticias-f1\/2013\/11\/04\/balance-gp-de-abu-dhabi-yas-marina-2013-williams\/\" data-text=\"Balance GP de Abu Dhabi, Yas Marina 2013. Williams\"  >Tweet<\/a><\/li><li class=\"share-email\"><a rel=\"nofollow noopener noreferrer\" data-shared=\"\" class=\"share-email sd-button\" href=\"http:\/\/www.michael-schumacher.es\/noticias-f1\/2013\/11\/04\/balance-gp-de-abu-dhabi-yas-marina-2013-williams\/?share=email\" target=\"_blank\" title=\"Haz clic para enviar por correo electr\u00f3nico a un amigo\"><span>Correo electr\u00f3nico<\/span><\/a><\/li><li class=\"share-end\"><\/li><\/ul><\/div><\/div><\/div>","protected":false},"author":3,"featured_media":0,"comment_status":"open","ping_status":"open","sticky":false,"template":"","format":"standard","meta":{"_monsterinsights_skip_tracking":false,"_monsterinsights_sitenote_active":false,"_monsterinsights_sitenote_note":"","_monsterinsights_sitenote_category":0,"spay_email":"","jetpack_publicize_message":"","jetpack_is_tweetstorm":false,"jetpack_publicize_feature_enabled":true},"categories":[4,3],"tags":[373,781,401,64,400,17,15,6,8,97,96,828,93,1788],"jetpack_featured_media_url":"","jetpack_publicize_connections":[],"jetpack_sharing_enabled":true,"jetpack_shortlink":"https:\/\/wp.me\/p27q3P-3x5","_links":{"self":[{"href":"http:\/\/www.michael-schumacher.es\/noticias-f1\/wp-json\/wp\/v2\/posts\/13583"}],"collection":[{"href":"http:\/\/www.michael-schumacher.es\/noticias-f1\/wp-json\/wp\/v2\/posts"}],"about":[{"href":"http:\/\/www.michael-schumacher.es\/noticias-f1\/wp-json\/wp\/v2\/types\/post"}],"author":[{"embeddable":true,"href":"http:\/\/www.michael-schumacher.es\/noticias-f1\/wp-json\/wp\/v2\/users\/3"}],"replies":[{"embeddable":true,"href":"http:\/\/www.michael-schumacher.es\/noticias-f1\/wp-json\/wp\/v2\/comments?post=13583"}],"version-history":[{"count":0,"href":"http:\/\/www.michael-schumacher.es\/noticias-f1\/wp-json\/wp\/v2\/posts\/13583\/revisions"}],"wp:attachment":[{"href":"http:\/\/www.michael-schumacher.es\/noticias-f1\/wp-json\/wp\/v2\/media?parent=13583"}],"wp:term":[{"taxonomy":"category","embeddable":true,"href":"http:\/\/www.michael-schumacher.es\/noticias-f1\/wp-json\/wp\/v2\/categories?post=13583"},{"taxonomy":"post_tag","embeddable":true,"href":"http:\/\/www.michael-schumacher.es\/noticias-f1\/wp-json\/wp\/v2\/tags?post=13583"}],"curies":[{"name":"wp","href":"https:\/\/api.w.org\/{rel}","templated":true}]}}