{"id":1364,"date":"2012-06-10T00:19:58","date_gmt":"2012-06-09T22:19:58","guid":{"rendered":"http:\/\/www.michael-schumacher.es\/noticias-f1\/?p=1364"},"modified":"2012-06-10T00:27:07","modified_gmt":"2012-06-09T22:27:07","slug":"calificacion-gp-de-canada-montreal-2012-caterham","status":"publish","type":"post","link":"http:\/\/www.michael-schumacher.es\/noticias-f1\/2012\/06\/10\/calificacion-gp-de-canada-montreal-2012-caterham\/","title":{"rendered":"Calificaci\u00f3n GP de Canad\u00e1, Montr\u00e9al 2012. Caterham"},"content":{"rendered":"<p><img loading=\"lazy\" class=\"alignleft\" title=\"Caterham\" src=\"http:\/\/img.michael-schumacher.es\/noticias-f1\/caterham\/caterham-1-mini.jpg\" alt=\"Caterham\" width=\"202\" height=\"100\" \/>Caterham tiene como objetivo para ma\u00f1ana en la carrera del Gran Premio de Canada, que los dos coches terminen la carrera con buen ritmo y poder luchar con sus rivales cercanos.<\/p>\n<p><!--more--> <!--noteaser--><\/p>\n<p><img loading=\"lazy\" class=\"aligncenter\" title=\"Caterham\" src=\"http:\/\/img.michael-schumacher.es\/noticias-f1\/caterham\/caterham-1.jpg\" alt=\"Caterham\" width=\"605\" height=\"300\" \/><\/p>\n<p>Caterham tiene como objetivo para ma\u00f1ana en la carrera del Gran Premio de Canada, que los dos coches terminen la carrera con buen ritmo y poder luchar con sus rivales cercanos.<\/p>\n<p><strong>\u00a0<\/strong><\/p>\n<p><strong>Heikki Kovalainen :<\/strong> \u00abEstoy satisfecho con el rendimiento de hoy Mi \u00faltima vuelta fue todo un largo camino, pero he cometido un peque\u00f1o error en la chicane final, que tal vez me cost\u00f3 un par de d\u00e9cimas, pero no afect\u00f3 mi posici\u00f3n y, en definitiva, que probablemente tiene todo lo que pod\u00eda salir del coche hoy. El accidente de ayer podr\u00eda habernos retrasado un poco, pero los chicos hicieron un trabajo fant\u00e1stico para arreglar el coche, as\u00ed no hemos perdido ning\u00fan rendimiento a todos y que estaba 100% seguro de que podr\u00eda empujar a d\u00eda de hoy. Las condiciones de pista han cambiado un poco desde ayer, as\u00ed que en el 3er tuvimos que trabajar en marcar algunos de los sobreviraje que proviene de las condiciones m\u00e1s c\u00e1lidas , y ma\u00f1ana ser\u00e1 a\u00fan m\u00e1s caliente, as\u00ed que creo que estamos en buena forma para luchar contra un buen n\u00famero de coches por delante de nosotros \u00ab.<\/p>\n<p>&nbsp;<\/p>\n<p><strong>Vitaly Petrov:<\/strong> \u00abNo estoy contento con todo lo que acabamos hasta hoy. En FP3 el coche se sent\u00eda muy bien y yo estaba bastante seguro de que pod\u00eda haber derrotado a mi compa\u00f1ero de equipo hoy, pero las temperaturas se elevaron entre el final de la FP3 y el inicio de la Q1 y tal vez podr\u00edamos haber encontrado algo que habr\u00eda ayudado a gestionar la cambios en las condiciones mejores. A pesar de que ha sido un fin de semana positivo hasta el momento y s\u00e9 que vamos a ser ma\u00f1ana fuertes as\u00ed que espero poder hacer una buena carrera y seguir aprovechando el impulso que estamos construyendo este a\u00f1o \u00ab.<\/p>\n<p>&nbsp;<\/p>\n<p><strong>Mark Smith, Director T\u00e9cnico :<\/strong> \u00abAmbos pilotos han rendido bien hoy y podemos estar satisfechos con el lugar donde terminamos en la Q1 Heikki podr\u00eda haber sido capaz de conseguir su coche en el 1.15s tarde, pero es poco probable que hubiera sido capaz de empujar a Ricciardo en la zona de descenso, pero estamos cada vez m\u00e1s cerca de Toro Rosso, y el hecho de los dos coches termin\u00f3 por delante de Vergne es alentador.\u00a0 Ma\u00f1ana va a ser m\u00e1s caliente que hoy el d\u00eda y lo que vimos en Bahrein y M\u00f3naco que nuestro coche es bueno en las condiciones m\u00e1s calientes, y nosotros sabemos tiene el ritmo de carrera para empujar en las batallas el centro del campo, por lo que el objetivo ahora es conseguir que los dos coches acaben lo que seguramente ser\u00e1 una carrera emocionante, tanto en pista como en boxes, y ver d\u00f3nde terminamos. \u00ab<\/p>\n<div class=\"sharedaddy sd-sharing-enabled\"><div class=\"robots-nocontent sd-block sd-social sd-social-official sd-sharing\"><h3 class=\"sd-title\">Opciones Sociales:<\/h3><div class=\"sd-content\"><ul><li class=\"share-facebook\"><div class=\"fb-share-button\" data-href=\"http:\/\/www.michael-schumacher.es\/noticias-f1\/2012\/06\/10\/calificacion-gp-de-canada-montreal-2012-caterham\/\" data-layout=\"button_count\"><\/div><\/li><li class=\"share-twitter\"><a href=\"https:\/\/twitter.com\/share\" class=\"twitter-share-button\" data-url=\"http:\/\/www.michael-schumacher.es\/noticias-f1\/2012\/06\/10\/calificacion-gp-de-canada-montreal-2012-caterham\/\" data-text=\"Calificaci\u00f3n GP de Canad\u00e1, Montr\u00e9al 2012. Caterham\"  >Tweet<\/a><\/li><li class=\"share-email\"><a rel=\"nofollow noopener noreferrer\" data-shared=\"\" class=\"share-email sd-button\" href=\"http:\/\/www.michael-schumacher.es\/noticias-f1\/2012\/06\/10\/calificacion-gp-de-canada-montreal-2012-caterham\/?share=email\" target=\"_blank\" title=\"Haz clic para enviar por correo electr\u00f3nico a un amigo\"><span>Correo electr\u00f3nico<\/span><\/a><\/li><li class=\"share-end\"><\/li><\/ul><\/div><\/div><\/div>","protected":false},"excerpt":{"rendered":"<p>Caterham tiene como objetivo para ma\u00f1ana en la carrera del Gran Premio de Canada, que los dos coches terminen la carrera con buen ritmo y poder luchar con sus rivales cercanos.<\/p>\n<div class=\"sharedaddy sd-sharing-enabled\"><div class=\"robots-nocontent sd-block sd-social sd-social-official sd-sharing\"><h3 class=\"sd-title\">Opciones Sociales:<\/h3><div class=\"sd-content\"><ul><li class=\"share-facebook\"><div class=\"fb-share-button\" data-href=\"http:\/\/www.michael-schumacher.es\/noticias-f1\/2012\/06\/10\/calificacion-gp-de-canada-montreal-2012-caterham\/\" data-layout=\"button_count\"><\/div><\/li><li class=\"share-twitter\"><a href=\"https:\/\/twitter.com\/share\" class=\"twitter-share-button\" data-url=\"http:\/\/www.michael-schumacher.es\/noticias-f1\/2012\/06\/10\/calificacion-gp-de-canada-montreal-2012-caterham\/\" data-text=\"Calificaci\u00f3n GP de Canad\u00e1, Montr\u00e9al 2012. Caterham\"  >Tweet<\/a><\/li><li class=\"share-email\"><a rel=\"nofollow noopener noreferrer\" data-shared=\"\" class=\"share-email sd-button\" href=\"http:\/\/www.michael-schumacher.es\/noticias-f1\/2012\/06\/10\/calificacion-gp-de-canada-montreal-2012-caterham\/?share=email\" target=\"_blank\" title=\"Haz clic para enviar por correo electr\u00f3nico a un amigo\"><span>Correo electr\u00f3nico<\/span><\/a><\/li><li class=\"share-end\"><\/li><\/ul><\/div><\/div><\/div>","protected":false},"author":3,"featured_media":0,"comment_status":"open","ping_status":"open","sticky":false,"template":"","format":"standard","meta":{"_monsterinsights_skip_tracking":false,"_monsterinsights_sitenote_active":false,"_monsterinsights_sitenote_note":"","_monsterinsights_sitenote_category":0,"spay_email":"","jetpack_publicize_message":"","jetpack_is_tweetstorm":false,"jetpack_publicize_feature_enabled":true},"categories":[68,3],"tags":[155,417,58,159,17,15,6,61,62,451,60,59],"jetpack_featured_media_url":"","jetpack_publicize_connections":[],"jetpack_sharing_enabled":true,"jetpack_shortlink":"https:\/\/wp.me\/p27q3P-m0","_links":{"self":[{"href":"http:\/\/www.michael-schumacher.es\/noticias-f1\/wp-json\/wp\/v2\/posts\/1364"}],"collection":[{"href":"http:\/\/www.michael-schumacher.es\/noticias-f1\/wp-json\/wp\/v2\/posts"}],"about":[{"href":"http:\/\/www.michael-schumacher.es\/noticias-f1\/wp-json\/wp\/v2\/types\/post"}],"author":[{"embeddable":true,"href":"http:\/\/www.michael-schumacher.es\/noticias-f1\/wp-json\/wp\/v2\/users\/3"}],"replies":[{"embeddable":true,"href":"http:\/\/www.michael-schumacher.es\/noticias-f1\/wp-json\/wp\/v2\/comments?post=1364"}],"version-history":[{"count":0,"href":"http:\/\/www.michael-schumacher.es\/noticias-f1\/wp-json\/wp\/v2\/posts\/1364\/revisions"}],"wp:attachment":[{"href":"http:\/\/www.michael-schumacher.es\/noticias-f1\/wp-json\/wp\/v2\/media?parent=1364"}],"wp:term":[{"taxonomy":"category","embeddable":true,"href":"http:\/\/www.michael-schumacher.es\/noticias-f1\/wp-json\/wp\/v2\/categories?post=1364"},{"taxonomy":"post_tag","embeddable":true,"href":"http:\/\/www.michael-schumacher.es\/noticias-f1\/wp-json\/wp\/v2\/tags?post=1364"}],"curies":[{"name":"wp","href":"https:\/\/api.w.org\/{rel}","templated":true}]}}