{"id":13645,"date":"2013-11-06T10:59:40","date_gmt":"2013-11-06T09:59:40","guid":{"rendered":"http:\/\/www.michael-schumacher.es\/noticias-f1\/?p=13645"},"modified":"2013-11-06T04:37:16","modified_gmt":"2013-11-06T03:37:16","slug":"la-prensa-italiana-tambien-se-rinde-ante-vettel","status":"publish","type":"post","link":"http:\/\/www.michael-schumacher.es\/noticias-f1\/2013\/11\/06\/la-prensa-italiana-tambien-se-rinde-ante-vettel\/","title":{"rendered":"La prensa italiana tambi\u00e9n se rinde ante Vettel"},"content":{"rendered":"<p><a href=\"http:\/\/www.michael-schumacher.es\/noticias-f1\/wp-content\/uploads\/2013\/03\/sebastian_vettel_test-bcn-2013_david-sarro.jpg\"><img loading=\"lazy\" class=\"alignleft\" alt=\"Sebastian Vettel Test BCN 2013 David Sarr\u00f3\" src=\"http:\/\/www.michael-schumacher.es\/noticias-f1\/wp-content\/uploads\/2013\/03\/sebastian_vettel_test-bcn-2013_david-sarro.jpg\" width=\"199\" height=\"132\" \/><\/a>Una de las prensas m\u00e1s dif\u00edciles de impresionar, es sin duda la italiana, pues incluso la prensa Italiana se rinde al talento y la motivaci\u00f3n de Sebastian Vettel, que pese a ser ya campe\u00f3n mundial compite por ganar como si todav\u00eda tuviera algo en juego. En el Gran Premio de Abu Dhabi, Sebastian Vettel dio otro implacable recital de dominio y con el mismo hambre de\u00a0 ganar, superando al segundo en la parrilla, su compa\u00f1ero de equipo Mark Webber por m\u00e1s de 30 segundos, exactamente por 30&#8243;829.<\/p>\n<p><!--more--> <!--noteaser--><\/p>\n<p><a href=\"http:\/\/www.michael-schumacher.es\/noticias-f1\/wp-content\/uploads\/2013\/03\/sebastian_vettel_test-bcn-2013_david-sarro.jpg\"><img loading=\"lazy\" class=\"aligncenter size-full wp-image-8377\" alt=\"Sebastian Vettel Test BCN 2013 David Sarr\u00f3\" src=\"http:\/\/www.michael-schumacher.es\/noticias-f1\/wp-content\/uploads\/2013\/03\/sebastian_vettel_test-bcn-2013_david-sarro.jpg\" width=\"650\" height=\"433\" srcset=\"http:\/\/www.michael-schumacher.es\/noticias-f1\/wp-content\/uploads\/2013\/03\/sebastian_vettel_test-bcn-2013_david-sarro.jpg 650w, http:\/\/www.michael-schumacher.es\/noticias-f1\/wp-content\/uploads\/2013\/03\/sebastian_vettel_test-bcn-2013_david-sarro-300x199.jpg 300w\" sizes=\"(max-width: 650px) 100vw, 650px\" \/><\/a><\/p>\n<p>&nbsp;<\/p>\n<p>&nbsp;<\/p>\n<p>Una de las prensas m\u00e1s dif\u00edciles de impresionar, es sin duda la italiana, pues incluso la prensa Italiana se rinde al talento y la motivaci\u00f3n de Sebastian Vettel, que pese a ser ya campe\u00f3n mundial compite por ganar como si todav\u00eda tuviera algo en juego. En el Gran Premio de Abu Dhabi, Sebastian Vettel dio otro implacable recital de dominio y con el mismo hambre de\u00a0 ganar, superando al segundo en la parrilla, su compa\u00f1ero de equipo Mark Webber por m\u00e1s de 30 segundos, exactamente por 30&#8243;829.<\/p>\n<p>&nbsp;<\/p>\n<p>Por lo tanto no es de extra\u00f1ar que Helmut Marko, asesor del equipo Red Bull,\u00a0 este profundamente orgulloso de su piloto y de todo el equipo: <strong>\u201cSebastian es uno de los grandes talentos del siglo, pero la cohesi\u00f3n y el rendimiento extremo del equipo tambi\u00e9n son excepcionales\u201d.<\/strong><\/p>\n<p>&nbsp;<\/p>\n<p>Christian Horner el jefe del equipo tambi\u00e9n destaca su rendimiento y el entendimiento que ha logrado de los neum\u00e1ticos: <strong>\u201cRealmente es muy dominante. Ha llegado a alcanzar un nivel de rendimiento que es fenomenal, porque todos sabemos que Mark Webber es un muy buen piloto. Creo que Sebastian ha dado un paso hacia delante y est\u00e1 a otra marcha, a otro nivel. Con su noci\u00f3n de estos neum\u00e1ticos, m\u00e1s sensibles, parece ser capaz de obtener m\u00e1s de ellos que cualquier otro piloto de la parrilla. Es realmente impresionante\u201d.<\/strong><\/p>\n<p>&nbsp;<\/p>\n<p>Pero no solamente lo piensan Marko y Horner, la prensa italiana tambi\u00e9n tuvo para el tetracampe\u00f3n sebastian Vettel titulares de admiraci\u00f3n.<\/p>\n<p>&nbsp;<\/p>\n<p>La Gazzetta dello Sport, adem\u00e1s lo compara con Michael Schumacher, siete veces campe\u00f3n del mundo y el piloto m\u00e1s exitoso de la historia con estos titulares: <strong>\u201cAl igual que Schumacher como \u00e9l, Vettel es insaciable\u201d. \u201cEs totalmente insaciable e invencible. Es como si estuviera en una categor\u00eda diferente\u201d.<\/strong><\/p>\n<p>&nbsp;<\/p>\n<p>La Repubblica: <strong>\u201cLa pista parece m\u00e1s corta para Vettel, se vuelve m\u00e1s f\u00e1cil. Se maneja como una bailarina de ballet, con la fuerza y la elegancia\u201d.<\/strong><\/p>\n<p>&nbsp;<\/p>\n<p>Corriere dello Sport destaca que su motivaci\u00f3n sigue intacta: <strong>\u201cA pesar de que gan\u00f3 su cuarta corona mundial, Vettel no muestra signos de fatiga o la falta de motivaci\u00f3n\u201d.<\/strong><\/p>\n<p>&nbsp;<\/p>\n<p><strong>Imagen:<\/strong> David Sarr\u00f3<\/p>\n<div class=\"sharedaddy sd-sharing-enabled\"><div class=\"robots-nocontent sd-block sd-social sd-social-official sd-sharing\"><h3 class=\"sd-title\">Opciones Sociales:<\/h3><div class=\"sd-content\"><ul><li class=\"share-facebook\"><div class=\"fb-share-button\" data-href=\"http:\/\/www.michael-schumacher.es\/noticias-f1\/2013\/11\/06\/la-prensa-italiana-tambien-se-rinde-ante-vettel\/\" data-layout=\"button_count\"><\/div><\/li><li class=\"share-twitter\"><a href=\"https:\/\/twitter.com\/share\" class=\"twitter-share-button\" data-url=\"http:\/\/www.michael-schumacher.es\/noticias-f1\/2013\/11\/06\/la-prensa-italiana-tambien-se-rinde-ante-vettel\/\" data-text=\"La prensa italiana tambi\u00e9n se rinde ante Vettel\"  >Tweet<\/a><\/li><li class=\"share-email\"><a rel=\"nofollow noopener noreferrer\" data-shared=\"\" class=\"share-email sd-button\" href=\"http:\/\/www.michael-schumacher.es\/noticias-f1\/2013\/11\/06\/la-prensa-italiana-tambien-se-rinde-ante-vettel\/?share=email\" target=\"_blank\" title=\"Haz clic para enviar por correo electr\u00f3nico a un amigo\"><span>Correo electr\u00f3nico<\/span><\/a><\/li><li class=\"share-end\"><\/li><\/ul><\/div><\/div><\/div>","protected":false},"excerpt":{"rendered":"<p>Una de las prensas m\u00e1s dif\u00edciles de impresionar, es sin duda la italiana, pues incluso la prensa Italiana se rinde al talento y la motivaci\u00f3n de Sebastian Vettel, que pese a ser ya campe\u00f3n mundial compite por ganar como si todav\u00eda tuviera algo en juego. En el Gran Premio de Abu Dhabi, Sebastian Vettel dio [&hellip;]<\/p>\n<div class=\"sharedaddy sd-sharing-enabled\"><div class=\"robots-nocontent sd-block sd-social sd-social-official sd-sharing\"><h3 class=\"sd-title\">Opciones Sociales:<\/h3><div class=\"sd-content\"><ul><li class=\"share-facebook\"><div class=\"fb-share-button\" data-href=\"http:\/\/www.michael-schumacher.es\/noticias-f1\/2013\/11\/06\/la-prensa-italiana-tambien-se-rinde-ante-vettel\/\" data-layout=\"button_count\"><\/div><\/li><li class=\"share-twitter\"><a href=\"https:\/\/twitter.com\/share\" class=\"twitter-share-button\" data-url=\"http:\/\/www.michael-schumacher.es\/noticias-f1\/2013\/11\/06\/la-prensa-italiana-tambien-se-rinde-ante-vettel\/\" data-text=\"La prensa italiana tambi\u00e9n se rinde ante Vettel\"  >Tweet<\/a><\/li><li class=\"share-email\"><a rel=\"nofollow noopener noreferrer\" data-shared=\"\" class=\"share-email sd-button\" href=\"http:\/\/www.michael-schumacher.es\/noticias-f1\/2013\/11\/06\/la-prensa-italiana-tambien-se-rinde-ante-vettel\/?share=email\" target=\"_blank\" title=\"Haz clic para enviar por correo electr\u00f3nico a un amigo\"><span>Correo electr\u00f3nico<\/span><\/a><\/li><li class=\"share-end\"><\/li><\/ul><\/div><\/div><\/div>","protected":false},"author":3,"featured_media":0,"comment_status":"open","ping_status":"open","sticky":false,"template":"","format":"standard","meta":{"_monsterinsights_skip_tracking":false,"_monsterinsights_sitenote_active":false,"_monsterinsights_sitenote_note":"","_monsterinsights_sitenote_category":0,"spay_email":"","jetpack_publicize_message":"","jetpack_is_tweetstorm":false,"jetpack_publicize_feature_enabled":true},"categories":[3],"tags":[179,311,1601,4326,4312,4327,71,901,3484,1729,187],"jetpack_featured_media_url":"","jetpack_publicize_connections":[],"jetpack_sharing_enabled":true,"jetpack_shortlink":"https:\/\/wp.me\/p27q3P-3y5","_links":{"self":[{"href":"http:\/\/www.michael-schumacher.es\/noticias-f1\/wp-json\/wp\/v2\/posts\/13645"}],"collection":[{"href":"http:\/\/www.michael-schumacher.es\/noticias-f1\/wp-json\/wp\/v2\/posts"}],"about":[{"href":"http:\/\/www.michael-schumacher.es\/noticias-f1\/wp-json\/wp\/v2\/types\/post"}],"author":[{"embeddable":true,"href":"http:\/\/www.michael-schumacher.es\/noticias-f1\/wp-json\/wp\/v2\/users\/3"}],"replies":[{"embeddable":true,"href":"http:\/\/www.michael-schumacher.es\/noticias-f1\/wp-json\/wp\/v2\/comments?post=13645"}],"version-history":[{"count":0,"href":"http:\/\/www.michael-schumacher.es\/noticias-f1\/wp-json\/wp\/v2\/posts\/13645\/revisions"}],"wp:attachment":[{"href":"http:\/\/www.michael-schumacher.es\/noticias-f1\/wp-json\/wp\/v2\/media?parent=13645"}],"wp:term":[{"taxonomy":"category","embeddable":true,"href":"http:\/\/www.michael-schumacher.es\/noticias-f1\/wp-json\/wp\/v2\/categories?post=13645"},{"taxonomy":"post_tag","embeddable":true,"href":"http:\/\/www.michael-schumacher.es\/noticias-f1\/wp-json\/wp\/v2\/tags?post=13645"}],"curies":[{"name":"wp","href":"https:\/\/api.w.org\/{rel}","templated":true}]}}