{"id":13654,"date":"2013-11-07T06:36:46","date_gmt":"2013-11-07T05:36:46","guid":{"rendered":"http:\/\/www.michael-schumacher.es\/noticias-f1\/?p=13654"},"modified":"2013-11-07T01:53:47","modified_gmt":"2013-11-07T00:53:47","slug":"felipe-massa-ganar-en-casa-es-como-conquistar-un-campeonato","status":"publish","type":"post","link":"http:\/\/www.michael-schumacher.es\/noticias-f1\/2013\/11\/07\/felipe-massa-ganar-en-casa-es-como-conquistar-un-campeonato\/","title":{"rendered":"Felipe Massa: \u00abGanar en casa es como conquistar un campeonato\u00bb"},"content":{"rendered":"<p><a href=\"http:\/\/www.michael-schumacher.es\/noticias-f1\/wp-content\/uploads\/2012\/11\/Felipe-Massa-2.jpg\"><img loading=\"lazy\" class=\"alignleft\" alt=\"Felipe Massa 2 \" src=\"http:\/\/www.michael-schumacher.es\/noticias-f1\/wp-content\/uploads\/2012\/11\/Felipe-Massa-2.jpg\" width=\"200\" height=\"112\" \/><\/a>Felipe Massa a punto de finalizar su etapa con Ferrari ha concedido una entrevista a Andrea Cremonesi publicada en La Gazzetta dello Sport, y de la que se hace eco la p\u00e1gina web oficial del equipo, como parte de las Finali Mondiali, que ser\u00e1n desde hoy hasta el pr\u00f3ximo domingo en el circuito de Mugello. Dicho evento ser\u00e1, tambi\u00e9n, una especie de homenaje de Ferrari a Felipe Massa que, ser\u00e1 para siempre un ferrarista.<\/p>\n<p><!--more--> <!--noteaser--><\/p>\n<p><a href=\"http:\/\/www.michael-schumacher.es\/noticias-f1\/wp-content\/uploads\/2012\/11\/Felipe-Massa-2.jpg\"><img loading=\"lazy\" class=\"aligncenter size-full wp-image-6404\" alt=\"Felipe Massa 2 \" src=\"http:\/\/www.michael-schumacher.es\/noticias-f1\/wp-content\/uploads\/2012\/11\/Felipe-Massa-2.jpg\" width=\"640\" height=\"360\" srcset=\"http:\/\/www.michael-schumacher.es\/noticias-f1\/wp-content\/uploads\/2012\/11\/Felipe-Massa-2.jpg 640w, http:\/\/www.michael-schumacher.es\/noticias-f1\/wp-content\/uploads\/2012\/11\/Felipe-Massa-2-300x168.jpg 300w\" sizes=\"(max-width: 640px) 100vw, 640px\" \/><\/a><\/p>\n<p>&nbsp;<\/p>\n<p>&nbsp;<\/p>\n<p>Felipe Massa a punto de finalizar su etapa con Ferrari ha concedido una entrevista a Andrea Cremonesi publicada en La Gazzetta dello Sport, y de la que se hace eco la p\u00e1gina web oficial del equipo, como parte de las Finali Mondiali, que ser\u00e1n desde hoy hasta el pr\u00f3ximo domingo en el circuito de Mugello. Dicho evento ser\u00e1, tambi\u00e9n, una especie de homenaje de Ferrari a Felipe Massa que, ser\u00e1 para siempre un ferrarista.<\/p>\n<p>&nbsp;<\/p>\n<p>Felipe Massa ha sido piloto oficial del equipo Ferrari durante ocho a\u00f1os, solamente Michael Schumacher siete veces campe\u00f3n del mundo ha pilotado m\u00e1s tiempo para la scuderia. Y sin duda aunque ahora es el momento de la despedida ser\u00e1 triste para ambas partes, tras tantos a\u00f1os y acontecimientos compartidos. Por lo que en este momento todav\u00eda son m\u00e1s interesantes las respuestas de Massa.<\/p>\n<p>&nbsp;<\/p>\n<p>Felipe Massa tendr\u00e1 su \u00faltimo evento ante los fans, como piloto de Ferrari en la fiesta de Mugello y va a ir con alegr\u00eda y agradecimiento:<strong> \u201cCon alegr\u00eda en el coraz\u00f3n, porque ser\u00e1 bonito saludar a los aficionados para agradecerles todos los a\u00f1os que hemos pasado juntos. Ellos siempre me han apoyado, tambi\u00e9n en los momentos m\u00e1s dif\u00edciles\u201d.<\/strong><\/p>\n<p>&nbsp;<\/p>\n<p>Massa piensa que ha estado tantos a\u00f1os en Ferrari por su honestidad y profesionalidad: <strong>\u201cSiempre he sido honesto y he puesto todo de mi parte para trabajar en pista, con los ingenieros y en la f\u00e1brica. Creo que siempre he actuado con gran profesionalidad\u201d.<\/strong><\/p>\n<p>&nbsp;<\/p>\n<p>Para Felipe Massa su mejor momento en Ferrari fue en 2008 cuando se qued\u00f3 muy muy cerca de ser campe\u00f3n del mundo, como el mismo recuerda: <strong>\u201cSin duda 2008, cuando me qued\u00e9 tan cerca de conseguir el t\u00edtulo mundial, con muchas victorias y poles. Pero el d\u00eda que no olvidar\u00e9 nunca fue el de mi primera victoria en Brasil (2006). Para un brasile\u00f1o, ganar en casa es como conquistar un campeonato. \u00bfRecuerdas a Senna? \u00a1Cuando gan\u00f3 en Interlagos estaba m\u00e1s feliz que cuando gan\u00f3 el t\u00edtulo! Aprend\u00ed a correr en Interlagos, crec\u00ed all\u00ed: ganar all\u00ed con un Ferrari, llevando un mono verde y amarillo (no el habitual rojo, n.d.e.) fue el mejor momento de mi vida\u201d.<\/strong><\/p>\n<p>&nbsp;<\/p>\n<p>Realmente el t\u00edtulo en 2008 casi estuvo en su mano y para Stefano Domenicali , sin duda Massa es un campe\u00f3n del mundo tras el 2008, algo que Massa comparte:\u00a0<strong> \u201cAl 100%. Merec\u00eda el t\u00edtulo, teniendo en cuenta la temporada y todo lo que hab\u00eda pasado\u2026\u201d.<\/strong><\/p>\n<p>&nbsp;<\/p>\n<p>Sobre Sebastian Vettel, considera que es m\u00e9rito de su triunfo es del coche y del piloto, ya que Vettel es un piloto fant\u00e1stico: <strong>\u201cEs al 100% m\u00e9rito suyo y de su coche. Porque es verdad que pilota el coche m\u00e1s r\u00e1pido y m\u00e1s consistente. Pero luego es \u00e9l quien consigue exprimir todo su potencial, el que logra la pole, quien le mete seis d\u00e9cimas a todos, \u00a1incluyendo a su compa\u00f1ero de equipo! Es un piloto fant\u00e1stico\u201d.<\/strong><\/p>\n<p>&nbsp;<\/p>\n<p>En la entrevista Massa es preguntado por sus sus jefes empezando por Luca di Montezemolo: <strong>\u201cEs una persona con un gran coraz\u00f3n y un h\u00e1bil promotor. Sabe c\u00f3mo describir y vender lo que es Ferrari. El hombre correcto para ser presidente y no me refiero \u00fanicamente a las carreras. Posee un talento enorme para representar a la compa\u00f1\u00eda\u201d.<\/strong><\/p>\n<p>&nbsp;<\/p>\n<p>A Jean Todt, lo ve como un maestro y muy importante en su carrera:<strong> \u201cMi mejor maestro. Le conoc\u00ed con 19 a\u00f1os y ha sido la persona m\u00e1s importante de mi carrera\u201d.<\/strong><\/p>\n<p>&nbsp;<\/p>\n<p>Massa para Stefano Domenicali, tiene el calificativo de amigo: <strong>\u201cUn amigo, sin duda. Hemos crecido juntos en Ferrari\u201d.<\/strong><\/p>\n<p>&nbsp;<\/p>\n<p>Un hombre muy importante desde casi el principio en Ferrari para Massa es su ingeniero de pista, Rob Smedley: <strong>\u201cHa jugado un papel importante en mi carrera. Cuando corr\u00ed por primera vez para Ferrari, mi ingeniero de pista era Gabrielle Delli Colli, pero las cosas no salieron como deber\u00edan haber salido y por ello escog\u00ed a Rob, que estaba all\u00ed desde el principio (ven\u00eda de Jordan, n.d.e.) y estaba en el equipo de pruebas. Me conoce al 100%\u201d.<\/strong><\/p>\n<p>&nbsp;<\/p>\n<p>Felipe Massa ha tenido varios compa\u00f1eros de equipo en Ferrari, como Michael Schumacher siete veces campe\u00f3n del mundo de los cuales cinco con Ferrari, donde compartieron el a\u00f1o 2006 como compa\u00f1eros de equipo, tambi\u00e9n fue compa\u00f1ero de Kimi Raikkonen campe\u00f3n con Ferrari en 2007 y desde 2010 es compa\u00f1ero de equipo de Fernando Alonso y tras conocerlos a todos en su opini\u00f3n el mejor es Alonso: <strong>\u201cFernando. Schumacher era r\u00e1pido, pero a nivel de inteligencia, Alonso es mejor, porque consigue armar todo a la perfecci\u00f3n\u201d.<\/strong><\/p>\n<p>&nbsp;<\/p>\n<p>Felipe Massa todav\u00eda piensa en continuar en F1 pero tambi\u00e9n piensa que har\u00e1 despu\u00e9s de la F1 y no descarta probar otras categor\u00edas:\u00a0 <strong>\u201cAmo las carreras, me encanta correr; forma parte de mi vida, me hace feliz. Quiz\u00e1s, despu\u00e9s de la F1 probar\u00e9 mis habilidades en otra categor\u00eda\u201d.<\/strong><\/p>\n<p>&nbsp;<\/p>\n<div class=\"sharedaddy sd-sharing-enabled\"><div class=\"robots-nocontent sd-block sd-social sd-social-official sd-sharing\"><h3 class=\"sd-title\">Opciones Sociales:<\/h3><div class=\"sd-content\"><ul><li class=\"share-facebook\"><div class=\"fb-share-button\" data-href=\"http:\/\/www.michael-schumacher.es\/noticias-f1\/2013\/11\/07\/felipe-massa-ganar-en-casa-es-como-conquistar-un-campeonato\/\" data-layout=\"button_count\"><\/div><\/li><li class=\"share-twitter\"><a href=\"https:\/\/twitter.com\/share\" class=\"twitter-share-button\" data-url=\"http:\/\/www.michael-schumacher.es\/noticias-f1\/2013\/11\/07\/felipe-massa-ganar-en-casa-es-como-conquistar-un-campeonato\/\" data-text=\"Felipe Massa: &quot;Ganar en casa es como conquistar un campeonato&quot;\"  >Tweet<\/a><\/li><li class=\"share-email\"><a rel=\"nofollow noopener noreferrer\" data-shared=\"\" class=\"share-email sd-button\" href=\"http:\/\/www.michael-schumacher.es\/noticias-f1\/2013\/11\/07\/felipe-massa-ganar-en-casa-es-como-conquistar-un-campeonato\/?share=email\" target=\"_blank\" title=\"Haz clic para enviar por correo electr\u00f3nico a un amigo\"><span>Correo electr\u00f3nico<\/span><\/a><\/li><li class=\"share-end\"><\/li><\/ul><\/div><\/div><\/div>","protected":false},"excerpt":{"rendered":"<p>Felipe Massa a punto de finalizar su etapa con Ferrari ha concedido una entrevista a Andrea Cremonesi publicada en La Gazzetta dello Sport, y de la que se hace eco la p\u00e1gina web oficial del equipo, como parte de las Finali Mondiali, que ser\u00e1n desde hoy hasta el pr\u00f3ximo domingo en el circuito de Mugello. [&hellip;]<\/p>\n<div class=\"sharedaddy sd-sharing-enabled\"><div class=\"robots-nocontent sd-block sd-social sd-social-official sd-sharing\"><h3 class=\"sd-title\">Opciones Sociales:<\/h3><div class=\"sd-content\"><ul><li class=\"share-facebook\"><div class=\"fb-share-button\" data-href=\"http:\/\/www.michael-schumacher.es\/noticias-f1\/2013\/11\/07\/felipe-massa-ganar-en-casa-es-como-conquistar-un-campeonato\/\" data-layout=\"button_count\"><\/div><\/li><li class=\"share-twitter\"><a href=\"https:\/\/twitter.com\/share\" class=\"twitter-share-button\" data-url=\"http:\/\/www.michael-schumacher.es\/noticias-f1\/2013\/11\/07\/felipe-massa-ganar-en-casa-es-como-conquistar-un-campeonato\/\" data-text=\"Felipe Massa: &quot;Ganar en casa es como conquistar un campeonato&quot;\"  >Tweet<\/a><\/li><li class=\"share-email\"><a rel=\"nofollow noopener noreferrer\" data-shared=\"\" class=\"share-email sd-button\" href=\"http:\/\/www.michael-schumacher.es\/noticias-f1\/2013\/11\/07\/felipe-massa-ganar-en-casa-es-como-conquistar-un-campeonato\/?share=email\" target=\"_blank\" title=\"Haz clic para enviar por correo electr\u00f3nico a un amigo\"><span>Correo electr\u00f3nico<\/span><\/a><\/li><li class=\"share-end\"><\/li><\/ul><\/div><\/div><\/div>","protected":false},"author":3,"featured_media":0,"comment_status":"open","ping_status":"open","sticky":false,"template":"","format":"standard","meta":{"_monsterinsights_skip_tracking":false,"_monsterinsights_sitenote_active":false,"_monsterinsights_sitenote_note":"","_monsterinsights_sitenote_category":0,"spay_email":"","jetpack_publicize_message":"","jetpack_is_tweetstorm":false,"jetpack_publicize_feature_enabled":true},"categories":[3],"tags":[4332,64,1243,381,17,106,141,15,2379,3148,954,4333,4330,4334,4331,357],"jetpack_featured_media_url":"","jetpack_publicize_connections":[],"jetpack_sharing_enabled":true,"jetpack_shortlink":"https:\/\/wp.me\/p27q3P-3ye","_links":{"self":[{"href":"http:\/\/www.michael-schumacher.es\/noticias-f1\/wp-json\/wp\/v2\/posts\/13654"}],"collection":[{"href":"http:\/\/www.michael-schumacher.es\/noticias-f1\/wp-json\/wp\/v2\/posts"}],"about":[{"href":"http:\/\/www.michael-schumacher.es\/noticias-f1\/wp-json\/wp\/v2\/types\/post"}],"author":[{"embeddable":true,"href":"http:\/\/www.michael-schumacher.es\/noticias-f1\/wp-json\/wp\/v2\/users\/3"}],"replies":[{"embeddable":true,"href":"http:\/\/www.michael-schumacher.es\/noticias-f1\/wp-json\/wp\/v2\/comments?post=13654"}],"version-history":[{"count":0,"href":"http:\/\/www.michael-schumacher.es\/noticias-f1\/wp-json\/wp\/v2\/posts\/13654\/revisions"}],"wp:attachment":[{"href":"http:\/\/www.michael-schumacher.es\/noticias-f1\/wp-json\/wp\/v2\/media?parent=13654"}],"wp:term":[{"taxonomy":"category","embeddable":true,"href":"http:\/\/www.michael-schumacher.es\/noticias-f1\/wp-json\/wp\/v2\/categories?post=13654"},{"taxonomy":"post_tag","embeddable":true,"href":"http:\/\/www.michael-schumacher.es\/noticias-f1\/wp-json\/wp\/v2\/tags?post=13654"}],"curies":[{"name":"wp","href":"https:\/\/api.w.org\/{rel}","templated":true}]}}