{"id":13656,"date":"2013-11-07T07:56:57","date_gmt":"2013-11-07T06:56:57","guid":{"rendered":"http:\/\/www.michael-schumacher.es\/noticias-f1\/?p=13656"},"modified":"2013-11-07T02:37:27","modified_gmt":"2013-11-07T01:37:27","slug":"vettel-sobre-webber-siempre-nos-hemos-respetado-mutuamente","status":"publish","type":"post","link":"http:\/\/www.michael-schumacher.es\/noticias-f1\/2013\/11\/07\/vettel-sobre-webber-siempre-nos-hemos-respetado-mutuamente\/","title":{"rendered":"Vettel sobre Webber: \u201cSiempre nos hemos respetado mutuamente\u201d"},"content":{"rendered":"<p><a href=\"http:\/\/www.michael-schumacher.es\/noticias-f1\/wp-content\/uploads\/2012\/10\/new-jersey-vettel.jpg\"><img loading=\"lazy\" class=\"alignleft\" alt=\"new-jersey-vettel\" src=\"http:\/\/www.michael-schumacher.es\/noticias-f1\/wp-content\/uploads\/2012\/10\/new-jersey-vettel.jpg\" width=\"200\" height=\"112\" \/><\/a>Sebastian Vettel el tetracampe\u00f3n mundial y Mark Webber han sido compa\u00f1eros de equipo durante cinco a\u00f1os, pero esta relaci\u00f3n profesional acabar\u00e1 pronto exactamente dentro de dos carreras y ahora Sebastian Vettel, reconoce que sus relaciones personales son distantes, pero que se respetan mutuamente en especial en la pista, donde sin duda han formado un equipo de \u00e9xito.<\/p>\n<p><!--more--> <!--noteaser--><\/p>\n<p><a href=\"http:\/\/www.michael-schumacher.es\/noticias-f1\/wp-content\/uploads\/2012\/10\/new-jersey-vettel.jpg\"><img loading=\"lazy\" class=\"aligncenter size-full wp-image-5142\" alt=\"new-jersey-vettel\" src=\"http:\/\/www.michael-schumacher.es\/noticias-f1\/wp-content\/uploads\/2012\/10\/new-jersey-vettel.jpg\" width=\"640\" height=\"360\" srcset=\"http:\/\/www.michael-schumacher.es\/noticias-f1\/wp-content\/uploads\/2012\/10\/new-jersey-vettel.jpg 640w, http:\/\/www.michael-schumacher.es\/noticias-f1\/wp-content\/uploads\/2012\/10\/new-jersey-vettel-300x168.jpg 300w\" sizes=\"(max-width: 640px) 100vw, 640px\" \/><\/a><\/p>\n<p>&nbsp;<\/p>\n<p>&nbsp;<\/p>\n<p>Sebastian Vettel el tetracampe\u00f3n mundial y Mark Webber han sido compa\u00f1eros de equipo durante cinco a\u00f1os, pero esta relaci\u00f3n profesional acabar\u00e1 pronto exactamente dentro de dos carreras y ahora Sebastian Vettel, reconoce que sus relaciones personales son distantes, pero que se respetan mutuamente en especial en la pista, donde sin duda han formado un equipo de \u00e9xito.<\/p>\n<p>&nbsp;<\/p>\n<p>Sebastian Vettel, quiz\u00e1s a modo de despedida, habla con respeto del que ha sido su compa\u00f1ero de equipo y de \u00e9xitos:<strong> \u00abSiempre hemos respetado mutuamente, sobre todo en la pista. No creo que hubo una falta de respeto en nuestras relaciones. Fuimos compa\u00f1eros de equipo en los \u00faltimos cinco a\u00f1os, hemos aprendido a conocernos muy bien. Esto significa que yo conozco sus fortalezas y&#8230; yo no dir\u00eda debilidades, pero conozco las curvas en las que tengo una ventaja sobre \u00e9l, y al contrario, tambi\u00e9n es cierto. Siempre ha sido muy estrecho entre nosotros, probablemente m\u00e1s de lo que la gente tiene en sus recuerdos. Me gust\u00f3 mucho, y es por eso que tengo un gran respeto por \u00e9l\u00bb.<\/strong><\/p>\n<p>&nbsp;<\/p>\n<p>Sin embargo Sebastian Vettel con toda sinceridad reconoce que juntos han ganado cuatro campeonatos, pero que no tienen una buena relaci\u00f3n personal: <strong>\u201cPero tengo que ser honesto y admitir que a nivel personal, no tenemos una relaci\u00f3n muy buena. De todos modos, hemos firmado excelentes resultados. Juntos, hemos ganado cuatro campeonatos de constructores de forma consecutiva\u201d.<\/strong><\/p>\n<div class=\"sharedaddy sd-sharing-enabled\"><div class=\"robots-nocontent sd-block sd-social sd-social-official sd-sharing\"><h3 class=\"sd-title\">Opciones Sociales:<\/h3><div class=\"sd-content\"><ul><li class=\"share-facebook\"><div class=\"fb-share-button\" data-href=\"http:\/\/www.michael-schumacher.es\/noticias-f1\/2013\/11\/07\/vettel-sobre-webber-siempre-nos-hemos-respetado-mutuamente\/\" data-layout=\"button_count\"><\/div><\/li><li class=\"share-twitter\"><a href=\"https:\/\/twitter.com\/share\" class=\"twitter-share-button\" data-url=\"http:\/\/www.michael-schumacher.es\/noticias-f1\/2013\/11\/07\/vettel-sobre-webber-siempre-nos-hemos-respetado-mutuamente\/\" data-text=\"Vettel sobre Webber: \u201cSiempre nos hemos respetado mutuamente\u201d\"  >Tweet<\/a><\/li><li class=\"share-email\"><a rel=\"nofollow noopener noreferrer\" data-shared=\"\" class=\"share-email sd-button\" href=\"http:\/\/www.michael-schumacher.es\/noticias-f1\/2013\/11\/07\/vettel-sobre-webber-siempre-nos-hemos-respetado-mutuamente\/?share=email\" target=\"_blank\" title=\"Haz clic para enviar por correo electr\u00f3nico a un amigo\"><span>Correo electr\u00f3nico<\/span><\/a><\/li><li class=\"share-end\"><\/li><\/ul><\/div><\/div><\/div>","protected":false},"excerpt":{"rendered":"<p>Sebastian Vettel el tetracampe\u00f3n mundial y Mark Webber han sido compa\u00f1eros de equipo durante cinco a\u00f1os, pero esta relaci\u00f3n profesional acabar\u00e1 pronto exactamente dentro de dos carreras y ahora Sebastian Vettel, reconoce que sus relaciones personales son distantes, pero que se respetan mutuamente en especial en la pista, donde sin duda han formado un equipo [&hellip;]<\/p>\n<div class=\"sharedaddy sd-sharing-enabled\"><div class=\"robots-nocontent sd-block sd-social sd-social-official sd-sharing\"><h3 class=\"sd-title\">Opciones Sociales:<\/h3><div class=\"sd-content\"><ul><li class=\"share-facebook\"><div class=\"fb-share-button\" data-href=\"http:\/\/www.michael-schumacher.es\/noticias-f1\/2013\/11\/07\/vettel-sobre-webber-siempre-nos-hemos-respetado-mutuamente\/\" data-layout=\"button_count\"><\/div><\/li><li class=\"share-twitter\"><a href=\"https:\/\/twitter.com\/share\" class=\"twitter-share-button\" data-url=\"http:\/\/www.michael-schumacher.es\/noticias-f1\/2013\/11\/07\/vettel-sobre-webber-siempre-nos-hemos-respetado-mutuamente\/\" data-text=\"Vettel sobre Webber: \u201cSiempre nos hemos respetado mutuamente\u201d\"  >Tweet<\/a><\/li><li class=\"share-email\"><a rel=\"nofollow noopener noreferrer\" data-shared=\"\" class=\"share-email sd-button\" href=\"http:\/\/www.michael-schumacher.es\/noticias-f1\/2013\/11\/07\/vettel-sobre-webber-siempre-nos-hemos-respetado-mutuamente\/?share=email\" target=\"_blank\" title=\"Haz clic para enviar por correo electr\u00f3nico a un amigo\"><span>Correo electr\u00f3nico<\/span><\/a><\/li><li class=\"share-end\"><\/li><\/ul><\/div><\/div><\/div>","protected":false},"author":3,"featured_media":0,"comment_status":"open","ping_status":"open","sticky":false,"template":"","format":"standard","meta":{"_monsterinsights_skip_tracking":false,"_monsterinsights_sitenote_active":false,"_monsterinsights_sitenote_note":"","_monsterinsights_sitenote_category":0,"spay_email":"","jetpack_publicize_message":"","jetpack_is_tweetstorm":false,"jetpack_publicize_feature_enabled":true},"categories":[3],"tags":[373,1243,17,15,72,3406,285,291,51,1107,4335,71,238,30,73],"jetpack_featured_media_url":"","jetpack_publicize_connections":[],"jetpack_sharing_enabled":true,"jetpack_shortlink":"https:\/\/wp.me\/p27q3P-3yg","_links":{"self":[{"href":"http:\/\/www.michael-schumacher.es\/noticias-f1\/wp-json\/wp\/v2\/posts\/13656"}],"collection":[{"href":"http:\/\/www.michael-schumacher.es\/noticias-f1\/wp-json\/wp\/v2\/posts"}],"about":[{"href":"http:\/\/www.michael-schumacher.es\/noticias-f1\/wp-json\/wp\/v2\/types\/post"}],"author":[{"embeddable":true,"href":"http:\/\/www.michael-schumacher.es\/noticias-f1\/wp-json\/wp\/v2\/users\/3"}],"replies":[{"embeddable":true,"href":"http:\/\/www.michael-schumacher.es\/noticias-f1\/wp-json\/wp\/v2\/comments?post=13656"}],"version-history":[{"count":0,"href":"http:\/\/www.michael-schumacher.es\/noticias-f1\/wp-json\/wp\/v2\/posts\/13656\/revisions"}],"wp:attachment":[{"href":"http:\/\/www.michael-schumacher.es\/noticias-f1\/wp-json\/wp\/v2\/media?parent=13656"}],"wp:term":[{"taxonomy":"category","embeddable":true,"href":"http:\/\/www.michael-schumacher.es\/noticias-f1\/wp-json\/wp\/v2\/categories?post=13656"},{"taxonomy":"post_tag","embeddable":true,"href":"http:\/\/www.michael-schumacher.es\/noticias-f1\/wp-json\/wp\/v2\/tags?post=13656"}],"curies":[{"name":"wp","href":"https:\/\/api.w.org\/{rel}","templated":true}]}}