{"id":13678,"date":"2013-11-08T09:24:28","date_gmt":"2013-11-08T08:24:28","guid":{"rendered":"http:\/\/www.michael-schumacher.es\/noticias-f1\/?p=13678"},"modified":"2013-11-08T03:46:58","modified_gmt":"2013-11-08T02:46:58","slug":"horner-no-tiene-ningun-interes-en-sustituir-a-ecclestone","status":"publish","type":"post","link":"http:\/\/www.michael-schumacher.es\/noticias-f1\/2013\/11\/08\/horner-no-tiene-ningun-interes-en-sustituir-a-ecclestone\/","title":{"rendered":"Horner no tiene ning\u00fan inter\u00e9s en sustituir a Ecclestone"},"content":{"rendered":"<p><a href=\"http:\/\/www.michael-schumacher.es\/noticias-f1\/wp-content\/uploads\/2012\/11\/Christian-Horner.jpg\"><img loading=\"lazy\" class=\"alignleft\" alt=\"Christian Horner\" src=\"http:\/\/www.michael-schumacher.es\/noticias-f1\/wp-content\/uploads\/2012\/11\/Christian-Horner.jpg\" width=\"201\" height=\"133\" \/><\/a>Bernie Ecclestone, el patr\u00f3n de la F1, con 83 a\u00f1os tiene una salud y una vitalidad absolutamente envidiables, sin embargo en estos momentos atraviesa un momento delicado\u00a0 teniendo que declarar ante la corte, por el ya famoso caso, en el que se le acusa de corrupci\u00f3n relacionado por Gerhard Gribkowsky, lo que podr\u00eda llegar apartar a Ecclestone de su puesto en la F1, en el improbable caso de que fuese encarcelado, los rumores en la prensa brit\u00e1nica apuntaban a Christian Horner , jefe del equipo Red Bull, como posible candidato a sustituirle.<\/p>\n<p><!--more--> <!--noteaser--><\/p>\n<p>&nbsp;<\/p>\n<p><a href=\"http:\/\/www.michael-schumacher.es\/noticias-f1\/wp-content\/uploads\/2012\/11\/Christian-Horner.jpg\"><img loading=\"lazy\" class=\"aligncenter size-full wp-image-6480\" alt=\"Christian Horner\" src=\"http:\/\/www.michael-schumacher.es\/noticias-f1\/wp-content\/uploads\/2012\/11\/Christian-Horner.jpg\" width=\"610\" height=\"405\" srcset=\"http:\/\/www.michael-schumacher.es\/noticias-f1\/wp-content\/uploads\/2012\/11\/Christian-Horner.jpg 610w, http:\/\/www.michael-schumacher.es\/noticias-f1\/wp-content\/uploads\/2012\/11\/Christian-Horner-300x199.jpg 300w\" sizes=\"(max-width: 610px) 100vw, 610px\" \/><\/a><\/p>\n<p>&nbsp;<\/p>\n<p>&nbsp;<\/p>\n<p>Bernie Ecclestone, el patr\u00f3n de la F1, con 83 a\u00f1os tiene una salud y una vitalidad absolutamente envidiables, sin embargo en estos momentos atraviesa un momento delicado\u00a0 teniendo que declarar ante la corte, por el ya famoso caso, en el que se le acusa de corrupci\u00f3n relacionado por Gerhard Gribkowsky, lo que podr\u00eda llegar apartar a Ecclestone de su puesto en la F1, en el improbable caso de que fuese encarcelado, los rumores en la prensa brit\u00e1nica apuntaban a Christian Horner , jefe del equipo Red Bull, como posible candidato a sustituirle.<\/p>\n<p>&nbsp;<\/p>\n<p>Sin embargo Christian Horner ha negado tajantemente tener ninguna intenci\u00f3n de sustituir a Ecclestone en su puesto al mando de la F1, m\u00e1s bien al contrario confirma que est\u00e1 muy feliz en Red Bull, equipo con el que est\u00e1 comprometido y que su objetivo es dirigir el equipo, adem\u00e1s considera que reemplazar a Bernie ser\u00eda imposible.<\/p>\n<p>&nbsp;<\/p>\n<p>Horner\u00a0 ha declarado a la prensa brit\u00e1nica sus intenciones, que son seguir dirigiendo Red Bull:<strong> \u201cMirad la salud de Bernie, \u00e9l nos va a sobrevivir a todos nosotros! No tengo ning\u00fan inter\u00e9s en estar al frente del puesto que el desempe\u00f1a. Mi atenci\u00f3n se centra en la gesti\u00f3n de un equipo y creo que en realidad reemplazar Bernie ser\u00eda imposible, sin duda al menos con una sola persona. Estoy muy feliz con lo que hago aqu\u00ed. Estoy concentrado y comprometido con este equipo.\u201d<\/strong><\/p>\n<p>&nbsp;<\/p>\n<p>Sebastian Vettel, al que tambi\u00e9n los rumores lo sacan de Red Bull frecuentemente e incluso apuntan que en otro equipo no seria abucheado, al igual que Horner ha declarado sus intenciones de continuar en el equipo donde est\u00e1 muy contento y evidentemente razones no le faltan, ya que no para de cosechar \u00e9xitos: <strong>\u201cA\u00fan incluso yendo a otro equipo, seguir\u00eda habiendo gente que dude o a la que no les guste lo que hago. Al final, has de estar contento contigo mismo y, ahora, puedo asegurar que estoy muy satisfecho con quien soy y con lo que hago\u201d.<\/strong><\/p>\n<p>&nbsp;<\/p>\n<p>&nbsp;<\/p>\n<div class=\"sharedaddy sd-sharing-enabled\"><div class=\"robots-nocontent sd-block sd-social sd-social-official sd-sharing\"><h3 class=\"sd-title\">Opciones Sociales:<\/h3><div class=\"sd-content\"><ul><li class=\"share-facebook\"><div class=\"fb-share-button\" data-href=\"http:\/\/www.michael-schumacher.es\/noticias-f1\/2013\/11\/08\/horner-no-tiene-ningun-interes-en-sustituir-a-ecclestone\/\" data-layout=\"button_count\"><\/div><\/li><li class=\"share-twitter\"><a href=\"https:\/\/twitter.com\/share\" class=\"twitter-share-button\" data-url=\"http:\/\/www.michael-schumacher.es\/noticias-f1\/2013\/11\/08\/horner-no-tiene-ningun-interes-en-sustituir-a-ecclestone\/\" data-text=\"Horner no tiene ning\u00fan inter\u00e9s en sustituir a Ecclestone\"  >Tweet<\/a><\/li><li class=\"share-email\"><a rel=\"nofollow noopener noreferrer\" data-shared=\"\" class=\"share-email sd-button\" href=\"http:\/\/www.michael-schumacher.es\/noticias-f1\/2013\/11\/08\/horner-no-tiene-ningun-interes-en-sustituir-a-ecclestone\/?share=email\" target=\"_blank\" title=\"Haz clic para enviar por correo electr\u00f3nico a un amigo\"><span>Correo electr\u00f3nico<\/span><\/a><\/li><li class=\"share-end\"><\/li><\/ul><\/div><\/div><\/div>","protected":false},"excerpt":{"rendered":"<p>Bernie Ecclestone, el patr\u00f3n de la F1, con 83 a\u00f1os tiene una salud y una vitalidad absolutamente envidiables, sin embargo en estos momentos atraviesa un momento delicado\u00a0 teniendo que declarar ante la corte, por el ya famoso caso, en el que se le acusa de corrupci\u00f3n relacionado por Gerhard Gribkowsky, lo que podr\u00eda llegar apartar [&hellip;]<\/p>\n<div class=\"sharedaddy sd-sharing-enabled\"><div class=\"robots-nocontent sd-block sd-social sd-social-official sd-sharing\"><h3 class=\"sd-title\">Opciones Sociales:<\/h3><div class=\"sd-content\"><ul><li class=\"share-facebook\"><div class=\"fb-share-button\" data-href=\"http:\/\/www.michael-schumacher.es\/noticias-f1\/2013\/11\/08\/horner-no-tiene-ningun-interes-en-sustituir-a-ecclestone\/\" data-layout=\"button_count\"><\/div><\/li><li class=\"share-twitter\"><a href=\"https:\/\/twitter.com\/share\" class=\"twitter-share-button\" data-url=\"http:\/\/www.michael-schumacher.es\/noticias-f1\/2013\/11\/08\/horner-no-tiene-ningun-interes-en-sustituir-a-ecclestone\/\" data-text=\"Horner no tiene ning\u00fan inter\u00e9s en sustituir a Ecclestone\"  >Tweet<\/a><\/li><li class=\"share-email\"><a rel=\"nofollow noopener noreferrer\" data-shared=\"\" class=\"share-email sd-button\" href=\"http:\/\/www.michael-schumacher.es\/noticias-f1\/2013\/11\/08\/horner-no-tiene-ningun-interes-en-sustituir-a-ecclestone\/?share=email\" target=\"_blank\" title=\"Haz clic para enviar por correo electr\u00f3nico a un amigo\"><span>Correo electr\u00f3nico<\/span><\/a><\/li><li class=\"share-end\"><\/li><\/ul><\/div><\/div><\/div>","protected":false},"author":3,"featured_media":0,"comment_status":"open","ping_status":"open","sticky":false,"template":"","format":"standard","meta":{"_monsterinsights_skip_tracking":false,"_monsterinsights_sitenote_active":false,"_monsterinsights_sitenote_note":"","_monsterinsights_sitenote_category":0,"spay_email":"","jetpack_publicize_message":"","jetpack_is_tweetstorm":false,"jetpack_publicize_feature_enabled":true},"categories":[3],"tags":[432,598,431,381,17,15,171,869,4347,4346,1278,291,51,71,1126,30],"jetpack_featured_media_url":"","jetpack_publicize_connections":[],"jetpack_sharing_enabled":true,"jetpack_shortlink":"https:\/\/wp.me\/p27q3P-3yC","_links":{"self":[{"href":"http:\/\/www.michael-schumacher.es\/noticias-f1\/wp-json\/wp\/v2\/posts\/13678"}],"collection":[{"href":"http:\/\/www.michael-schumacher.es\/noticias-f1\/wp-json\/wp\/v2\/posts"}],"about":[{"href":"http:\/\/www.michael-schumacher.es\/noticias-f1\/wp-json\/wp\/v2\/types\/post"}],"author":[{"embeddable":true,"href":"http:\/\/www.michael-schumacher.es\/noticias-f1\/wp-json\/wp\/v2\/users\/3"}],"replies":[{"embeddable":true,"href":"http:\/\/www.michael-schumacher.es\/noticias-f1\/wp-json\/wp\/v2\/comments?post=13678"}],"version-history":[{"count":0,"href":"http:\/\/www.michael-schumacher.es\/noticias-f1\/wp-json\/wp\/v2\/posts\/13678\/revisions"}],"wp:attachment":[{"href":"http:\/\/www.michael-schumacher.es\/noticias-f1\/wp-json\/wp\/v2\/media?parent=13678"}],"wp:term":[{"taxonomy":"category","embeddable":true,"href":"http:\/\/www.michael-schumacher.es\/noticias-f1\/wp-json\/wp\/v2\/categories?post=13678"},{"taxonomy":"post_tag","embeddable":true,"href":"http:\/\/www.michael-schumacher.es\/noticias-f1\/wp-json\/wp\/v2\/tags?post=13678"}],"curies":[{"name":"wp","href":"https:\/\/api.w.org\/{rel}","templated":true}]}}