{"id":1370,"date":"2012-06-10T00:44:31","date_gmt":"2012-06-09T22:44:31","guid":{"rendered":"http:\/\/www.michael-schumacher.es\/noticias-f1\/?p=1370"},"modified":"2012-06-10T00:44:31","modified_gmt":"2012-06-09T22:44:31","slug":"calificacion-gp-de-canada-montreal-2012-williams","status":"publish","type":"post","link":"http:\/\/www.michael-schumacher.es\/noticias-f1\/2012\/06\/10\/calificacion-gp-de-canada-montreal-2012-williams\/","title":{"rendered":"Calificaci\u00f3n GP de Canad\u00e1, Montr\u00e9al 2012. Williams"},"content":{"rendered":"<p><img loading=\"lazy\" class=\"alignleft\" title=\"Williams\" src=\"http:\/\/img.michael-schumacher.es\/noticias-f1\/williams\/williams-1-mini.jpg\" alt=\"Williams\" width=\"202\" height=\"100\" \/>Pastor publicado tiempos competitivos en la pr\u00e1ctica, esta ma\u00f1ana, terminando el quinto m\u00e1s r\u00e1pido, pero su clasificaci\u00f3n se vio obstaculizado por un trompo en la \u00faltima curva en su carrera m\u00e1s r\u00e1pida Q2 que lo deja en 17 \u00aa posici\u00f3n de la carrera de ma\u00f1ana.\u00a0 Bruno Senna clasific\u00f3 en 16 \u00aa posici\u00f3n despu\u00e9s de buscar ser m\u00e1s fuerte en la Q1 con el octavo mejor tiempo de la sesi\u00f3n<\/p>\n<p><!--more--> <!--noteaser--><\/p>\n<p><img loading=\"lazy\" class=\"aligncenter\" title=\"Williams\" src=\"http:\/\/img.michael-schumacher.es\/noticias-f1\/williams\/williams-1.jpg\" alt=\"Williams\" width=\"605\" height=\"300\" \/><\/p>\n<p>Pastor publicado tiempos competitivos en la pr\u00e1ctica, esta ma\u00f1ana, terminando el quinto m\u00e1s r\u00e1pido, pero su clasificaci\u00f3n se vio obstaculizado por un trompo en la \u00faltima curva en su carrera m\u00e1s r\u00e1pida Q2 que lo deja en 17 \u00aa posici\u00f3n de la carrera de ma\u00f1ana.\u00a0 Bruno Senna clasific\u00f3 en 16 \u00aa posici\u00f3n despu\u00e9s de buscar ser m\u00e1s fuerte en la Q1 con el octavo mejor tiempo de la sesi\u00f3n<\/p>\n<p>&nbsp;<\/p>\n<p><strong>Bruno Senna:<\/strong> \u00a0\u201cSe parecen prometedoras en la Q1 y me las arregl\u00e9 para poner un par de vueltas buenas, pero la evoluci\u00f3n de la pista nos pill\u00f3 a cabo un poco y tambien el agarre en la Q2. Es frustrante estar de vuelta en la 16 \u00aa posici\u00f3n, pero hemos aprendido mucho hoy y estoy seguro que seremos m\u00e1s fuertes ma\u00f1ana en la carrera porque el coche ha estado fuerte durante largos plazos durante toda la semana.\u201d<\/p>\n<p>&nbsp;<\/p>\n<p><strong>Pastor Maldonado:<\/strong> \u201cEn mi \u00faltima vuelta frene demasiado y termine golpeando la pared, lo cual es decepcionante porque yo estaba en una buena vuelta que deber\u00eda haberme puesto en la Q3. El coche ha estado mejor esta semana de lo que esta sesi\u00f3n de calificaci\u00f3n sugiere y tenemos buen ritmo de carrera, as\u00ed que tendremos una buena oportunidad de recuperar posiciones ma\u00f1ana.\u201d<\/p>\n<p>&nbsp;<\/p>\n<p><strong>Mark Gillan, Ingeniero Jefe de Operaciones:<\/strong> \u00a0\u201cDespu\u00e9s de una ma\u00f1ana bastante competitivos en el per\u00edodo de sesiones nos cost\u00f3 encontrar el ritmo en la calificaci\u00f3n, ahora tenemos que analizar y comprender con Bruno acabado en 16 \u00ba y Pastor de calificaci\u00f3n en 17 despu\u00e9s de un giro en su \u00faltima vuelta r\u00e1pida. Tenemos mucho que hacer ma\u00f1ana para entrar en los puntos, pero el combustible de alto, el ritmo es bueno a largo plazo.\u201d<\/p>\n<div class=\"sharedaddy sd-sharing-enabled\"><div class=\"robots-nocontent sd-block sd-social sd-social-official sd-sharing\"><h3 class=\"sd-title\">Opciones Sociales:<\/h3><div class=\"sd-content\"><ul><li class=\"share-facebook\"><div class=\"fb-share-button\" data-href=\"http:\/\/www.michael-schumacher.es\/noticias-f1\/2012\/06\/10\/calificacion-gp-de-canada-montreal-2012-williams\/\" data-layout=\"button_count\"><\/div><\/li><li class=\"share-twitter\"><a href=\"https:\/\/twitter.com\/share\" class=\"twitter-share-button\" data-url=\"http:\/\/www.michael-schumacher.es\/noticias-f1\/2012\/06\/10\/calificacion-gp-de-canada-montreal-2012-williams\/\" data-text=\"Calificaci\u00f3n GP de Canad\u00e1, Montr\u00e9al 2012. Williams\"  >Tweet<\/a><\/li><li class=\"share-email\"><a rel=\"nofollow noopener noreferrer\" data-shared=\"\" class=\"share-email sd-button\" href=\"http:\/\/www.michael-schumacher.es\/noticias-f1\/2012\/06\/10\/calificacion-gp-de-canada-montreal-2012-williams\/?share=email\" target=\"_blank\" title=\"Haz clic para enviar por correo electr\u00f3nico a un amigo\"><span>Correo electr\u00f3nico<\/span><\/a><\/li><li class=\"share-end\"><\/li><\/ul><\/div><\/div><\/div>","protected":false},"excerpt":{"rendered":"<p>Pastor publicado tiempos competitivos en la pr\u00e1ctica, esta ma\u00f1ana, terminando el quinto m\u00e1s r\u00e1pido, pero su clasificaci\u00f3n se vio obstaculizado por un trompo en la \u00faltima curva en su carrera m\u00e1s r\u00e1pida Q2 que lo deja en 17 \u00aa posici\u00f3n de la carrera de ma\u00f1ana.\u00a0 Bruno Senna clasific\u00f3 en 16 \u00aa posici\u00f3n despu\u00e9s de buscar [&hellip;]<\/p>\n<div class=\"sharedaddy sd-sharing-enabled\"><div class=\"robots-nocontent sd-block sd-social sd-social-official sd-sharing\"><h3 class=\"sd-title\">Opciones Sociales:<\/h3><div class=\"sd-content\"><ul><li class=\"share-facebook\"><div class=\"fb-share-button\" data-href=\"http:\/\/www.michael-schumacher.es\/noticias-f1\/2012\/06\/10\/calificacion-gp-de-canada-montreal-2012-williams\/\" data-layout=\"button_count\"><\/div><\/li><li class=\"share-twitter\"><a href=\"https:\/\/twitter.com\/share\" class=\"twitter-share-button\" data-url=\"http:\/\/www.michael-schumacher.es\/noticias-f1\/2012\/06\/10\/calificacion-gp-de-canada-montreal-2012-williams\/\" data-text=\"Calificaci\u00f3n GP de Canad\u00e1, Montr\u00e9al 2012. Williams\"  >Tweet<\/a><\/li><li class=\"share-email\"><a rel=\"nofollow noopener noreferrer\" data-shared=\"\" class=\"share-email sd-button\" href=\"http:\/\/www.michael-schumacher.es\/noticias-f1\/2012\/06\/10\/calificacion-gp-de-canada-montreal-2012-williams\/?share=email\" target=\"_blank\" title=\"Haz clic para enviar por correo electr\u00f3nico a un amigo\"><span>Correo electr\u00f3nico<\/span><\/a><\/li><li class=\"share-end\"><\/li><\/ul><\/div><\/div><\/div>","protected":false},"author":3,"featured_media":0,"comment_status":"open","ping_status":"open","sticky":false,"template":"","format":"standard","meta":{"_monsterinsights_skip_tracking":false,"_monsterinsights_sitenote_active":false,"_monsterinsights_sitenote_note":"","_monsterinsights_sitenote_category":0,"spay_email":"","jetpack_publicize_message":"","jetpack_is_tweetstorm":false,"jetpack_publicize_feature_enabled":true},"categories":[68,3],"tags":[94,155,417,159,17,15,6,97,451,96,95,93],"jetpack_featured_media_url":"","jetpack_publicize_connections":[],"jetpack_sharing_enabled":true,"jetpack_shortlink":"https:\/\/wp.me\/p27q3P-m6","_links":{"self":[{"href":"http:\/\/www.michael-schumacher.es\/noticias-f1\/wp-json\/wp\/v2\/posts\/1370"}],"collection":[{"href":"http:\/\/www.michael-schumacher.es\/noticias-f1\/wp-json\/wp\/v2\/posts"}],"about":[{"href":"http:\/\/www.michael-schumacher.es\/noticias-f1\/wp-json\/wp\/v2\/types\/post"}],"author":[{"embeddable":true,"href":"http:\/\/www.michael-schumacher.es\/noticias-f1\/wp-json\/wp\/v2\/users\/3"}],"replies":[{"embeddable":true,"href":"http:\/\/www.michael-schumacher.es\/noticias-f1\/wp-json\/wp\/v2\/comments?post=1370"}],"version-history":[{"count":0,"href":"http:\/\/www.michael-schumacher.es\/noticias-f1\/wp-json\/wp\/v2\/posts\/1370\/revisions"}],"wp:attachment":[{"href":"http:\/\/www.michael-schumacher.es\/noticias-f1\/wp-json\/wp\/v2\/media?parent=1370"}],"wp:term":[{"taxonomy":"category","embeddable":true,"href":"http:\/\/www.michael-schumacher.es\/noticias-f1\/wp-json\/wp\/v2\/categories?post=1370"},{"taxonomy":"post_tag","embeddable":true,"href":"http:\/\/www.michael-schumacher.es\/noticias-f1\/wp-json\/wp\/v2\/tags?post=1370"}],"curies":[{"name":"wp","href":"https:\/\/api.w.org\/{rel}","templated":true}]}}