{"id":13754,"date":"2013-11-13T10:09:15","date_gmt":"2013-11-13T09:09:15","guid":{"rendered":"http:\/\/www.michael-schumacher.es\/noticias-f1\/?p=13754"},"modified":"2013-11-13T05:32:49","modified_gmt":"2013-11-13T04:32:49","slug":"hulkenberg-no-va-sustituir-a-raikkonen","status":"publish","type":"post","link":"http:\/\/www.michael-schumacher.es\/noticias-f1\/2013\/11\/13\/hulkenberg-no-va-sustituir-a-raikkonen\/","title":{"rendered":"Hulkenberg no va sustituir a Raikkonen"},"content":{"rendered":"<p><a href=\"http:\/\/www.michael-schumacher.es\/noticias-f1\/wp-content\/uploads\/2013\/03\/kimi_raikkonen_test-bcn-2013_david-sarro.jpg\"><img loading=\"lazy\" class=\"alignleft\" alt=\"Kimi Raikkonen - Test Bcn 2013 -  David Sarr\u00f3\" src=\"http:\/\/www.michael-schumacher.es\/noticias-f1\/wp-content\/uploads\/2013\/03\/kimi_raikkonen_test-bcn-2013_david-sarro.jpg\" width=\"199\" height=\"132\" \/><\/a>Como ya es ben conocido el piloto finland\u00e9s Kimi Raikkonen ha decidido someterse a cirug\u00eda de la espalda por los dolores que sufre consecuencia de una lesi\u00f3n que el piloto arrastraba y no disputar\u00e1 con su todav\u00eda equipo Lotus las dos \u00faltimas carreras de la temporada actual.<\/p>\n<p><!--more--> <!--noteaser--><\/p>\n<p><a href=\"http:\/\/www.michael-schumacher.es\/noticias-f1\/wp-content\/uploads\/2013\/03\/kimi_raikkonen_test-bcn-2013_david-sarro.jpg\"><img loading=\"lazy\" class=\"aligncenter size-full wp-image-8261\" alt=\"Kimi Raikkonen - Test Bcn 2013 -  David Sarr\u00f3\" src=\"http:\/\/www.michael-schumacher.es\/noticias-f1\/wp-content\/uploads\/2013\/03\/kimi_raikkonen_test-bcn-2013_david-sarro.jpg\" width=\"650\" height=\"433\" srcset=\"http:\/\/www.michael-schumacher.es\/noticias-f1\/wp-content\/uploads\/2013\/03\/kimi_raikkonen_test-bcn-2013_david-sarro.jpg 650w, http:\/\/www.michael-schumacher.es\/noticias-f1\/wp-content\/uploads\/2013\/03\/kimi_raikkonen_test-bcn-2013_david-sarro-300x199.jpg 300w\" sizes=\"(max-width: 650px) 100vw, 650px\" \/><\/a><\/p>\n<p>&nbsp;<\/p>\n<p>&nbsp;<\/p>\n<p>Como ya es ben conocido el piloto finland\u00e9s Kimi Raikkonen ha decidido someterse a cirug\u00eda de la espalda por los dolores que sufre consecuencia de una lesi\u00f3n que el piloto arrastraba y no disputar\u00e1 con su todav\u00eda equipo Lotus las dos \u00faltimas carreras de la temporada actual.<\/p>\n<p>&nbsp;<\/p>\n<p>Por lo que el equipo Lotus sin duda se encuentra en una complicada situaci\u00f3n, en principio porque sus aspiraciones a terminar el mundial de constructores entre los tres primeros se ven muy dificultadas y en segundo lugar porque deben decidir que piloto disputar\u00e1 en su monoplaza las dos carreras que Kimi no va a realizar.<\/p>\n<p>&nbsp;<\/p>\n<p>Aunque el equipo Lotus todav\u00eda no ha anunciado quien sustituir\u00e1 a Raikkonen estas dos \u00faltimas carreras, la primera opci\u00f3n parec\u00eda subir a su piloto reserva Davide Valsecchi, aunque dada la importancia de las carreras para la resoluci\u00f3n del mundial de constructores, se han barajado otros nombres y seg\u00fan el diario Bild, el piloto alem\u00e1n Nico Hulkenberg, era la opci\u00f3n preferida del equipo.<\/p>\n<p>&nbsp;<\/p>\n<p>Sin embargo esta opci\u00f3n parece que no se podr\u00e1 realizar ya que puestas en contacto las partes, no se ha podido llegar a un acuerdo, seg\u00fan ha confirmado, Werner Heinz el m\u00e1nager de Nico Hulkenberg:<strong> \u201cHemos recibido una oferta de Lotus, si Nico estaba disponible y lo discutimos. Sin embargo, decidimos que Nico disputar\u00e1 las dos \u00faltimas carreras con Sauber.\u201d<\/strong><\/p>\n<p>&nbsp;<\/p>\n<p>Por lo que el sustituto de Raikkonen contin\u00faa siendo una inc\u00f3gnita a tan solo tres d\u00edas del comienzo del Gran Premio de EE.UU.<\/p>\n<p>&nbsp;<\/p>\n<p><strong>Imagen:<\/strong> David Sarr\u00f3<\/p>\n<p>&nbsp;<\/p>\n<div class=\"sharedaddy sd-sharing-enabled\"><div class=\"robots-nocontent sd-block sd-social sd-social-official sd-sharing\"><h3 class=\"sd-title\">Opciones Sociales:<\/h3><div class=\"sd-content\"><ul><li class=\"share-facebook\"><div class=\"fb-share-button\" data-href=\"http:\/\/www.michael-schumacher.es\/noticias-f1\/2013\/11\/13\/hulkenberg-no-va-sustituir-a-raikkonen\/\" data-layout=\"button_count\"><\/div><\/li><li class=\"share-twitter\"><a href=\"https:\/\/twitter.com\/share\" class=\"twitter-share-button\" data-url=\"http:\/\/www.michael-schumacher.es\/noticias-f1\/2013\/11\/13\/hulkenberg-no-va-sustituir-a-raikkonen\/\" data-text=\"Hulkenberg no va sustituir a Raikkonen\"  >Tweet<\/a><\/li><li class=\"share-email\"><a rel=\"nofollow noopener noreferrer\" data-shared=\"\" class=\"share-email sd-button\" href=\"http:\/\/www.michael-schumacher.es\/noticias-f1\/2013\/11\/13\/hulkenberg-no-va-sustituir-a-raikkonen\/?share=email\" target=\"_blank\" title=\"Haz clic para enviar por correo electr\u00f3nico a un amigo\"><span>Correo electr\u00f3nico<\/span><\/a><\/li><li class=\"share-end\"><\/li><\/ul><\/div><\/div><\/div>","protected":false},"excerpt":{"rendered":"<p>Como ya es ben conocido el piloto finland\u00e9s Kimi Raikkonen ha decidido someterse a cirug\u00eda de la espalda por los dolores que sufre consecuencia de una lesi\u00f3n que el piloto arrastraba y no disputar\u00e1 con su todav\u00eda equipo Lotus las dos \u00faltimas carreras de la temporada actual.<\/p>\n<div class=\"sharedaddy sd-sharing-enabled\"><div class=\"robots-nocontent sd-block sd-social sd-social-official sd-sharing\"><h3 class=\"sd-title\">Opciones Sociales:<\/h3><div class=\"sd-content\"><ul><li class=\"share-facebook\"><div class=\"fb-share-button\" data-href=\"http:\/\/www.michael-schumacher.es\/noticias-f1\/2013\/11\/13\/hulkenberg-no-va-sustituir-a-raikkonen\/\" data-layout=\"button_count\"><\/div><\/li><li class=\"share-twitter\"><a href=\"https:\/\/twitter.com\/share\" class=\"twitter-share-button\" data-url=\"http:\/\/www.michael-schumacher.es\/noticias-f1\/2013\/11\/13\/hulkenberg-no-va-sustituir-a-raikkonen\/\" data-text=\"Hulkenberg no va sustituir a Raikkonen\"  >Tweet<\/a><\/li><li class=\"share-email\"><a rel=\"nofollow noopener noreferrer\" data-shared=\"\" class=\"share-email sd-button\" href=\"http:\/\/www.michael-schumacher.es\/noticias-f1\/2013\/11\/13\/hulkenberg-no-va-sustituir-a-raikkonen\/?share=email\" target=\"_blank\" title=\"Haz clic para enviar por correo electr\u00f3nico a un amigo\"><span>Correo electr\u00f3nico<\/span><\/a><\/li><li class=\"share-end\"><\/li><\/ul><\/div><\/div><\/div>","protected":false},"author":3,"featured_media":0,"comment_status":"open","ping_status":"open","sticky":false,"template":"","format":"standard","meta":{"_monsterinsights_skip_tracking":false,"_monsterinsights_sitenote_active":false,"_monsterinsights_sitenote_note":"","_monsterinsights_sitenote_category":0,"spay_email":"","jetpack_publicize_message":"","jetpack_is_tweetstorm":false,"jetpack_publicize_feature_enabled":true},"categories":[3],"tags":[373,961,1373,17,15,6,8,112,81,26,111,1062,24,4237,86,1126,238],"jetpack_featured_media_url":"","jetpack_publicize_connections":[],"jetpack_sharing_enabled":true,"jetpack_shortlink":"https:\/\/wp.me\/p27q3P-3zQ","_links":{"self":[{"href":"http:\/\/www.michael-schumacher.es\/noticias-f1\/wp-json\/wp\/v2\/posts\/13754"}],"collection":[{"href":"http:\/\/www.michael-schumacher.es\/noticias-f1\/wp-json\/wp\/v2\/posts"}],"about":[{"href":"http:\/\/www.michael-schumacher.es\/noticias-f1\/wp-json\/wp\/v2\/types\/post"}],"author":[{"embeddable":true,"href":"http:\/\/www.michael-schumacher.es\/noticias-f1\/wp-json\/wp\/v2\/users\/3"}],"replies":[{"embeddable":true,"href":"http:\/\/www.michael-schumacher.es\/noticias-f1\/wp-json\/wp\/v2\/comments?post=13754"}],"version-history":[{"count":0,"href":"http:\/\/www.michael-schumacher.es\/noticias-f1\/wp-json\/wp\/v2\/posts\/13754\/revisions"}],"wp:attachment":[{"href":"http:\/\/www.michael-schumacher.es\/noticias-f1\/wp-json\/wp\/v2\/media?parent=13754"}],"wp:term":[{"taxonomy":"category","embeddable":true,"href":"http:\/\/www.michael-schumacher.es\/noticias-f1\/wp-json\/wp\/v2\/categories?post=13754"},{"taxonomy":"post_tag","embeddable":true,"href":"http:\/\/www.michael-schumacher.es\/noticias-f1\/wp-json\/wp\/v2\/tags?post=13754"}],"curies":[{"name":"wp","href":"https:\/\/api.w.org\/{rel}","templated":true}]}}