{"id":13777,"date":"2013-11-15T17:25:48","date_gmt":"2013-11-15T16:25:48","guid":{"rendered":"http:\/\/www.michael-schumacher.es\/noticias-f1\/?p=13777"},"modified":"2013-11-15T16:02:39","modified_gmt":"2013-11-15T15:02:39","slug":"previo-gp-de-ee-uu-austin-2013-mclaren","status":"publish","type":"post","link":"http:\/\/www.michael-schumacher.es\/noticias-f1\/2013\/11\/15\/previo-gp-de-ee-uu-austin-2013-mclaren\/","title":{"rendered":"Previo GP de EE.UU, Austin 2013. McLaren"},"content":{"rendered":"<p><a href=\"http:\/\/www.michael-schumacher.es\/noticias-f1\/wp-content\/uploads\/2013\/02\/Sergio-Perez-McLaren.jpg\"><img loading=\"lazy\" class=\"alignleft\" alt=\"Sergio Perez McLaren Test Barcelona dia 2\" src=\"http:\/\/www.michael-schumacher.es\/noticias-f1\/wp-content\/uploads\/2013\/02\/Sergio-Perez-McLaren.jpg\" width=\"202\" height=\"107\" \/><\/a>El equipo McLaren llega al que podr\u00eda considerarse el Gran Premio en casa de Sergio P\u00e9rez, con motivaci\u00f3n y optimistas ya que consideran que el trazado se adapta bien a las caracter\u00edsticas de alta velocidad de su monoplaza.<\/p>\n<p><!--more--> <!--noteaser--><\/p>\n<p><a href=\"http:\/\/www.michael-schumacher.es\/noticias-f1\/wp-content\/uploads\/2013\/02\/Sergio-Perez-McLaren.jpg\"><img loading=\"lazy\" class=\"aligncenter size-full wp-image-8015\" alt=\"Sergio Perez McLaren Test Barcelona dia 2\" src=\"http:\/\/www.michael-schumacher.es\/noticias-f1\/wp-content\/uploads\/2013\/02\/Sergio-Perez-McLaren.jpg\" width=\"660\" height=\"350\" srcset=\"http:\/\/www.michael-schumacher.es\/noticias-f1\/wp-content\/uploads\/2013\/02\/Sergio-Perez-McLaren.jpg 660w, http:\/\/www.michael-schumacher.es\/noticias-f1\/wp-content\/uploads\/2013\/02\/Sergio-Perez-McLaren-300x159.jpg 300w\" sizes=\"(max-width: 660px) 100vw, 660px\" \/><\/a><\/p>\n<p>&nbsp;<\/p>\n<p>&nbsp;<\/p>\n<p>El equipo McLaren llega al que podr\u00eda considerarse el Gran Premio en casa de Sergio P\u00e9rez, con motivaci\u00f3n y optimistas ya que consideran que el trazado se adapta bien a las caracter\u00edsticas de alta velocidad de su monoplaza.<\/p>\n<p>&nbsp;<\/p>\n<p>Jenson Button reconoce que disfrut\u00f3 mucho el a\u00f1o pasado en el Circuito de las Am\u00e9ricas ya que tras una dura clasificaci\u00f3n y un comienzo de carrera dif\u00edcil, logr\u00f3 acabar quinto. As\u00ed que tras los progresos en India y en Abu Dhabi, es optimista con el hecho de que el trazado le va bien a las caracter\u00edsticas de alta velocidad de su coche. Sergio P\u00e9rez est\u00e1 encantado de llamar al Gran Premio de EE.UU. \u00a1su carrera en casa! Y por la proximidad, muchos mexicanos viajaran a Austin, el a\u00f1o pasado fue impresionante el nivel de apoyo mexicano\u00a0 por lo que este a\u00f1o intentar\u00e1 un buen resultado para que sus fans. Adem\u00e1s considera que han demostrado tener s\u00f3lidas mejoras y le gustar\u00eda otra carrera como India, para lograr sumar puntos.<\/p>\n<p>&nbsp;<\/p>\n<p><strong>Jenson Button:<\/strong> <em>\u201cLa del Circuito de las Am\u00e9ricas fue una de las carreras que m\u00e1s disfrut\u00e9 la temporada pasada \u2013 lo pas\u00e9 mal durante la clasificaci\u00f3n, empec\u00e9 12\u00ba, pero puse todo mi esfuerzo y concentraci\u00f3n aquella tarde de domingo, compet\u00ed muy bien, y termin\u00e9 quinto, lo que me caus\u00f3 gran satisfacci\u00f3n. El primer sector del circuito est\u00e1 considerado como una de las mejores partes del trazado en cualquier lugar del mundo. La primera curva es bastante complicada, porque est\u00e1 bastante empinada y en \u00e1ngulo muerto, y despu\u00e9s, el circuito se transforma en una pista en zigzag incre\u00edblemente r\u00e1pida hasta el fuerte frenazo para la recta del fondo. Despu\u00e9s de un comienzo de vuelta tan intenso, la recta ofrece un respiro hasta que te tienes que concentrar de nuevo en el sector final, con una serie de curvas a baja velocidad bastante t\u00e9cnicas. De nuevo, hay una gran variedad de curvas y disfrutas cuando lo haces bien. Definitivamente se trata de un lugar en el que un conocimiento acumulado durante los a\u00f1os del trazado puede ayudar a ser m\u00e1s veloz. Soy optimista con el hecho de que el trazado le va bien a las caracter\u00edsticas de alta velocidad de nuestro coche, que ya demostr\u00f3 sus progresos tanto en India como en Abu Dabi. Tras un par de carreras dif\u00edciles, me gustar\u00eda terminar bien para todos los fans de la F\u00f3rmula 1 en EEUU.\u201d<\/em><\/p>\n<p>&nbsp;<\/p>\n<p><strong>Sergio P\u00e9rez:<\/strong> <em>\u201c\u00a1Estoy encantado de poder llamar al Gran Premio de Estados Unidos mi carrera \u201cen casa\u201d! Texas est\u00e1 en la frontera con M\u00e9xico, as\u00ed que es la oportunidad perfecta para muchos mexicanos para hacer un viaje a Austin y saborear un poquito de la F\u00f3rmula 1. El a\u00f1o pasado me qued\u00e9 realmente impresionado por el nivel de apoyo mexicano \u2013 se pod\u00edan ver las gradas repletas de banderas mexicanas, y los fans que conoc\u00ed eran grandes apasionados, entusiastas y conocedores. Para ser una primera carrera, Austin fue un espect\u00e1culo fant\u00e1stico. Para m\u00ed, este ser\u00e1 el fin de semana m\u00e1s importante del a\u00f1o, y estar\u00e9 buscando un buen resultado para que mis fans puedan volver a casa con una sonrisa. Creo que hemos demostrado s\u00f3lidas mejoras y un buen conocimiento de nuestro coche en las \u00faltimas carreras. Aun as\u00ed, y es frustrante, ni Jenson ni yo hemos tenido muchas oportunidades para poder demostrar de lo que el coche es capaz.\u201d Me gustar\u00eda poder tener la oportunidad de otra carrera como India, en la que fui capaz de presionar sin cesar y de conseguir algunos puntos para el equipo.\u201d<\/em><\/p>\n<p>&nbsp;<\/p>\n<p><strong>Martin Whitmarsh, Jefe del equipo:<\/strong> \u201c<em>Despu\u00e9s del \u00e9xito de la inauguraci\u00f3n durante la temporada pasada, todo el equipo de Vodafone McLaren Mercedes est\u00e1 impaciente por volver a Austin. Me qued\u00e9 impresionado por lo que vimos el a\u00f1o pasado \u2013 una de las carreras mejor organizadas y con las que m\u00e1s se disfruta de la temporada, y sin rastro de los problemas iniciales asociados a un nuevo trazado. La ciudad de Austin, tambi\u00e9n estuvo radiante para la ocasi\u00f3n \u2013 y s\u00e9 que toda la comunidad de la F1 se qued\u00f3 satisfecha y orgullosa por c\u00f3mo los ciudadanos de Austin nos hicieron sentir como en casa. Para Checo, \u00e9ste ser\u00e1 un fin de semana ajetreado e importante \u2013 es lo m\u00e1s cerca que puede estar de su casa, M\u00e9xico, y es natural que est\u00e9 emocionado y deseando ver el apoyo local y la expectaci\u00f3n que provocar\u00e1 durante el fin de semana. Estoy seguro de que responder\u00e1 muy bien.\u201d<\/em><\/p>\n<p>&nbsp;<\/p>\n<div class=\"sharedaddy sd-sharing-enabled\"><div class=\"robots-nocontent sd-block sd-social sd-social-official sd-sharing\"><h3 class=\"sd-title\">Opciones Sociales:<\/h3><div class=\"sd-content\"><ul><li class=\"share-facebook\"><div class=\"fb-share-button\" data-href=\"http:\/\/www.michael-schumacher.es\/noticias-f1\/2013\/11\/15\/previo-gp-de-ee-uu-austin-2013-mclaren\/\" data-layout=\"button_count\"><\/div><\/li><li class=\"share-twitter\"><a href=\"https:\/\/twitter.com\/share\" class=\"twitter-share-button\" data-url=\"http:\/\/www.michael-schumacher.es\/noticias-f1\/2013\/11\/15\/previo-gp-de-ee-uu-austin-2013-mclaren\/\" data-text=\"Previo GP de EE.UU, Austin 2013. McLaren\"  >Tweet<\/a><\/li><li class=\"share-email\"><a rel=\"nofollow noopener noreferrer\" data-shared=\"\" class=\"share-email sd-button\" href=\"http:\/\/www.michael-schumacher.es\/noticias-f1\/2013\/11\/15\/previo-gp-de-ee-uu-austin-2013-mclaren\/?share=email\" target=\"_blank\" title=\"Haz clic para enviar por correo electr\u00f3nico a un amigo\"><span>Correo electr\u00f3nico<\/span><\/a><\/li><li class=\"share-end\"><\/li><\/ul><\/div><\/div><\/div>","protected":false},"excerpt":{"rendered":"<p>El equipo McLaren llega al que podr\u00eda considerarse el Gran Premio en casa de Sergio P\u00e9rez, con motivaci\u00f3n y optimistas ya que consideran que el trazado se adapta bien a las caracter\u00edsticas de alta velocidad de su monoplaza.<\/p>\n<div class=\"sharedaddy sd-sharing-enabled\"><div class=\"robots-nocontent sd-block sd-social sd-social-official sd-sharing\"><h3 class=\"sd-title\">Opciones Sociales:<\/h3><div class=\"sd-content\"><ul><li class=\"share-facebook\"><div class=\"fb-share-button\" data-href=\"http:\/\/www.michael-schumacher.es\/noticias-f1\/2013\/11\/15\/previo-gp-de-ee-uu-austin-2013-mclaren\/\" data-layout=\"button_count\"><\/div><\/li><li class=\"share-twitter\"><a href=\"https:\/\/twitter.com\/share\" class=\"twitter-share-button\" data-url=\"http:\/\/www.michael-schumacher.es\/noticias-f1\/2013\/11\/15\/previo-gp-de-ee-uu-austin-2013-mclaren\/\" data-text=\"Previo GP de EE.UU, Austin 2013. McLaren\"  >Tweet<\/a><\/li><li class=\"share-email\"><a rel=\"nofollow noopener noreferrer\" data-shared=\"\" class=\"share-email sd-button\" href=\"http:\/\/www.michael-schumacher.es\/noticias-f1\/2013\/11\/15\/previo-gp-de-ee-uu-austin-2013-mclaren\/?share=email\" target=\"_blank\" title=\"Haz clic para enviar por correo electr\u00f3nico a un amigo\"><span>Correo electr\u00f3nico<\/span><\/a><\/li><li class=\"share-end\"><\/li><\/ul><\/div><\/div><\/div>","protected":false},"author":3,"featured_media":0,"comment_status":"open","ping_status":"open","sticky":false,"template":"","format":"standard","meta":{"_monsterinsights_skip_tracking":false,"_monsterinsights_sitenote_active":false,"_monsterinsights_sitenote_note":"","_monsterinsights_sitenote_category":0,"spay_email":"","jetpack_publicize_message":"","jetpack_is_tweetstorm":false,"jetpack_publicize_feature_enabled":true},"categories":[3,22],"tags":[373,703,13,1490,434,17,15,6,8,12,115,138,90,5,89],"jetpack_featured_media_url":"","jetpack_publicize_connections":[],"jetpack_sharing_enabled":true,"jetpack_shortlink":"https:\/\/wp.me\/p27q3P-3Ad","_links":{"self":[{"href":"http:\/\/www.michael-schumacher.es\/noticias-f1\/wp-json\/wp\/v2\/posts\/13777"}],"collection":[{"href":"http:\/\/www.michael-schumacher.es\/noticias-f1\/wp-json\/wp\/v2\/posts"}],"about":[{"href":"http:\/\/www.michael-schumacher.es\/noticias-f1\/wp-json\/wp\/v2\/types\/post"}],"author":[{"embeddable":true,"href":"http:\/\/www.michael-schumacher.es\/noticias-f1\/wp-json\/wp\/v2\/users\/3"}],"replies":[{"embeddable":true,"href":"http:\/\/www.michael-schumacher.es\/noticias-f1\/wp-json\/wp\/v2\/comments?post=13777"}],"version-history":[{"count":0,"href":"http:\/\/www.michael-schumacher.es\/noticias-f1\/wp-json\/wp\/v2\/posts\/13777\/revisions"}],"wp:attachment":[{"href":"http:\/\/www.michael-schumacher.es\/noticias-f1\/wp-json\/wp\/v2\/media?parent=13777"}],"wp:term":[{"taxonomy":"category","embeddable":true,"href":"http:\/\/www.michael-schumacher.es\/noticias-f1\/wp-json\/wp\/v2\/categories?post=13777"},{"taxonomy":"post_tag","embeddable":true,"href":"http:\/\/www.michael-schumacher.es\/noticias-f1\/wp-json\/wp\/v2\/tags?post=13777"}],"curies":[{"name":"wp","href":"https:\/\/api.w.org\/{rel}","templated":true}]}}