{"id":13864,"date":"2013-11-17T09:00:09","date_gmt":"2013-11-17T08:00:09","guid":{"rendered":"http:\/\/www.michael-schumacher.es\/noticias-f1\/?p=13864"},"modified":"2013-11-17T06:38:08","modified_gmt":"2013-11-17T05:38:08","slug":"calificacion-gp-de-ee-uu-austin-2013-lotus","status":"publish","type":"post","link":"http:\/\/www.michael-schumacher.es\/noticias-f1\/2013\/11\/17\/calificacion-gp-de-ee-uu-austin-2013-lotus\/","title":{"rendered":"Calificaci\u00f3n GP de EE.UU, Austin 2013. Lotus"},"content":{"rendered":"<p><a href=\"http:\/\/www.michael-schumacher.es\/noticias-f1\/wp-content\/uploads\/2012\/09\/grosjean-1-1.jpg\"><img loading=\"lazy\" class=\"alignleft\" alt=\"Romain Grosjean 1-1\" src=\"http:\/\/www.michael-schumacher.es\/noticias-f1\/wp-content\/uploads\/2012\/09\/grosjean-1-1.jpg\" width=\"200\" height=\"133\" \/><\/a>El equipo Lotus ha logrado entrar con los dos pilotos en entre los diez primeros, algo muy importante para facilitar tener ma\u00f1ana una buena carrera, algo muy necesario para el equipo para consolidar una buena posici\u00f3n en el mundial de constructores.<\/p>\n<p><!--more--> <!--noteaser--><\/p>\n<p><a href=\"http:\/\/www.michael-schumacher.es\/noticias-f1\/wp-content\/uploads\/2012\/09\/grosjean-1-1.jpg\"><img loading=\"lazy\" class=\"aligncenter size-full wp-image-3595\" alt=\"Romain Grosjean 1-1\" src=\"http:\/\/www.michael-schumacher.es\/noticias-f1\/wp-content\/uploads\/2012\/09\/grosjean-1-1.jpg\" width=\"600\" height=\"400\" srcset=\"http:\/\/www.michael-schumacher.es\/noticias-f1\/wp-content\/uploads\/2012\/09\/grosjean-1-1.jpg 600w, http:\/\/www.michael-schumacher.es\/noticias-f1\/wp-content\/uploads\/2012\/09\/grosjean-1-1-300x200.jpg 300w\" sizes=\"(max-width: 600px) 100vw, 600px\" \/><\/a><\/p>\n<p>&nbsp;<\/p>\n<p>El equipo Lotus ha logrado entrar con los dos pilotos en entre los diez primeros, algo muy importante para facilitar tener ma\u00f1ana una buena carrera, algo muy necesario para el equipo para consolidar una buena posici\u00f3n en el mundial de constructores.<\/p>\n<p>&nbsp;<\/p>\n<p>Romain Grosjean ha tenido muy buena sesi\u00f3n de calificaci\u00f3n logrando finalizar en una fant\u00e1stica tercera posici\u00f3n, detr\u00e1s de los Red Bulls, lo que es muy positivo para el equipo y con ayuda de Heikki intentaran luchar con fuerza por el Campeonato de Constructores, as\u00ed que intentan sumar tantos puntos como puedan ma\u00f1ana. Heikki Kovalainen ha conseguido finalizar la calificaci\u00f3n en una muy buena posici\u00f3n octava, algo que no hac\u00eda desde hace a\u00f1os y ahora espera como Kimi conseguir una buena carrera saliendo en esa posici\u00f3n. Espera tener un buen ritmo ma\u00f1a y lograr un buen resultado.<\/p>\n<p>&nbsp;<\/p>\n<p><strong>Romain Grosjean:<\/strong> <em>\u201cFue una tarde extra\u00f1a ya que las condiciones estaban cambiando constantemente. Nos las arreglamos para ir a trav\u00e9s de Q1 con el neum\u00e1tico duro que no era el plan inicial, pero fue una agradable sorpresa y nos dio opciones para las dos pr\u00f3ximas sesiones. Mi vuelta en Q3 no fue tan mala, por supuesto, siempre quiere m\u00e1s, pero es dif\u00edcil predecir lo que suceder\u00e1 aqu\u00ed y los tiempos son muy apretados, as\u00ed que tercero en la parrilla es un buen resultado. Nunca es f\u00e1cil encontrar la configuraci\u00f3n correcta en el tiempo disponible aqu\u00ed, ya que tiene un primer sector de la alta velocidad y algunas curvas lentas hacia el final, pero las condiciones cambiantes hacen que la tarea a\u00fan m\u00e1s dif\u00edcil. Las sesiones de la ma\u00f1ana son bastante temprano, as\u00ed que es bastante fr\u00edo durante la primera sesi\u00f3n de entrenamientos cada d\u00eda, pero luego se calienta mucho en la tarde, la comparaci\u00f3n de datos no es f\u00e1cil. Las variaciones en la nubosidad y la velocidad del viento se suman a eso tambi\u00e9n, pero la gran mejora ha estado en la superficie de la pista que ha madurado bien desde el a\u00f1o pasado para dar un mejor agarre. Para m\u00ed, el mayor reto es despertarme tan temprano, como para dormir! No ha sido el fin de semana m\u00e1s f\u00e1cil en t\u00e9rminos de encontrar el equilibrio adecuado con el coche, pero a pesar de que no se ve\u00eda tan bien en la tabla de tiempos de ayer pude sentir que una vez que se fijaron unos peque\u00f1os problemas estar\u00edamos m\u00e1s o menos donde quer\u00edamos. El objetivo fue entre tercero y quinto en la clasificaci\u00f3n y que he golpeado el objetivo m\u00e1s alto, por lo que siempre es una sensaci\u00f3n muy agradable. El franco-finland\u00e9s negro y oro parece funcionar bien! Heikki est\u00e1 haciendo un muy buen trabajo y era muy bueno para el equipo para tenerlo en Q3, especialmente en lo que Mercedes y Ferrari parecen estar luchando un poco con un coche cada uno con uno fuera del top ten. Todav\u00eda estamos luchando contra ellos con fuerza en el Campeonato de Constructores, as\u00ed que espero que podamos sumar buenos puntos con ambos coches ma\u00f1ana. Por supuesto, el objetivo siempre es ganar&#8230; eso es lo que estamos aqu\u00ed! Sebastian [Vettel] y Mark [Webber] eran muy r\u00e1pido hoy en d\u00eda, pero por supuesto que vamos a hacer nuestro mejor esfuerzo para reunir a los toros en la carrera, estamos en Texas despu\u00e9s de todo!\u201d.<\/em><\/p>\n<p>&nbsp;<\/p>\n<p><strong>Heikki Kovalainen:<\/strong> <em>\u201cFue genial entrar en la Q3. No puedo recordar la \u00faltima vez que clasifiqu\u00e9 entre los diez primeros, fue literalmente hace a\u00f1os. Supe ayer que ten\u00edamos un buen coche, pero yo no quer\u00eda realmente ponerme un objetivo para la calificaci\u00f3n. Yo sent\u00ed que di casi todo lo que pude de hoy, como me ha costado un poco en comparaci\u00f3n con ayer con las temperaturas m\u00e1s frescas de esta tarde. En general, todo ha sido positivo hasta el momento y me he meti\u00f3 en el top ten. No voy a hacer ninguna predicci\u00f3n, pero hemos visto que Kimi podr\u00eda hacer muy bien trabajando delante de posiciones en la parrilla similares, as\u00ed que espero que ma\u00f1ana podamos tener otro buen d\u00eda. Luch\u00e9 en las temperaturas m\u00e1s bajas con tratar de conseguir calentar los neum\u00e1ticos para conseguir lo mejor de ellos. Hay un buen n\u00famero de caras conocidas de cuando llegu\u00e9 a Renault antes y me ayuda que he trabajado con mi ingeniero, Mark Slade, antes. Ha sido un aterrizaje suave. He estado bastante tranquilo ya que al llegar y todo se sent\u00eda relajado. El equipo ha estado trabajando muy bien, obviamente, les gusta trabajar con un piloto finland\u00e9s. No he hablado con Kimi ya est\u00e1 ocupado recuper\u00e1ndose de su operaci\u00f3n. He hecho todo lo posible para ponerme en el\u00a0 lugar de Kimi, para este fin de semana, y hasta me he puesto su ropa interior a prueba de fuego! Espero que se lavara&#8230; Voy a ir tan r\u00e1pido como sea posible durante el mayor tiempo posible! No existe una f\u00f3rmula m\u00e1gica. Voy a tratar de no meterme en problemas en la salida, entonces espero que el coche va a ser fuerte en las tandas largas, ya que as\u00ed ha sido este a\u00f1o\u201d.<\/em><\/p>\n<p>&nbsp;<\/p>\n<p>&nbsp;<\/p>\n<div class=\"sharedaddy sd-sharing-enabled\"><div class=\"robots-nocontent sd-block sd-social sd-social-official sd-sharing\"><h3 class=\"sd-title\">Opciones Sociales:<\/h3><div class=\"sd-content\"><ul><li class=\"share-facebook\"><div class=\"fb-share-button\" data-href=\"http:\/\/www.michael-schumacher.es\/noticias-f1\/2013\/11\/17\/calificacion-gp-de-ee-uu-austin-2013-lotus\/\" data-layout=\"button_count\"><\/div><\/li><li class=\"share-twitter\"><a href=\"https:\/\/twitter.com\/share\" class=\"twitter-share-button\" data-url=\"http:\/\/www.michael-schumacher.es\/noticias-f1\/2013\/11\/17\/calificacion-gp-de-ee-uu-austin-2013-lotus\/\" data-text=\"Calificaci\u00f3n GP de EE.UU, Austin 2013. Lotus\"  >Tweet<\/a><\/li><li class=\"share-email\"><a rel=\"nofollow noopener noreferrer\" data-shared=\"\" class=\"share-email sd-button\" href=\"http:\/\/www.michael-schumacher.es\/noticias-f1\/2013\/11\/17\/calificacion-gp-de-ee-uu-austin-2013-lotus\/?share=email\" target=\"_blank\" title=\"Haz clic para enviar por correo electr\u00f3nico a un amigo\"><span>Correo electr\u00f3nico<\/span><\/a><\/li><li class=\"share-end\"><\/li><\/ul><\/div><\/div><\/div>","protected":false},"excerpt":{"rendered":"<p>El equipo Lotus ha logrado entrar con los dos pilotos en entre los diez primeros, algo muy importante para facilitar tener ma\u00f1ana una buena carrera, algo muy necesario para el equipo para consolidar una buena posici\u00f3n en el mundial de constructores.<\/p>\n<div class=\"sharedaddy sd-sharing-enabled\"><div class=\"robots-nocontent sd-block sd-social sd-social-official sd-sharing\"><h3 class=\"sd-title\">Opciones Sociales:<\/h3><div class=\"sd-content\"><ul><li class=\"share-facebook\"><div class=\"fb-share-button\" data-href=\"http:\/\/www.michael-schumacher.es\/noticias-f1\/2013\/11\/17\/calificacion-gp-de-ee-uu-austin-2013-lotus\/\" data-layout=\"button_count\"><\/div><\/li><li class=\"share-twitter\"><a href=\"https:\/\/twitter.com\/share\" class=\"twitter-share-button\" data-url=\"http:\/\/www.michael-schumacher.es\/noticias-f1\/2013\/11\/17\/calificacion-gp-de-ee-uu-austin-2013-lotus\/\" data-text=\"Calificaci\u00f3n GP de EE.UU, Austin 2013. Lotus\"  >Tweet<\/a><\/li><li class=\"share-email\"><a rel=\"nofollow noopener noreferrer\" data-shared=\"\" class=\"share-email sd-button\" href=\"http:\/\/www.michael-schumacher.es\/noticias-f1\/2013\/11\/17\/calificacion-gp-de-ee-uu-austin-2013-lotus\/?share=email\" target=\"_blank\" title=\"Haz clic para enviar por correo electr\u00f3nico a un amigo\"><span>Correo electr\u00f3nico<\/span><\/a><\/li><li class=\"share-end\"><\/li><\/ul><\/div><\/div><\/div>","protected":false},"author":3,"featured_media":0,"comment_status":"open","ping_status":"open","sticky":false,"template":"","format":"standard","meta":{"_monsterinsights_skip_tracking":false,"_monsterinsights_sitenote_active":false,"_monsterinsights_sitenote_note":"","_monsterinsights_sitenote_category":0,"spay_email":"","jetpack_publicize_message":"","jetpack_is_tweetstorm":false,"jetpack_publicize_feature_enabled":true},"categories":[68,3],"tags":[373,3044,703,443,155,159,1490,232,434,17,15,6,83,81,26,24,82],"jetpack_featured_media_url":"","jetpack_publicize_connections":[],"jetpack_sharing_enabled":true,"jetpack_shortlink":"https:\/\/wp.me\/p27q3P-3BC","_links":{"self":[{"href":"http:\/\/www.michael-schumacher.es\/noticias-f1\/wp-json\/wp\/v2\/posts\/13864"}],"collection":[{"href":"http:\/\/www.michael-schumacher.es\/noticias-f1\/wp-json\/wp\/v2\/posts"}],"about":[{"href":"http:\/\/www.michael-schumacher.es\/noticias-f1\/wp-json\/wp\/v2\/types\/post"}],"author":[{"embeddable":true,"href":"http:\/\/www.michael-schumacher.es\/noticias-f1\/wp-json\/wp\/v2\/users\/3"}],"replies":[{"embeddable":true,"href":"http:\/\/www.michael-schumacher.es\/noticias-f1\/wp-json\/wp\/v2\/comments?post=13864"}],"version-history":[{"count":0,"href":"http:\/\/www.michael-schumacher.es\/noticias-f1\/wp-json\/wp\/v2\/posts\/13864\/revisions"}],"wp:attachment":[{"href":"http:\/\/www.michael-schumacher.es\/noticias-f1\/wp-json\/wp\/v2\/media?parent=13864"}],"wp:term":[{"taxonomy":"category","embeddable":true,"href":"http:\/\/www.michael-schumacher.es\/noticias-f1\/wp-json\/wp\/v2\/categories?post=13864"},{"taxonomy":"post_tag","embeddable":true,"href":"http:\/\/www.michael-schumacher.es\/noticias-f1\/wp-json\/wp\/v2\/tags?post=13864"}],"curies":[{"name":"wp","href":"https:\/\/api.w.org\/{rel}","templated":true}]}}