{"id":13883,"date":"2013-11-18T07:00:32","date_gmt":"2013-11-18T06:00:32","guid":{"rendered":"http:\/\/www.michael-schumacher.es\/noticias-f1\/?p=13883"},"modified":"2013-11-18T04:49:11","modified_gmt":"2013-11-18T03:49:11","slug":"balance-gp-de-ee-uu-austin-2013-williams","status":"publish","type":"post","link":"http:\/\/www.michael-schumacher.es\/noticias-f1\/2013\/11\/18\/balance-gp-de-ee-uu-austin-2013-williams\/","title":{"rendered":"Balance GP de EE.UU, Austin 2013. Williams"},"content":{"rendered":"<p><a href=\"http:\/\/www.michael-schumacher.es\/noticias-f1\/wp-content\/uploads\/2012\/11\/bottas.jpg\"><img loading=\"lazy\" class=\"alignleft\" alt=\"bottas\" src=\"http:\/\/www.michael-schumacher.es\/noticias-f1\/wp-content\/uploads\/2012\/11\/bottas.jpg\" width=\"201\" height=\"117\" \/><\/a>El equipo Williams ha terminado una carrera dispar con un gran resultado con Bottas y una discreta posici\u00f3n con Maldonado que sufri\u00f3 da\u00f1os en el aler\u00f3n delantero tras un toque con Sutil, por lo que pese a que ten\u00eda un buen ritmo, esto le priv\u00f3 de la oportunidad de terminar en los puntos.<\/p>\n<p><!--more--> <!--noteaser--><\/p>\n<p><a href=\"http:\/\/www.michael-schumacher.es\/noticias-f1\/wp-content\/uploads\/2012\/11\/bottas.jpg\"><img loading=\"lazy\" class=\"aligncenter size-full wp-image-6535\" alt=\"bottas\" src=\"http:\/\/www.michael-schumacher.es\/noticias-f1\/wp-content\/uploads\/2012\/11\/bottas.jpg\" width=\"600\" height=\"350\" srcset=\"http:\/\/www.michael-schumacher.es\/noticias-f1\/wp-content\/uploads\/2012\/11\/bottas.jpg 600w, http:\/\/www.michael-schumacher.es\/noticias-f1\/wp-content\/uploads\/2012\/11\/bottas-300x175.jpg 300w\" sizes=\"(max-width: 600px) 100vw, 600px\" \/><\/a><\/p>\n<p>&nbsp;<\/p>\n<p>&nbsp;<\/p>\n<p>El equipo Williams ha terminado una carrera dispar con un gran resultado con Bottas y una discreta posici\u00f3n con Maldonado que sufri\u00f3 da\u00f1os en el aler\u00f3n delantero tras un toque con Sutil, por lo que pese a que ten\u00eda un buen ritmo, esto le priv\u00f3 de la oportunidad de terminar en los puntos.<\/p>\n<p>&nbsp;<\/p>\n<p>Valtteri Bottas ha terminado la carrera muy contento en una octava posici\u00f3n, con la que logr\u00f3 sumar cuatro puntos para el equipo y los primeros que suma en la F\u00f3rmula Uno, por lo que ha agradecido al equipo por el trabajo duro que han hecho. Pastor Maldonado ha tenido una carrera dif\u00edcil en la que ha terminado en posici\u00f3n 17 \u00ba, por lo que ahora est\u00e1 deseando una mejor carrera en Brasil.<\/p>\n<p>&nbsp;<\/p>\n<p><strong>Valtteri Bottas:<\/strong> <em>\u201cEstoy muy feliz de conseguir mis primeros puntos en la F\u00f3rmula Uno hoy. El fin de semana ha sido bueno desde el inicio con los coches en la pr\u00e1ctica a trav\u00e9s de la estrategia de paradas en boxes y en la carrera. Hemos conseguido que los neum\u00e1ticos trabajaran bien hoy y tuve buenos comentarios de mis ingenieros de ellos en todo momento. Tuvimos un poco de presi\u00f3n de Rosberg al final, pero fui capaz de seguir presionando y mantener la posici\u00f3n. Quiero decir muchas gracias a todos en el equipo y en la f\u00e1brica, ya que todos han estado trabajando muy duro y realmente se merecen este resultado\u201d.<\/em><\/p>\n<p>&nbsp;<\/p>\n<p><strong>Pastor Maldonado:<\/strong> <em>\u201dHa sido una carrera dif\u00edcil para m\u00ed como el incidente con Sutil comprometiendo la estrategia. Nos las arreglamos para conseguir 40 vueltas de los neum\u00e1ticos duros que es bueno en una pista como esta. En general, tuvimos un fin de semana dif\u00edcil y estoy deseando que llegue una mejor carrera en Brasil\u201d.<\/em><\/p>\n<p>&nbsp;<\/p>\n<p><strong>Xevi Pujolar, Ingeniero Jefe de Carrera:<\/strong> <em>\u201cFue un buen comienzo con los dos coches, pero pronto vimos que Pastor hab\u00eda tenido algunos da\u00f1os en el aler\u00f3n delantero tras un contacto con Sutil en la primera vuelta. Hab\u00edamos planeado carreras de parada \u00fanica para los dos pilotos, pero debido a los da\u00f1os que trajo Pastor se hizo mucho antes su cambio a los neum\u00e1ticos duros. Con las altas temperaturas de la pista hoy estuvimos siendo cautelosos en las primeras etapas de la gesti\u00f3n de los neum\u00e1ticos, pero los primeros datos recogidos de Pastor pusieron de manifiesto que nuestro ritmo y consistencia era buena. Despu\u00e9s de un buen comienzo Valtteri tuvo una buena carrera, luchando duro cuando era necesario y haciendo un gran movimiento para superar Guti\u00e9rrez por el octavo. Logramos la diferencia con Rosberg detr\u00e1s de nosotros y Valtteri fue capaz de empujar en las \u00faltimas vueltas para asegurarse de que manten\u00eda el lugar. Fue un gran resultado para \u00e9l para asegurar sus primeros puntos en la F\u00f3rmula Uno y un final bien merecido para el fin de semana para todo el equipo. A pesar de terminar P17, Pastor tambi\u00e9n tuvo un fuerte impulso y de no haber tenido que hacer a principios la parada, hab\u00eda posibilidad de que ambos coches estuvieran en los puntos hoy. Fue una gran mejora para nosotros aqu\u00ed en Austin y ahora nuestro objetivo es continuar con el impulso de terminar la temporada en lo m\u00e1s alto en Brasil\u201d.<\/em><\/p>\n<p>&nbsp;<\/p>\n<p><strong>Laurent Debout, Renault Sport F1 jefe del equipo de apoyo:<\/strong> <em>\u201cPor \u00faltimo, una gran carrera para el equipo con una estrategia perfecta, gesti\u00f3n de los neum\u00e1ticos y la parada en boxes que nos permiti\u00f3 cumplir con la promesa en los dos \u00faltimos eventos. Valtteri hizo un trabajo incre\u00edble para anotar sus primeros puntos merecidamente aqu\u00ed, terminando por delante de Rosberg y luchando con Alonso. Ser\u00eda mega reproducir este resultado en la \u00faltima carrera del pr\u00f3ximo fin de semana la temporada, que ser\u00e1 la llamada final para el motor V8 de Renault y por desgracia para la asociaci\u00f3n Williams-Renault en esta ocasi\u00f3n. Finalizaci\u00f3n un tanto alto es sin duda la meta\u201d.<\/em><\/p>\n<p>&nbsp;<\/p>\n<p>&nbsp;<\/p>\n<div class=\"sharedaddy sd-sharing-enabled\"><div class=\"robots-nocontent sd-block sd-social sd-social-official sd-sharing\"><h3 class=\"sd-title\">Opciones Sociales:<\/h3><div class=\"sd-content\"><ul><li class=\"share-facebook\"><div class=\"fb-share-button\" data-href=\"http:\/\/www.michael-schumacher.es\/noticias-f1\/2013\/11\/18\/balance-gp-de-ee-uu-austin-2013-williams\/\" data-layout=\"button_count\"><\/div><\/li><li class=\"share-twitter\"><a href=\"https:\/\/twitter.com\/share\" class=\"twitter-share-button\" data-url=\"http:\/\/www.michael-schumacher.es\/noticias-f1\/2013\/11\/18\/balance-gp-de-ee-uu-austin-2013-williams\/\" data-text=\"Balance GP de EE.UU, Austin 2013. Williams\"  >Tweet<\/a><\/li><li class=\"share-email\"><a rel=\"nofollow noopener noreferrer\" data-shared=\"\" class=\"share-email sd-button\" href=\"http:\/\/www.michael-schumacher.es\/noticias-f1\/2013\/11\/18\/balance-gp-de-ee-uu-austin-2013-williams\/?share=email\" target=\"_blank\" title=\"Haz clic para enviar por correo electr\u00f3nico a un amigo\"><span>Correo electr\u00f3nico<\/span><\/a><\/li><li class=\"share-end\"><\/li><\/ul><\/div><\/div><\/div>","protected":false},"excerpt":{"rendered":"<p>El equipo Williams ha terminado una carrera dispar con un gran resultado con Bottas y una discreta posici\u00f3n con Maldonado que sufri\u00f3 da\u00f1os en el aler\u00f3n delantero tras un toque con Sutil, por lo que pese a que ten\u00eda un buen ritmo, esto le priv\u00f3 de la oportunidad de terminar en los puntos.<\/p>\n<div class=\"sharedaddy sd-sharing-enabled\"><div class=\"robots-nocontent sd-block sd-social sd-social-official sd-sharing\"><h3 class=\"sd-title\">Opciones Sociales:<\/h3><div class=\"sd-content\"><ul><li class=\"share-facebook\"><div class=\"fb-share-button\" data-href=\"http:\/\/www.michael-schumacher.es\/noticias-f1\/2013\/11\/18\/balance-gp-de-ee-uu-austin-2013-williams\/\" data-layout=\"button_count\"><\/div><\/li><li class=\"share-twitter\"><a href=\"https:\/\/twitter.com\/share\" class=\"twitter-share-button\" data-url=\"http:\/\/www.michael-schumacher.es\/noticias-f1\/2013\/11\/18\/balance-gp-de-ee-uu-austin-2013-williams\/\" data-text=\"Balance GP de EE.UU, Austin 2013. Williams\"  >Tweet<\/a><\/li><li class=\"share-email\"><a rel=\"nofollow noopener noreferrer\" data-shared=\"\" class=\"share-email sd-button\" href=\"http:\/\/www.michael-schumacher.es\/noticias-f1\/2013\/11\/18\/balance-gp-de-ee-uu-austin-2013-williams\/?share=email\" target=\"_blank\" title=\"Haz clic para enviar por correo electr\u00f3nico a un amigo\"><span>Correo electr\u00f3nico<\/span><\/a><\/li><li class=\"share-end\"><\/li><\/ul><\/div><\/div><\/div>","protected":false},"author":3,"featured_media":0,"comment_status":"open","ping_status":"open","sticky":false,"template":"","format":"standard","meta":{"_monsterinsights_skip_tracking":false,"_monsterinsights_sitenote_active":false,"_monsterinsights_sitenote_note":"","_monsterinsights_sitenote_category":0,"spay_email":"","jetpack_publicize_message":"","jetpack_is_tweetstorm":false,"jetpack_publicize_feature_enabled":true},"categories":[4,3],"tags":[373,401,703,64,400,1490,434,17,15,6,8,97,96,828,93],"jetpack_featured_media_url":"","jetpack_publicize_connections":[],"jetpack_sharing_enabled":true,"jetpack_shortlink":"https:\/\/wp.me\/p27q3P-3BV","_links":{"self":[{"href":"http:\/\/www.michael-schumacher.es\/noticias-f1\/wp-json\/wp\/v2\/posts\/13883"}],"collection":[{"href":"http:\/\/www.michael-schumacher.es\/noticias-f1\/wp-json\/wp\/v2\/posts"}],"about":[{"href":"http:\/\/www.michael-schumacher.es\/noticias-f1\/wp-json\/wp\/v2\/types\/post"}],"author":[{"embeddable":true,"href":"http:\/\/www.michael-schumacher.es\/noticias-f1\/wp-json\/wp\/v2\/users\/3"}],"replies":[{"embeddable":true,"href":"http:\/\/www.michael-schumacher.es\/noticias-f1\/wp-json\/wp\/v2\/comments?post=13883"}],"version-history":[{"count":0,"href":"http:\/\/www.michael-schumacher.es\/noticias-f1\/wp-json\/wp\/v2\/posts\/13883\/revisions"}],"wp:attachment":[{"href":"http:\/\/www.michael-schumacher.es\/noticias-f1\/wp-json\/wp\/v2\/media?parent=13883"}],"wp:term":[{"taxonomy":"category","embeddable":true,"href":"http:\/\/www.michael-schumacher.es\/noticias-f1\/wp-json\/wp\/v2\/categories?post=13883"},{"taxonomy":"post_tag","embeddable":true,"href":"http:\/\/www.michael-schumacher.es\/noticias-f1\/wp-json\/wp\/v2\/tags?post=13883"}],"curies":[{"name":"wp","href":"https:\/\/api.w.org\/{rel}","templated":true}]}}