{"id":13896,"date":"2013-11-18T10:30:53","date_gmt":"2013-11-18T09:30:53","guid":{"rendered":"http:\/\/www.michael-schumacher.es\/noticias-f1\/?p=13896"},"modified":"2013-11-18T06:44:13","modified_gmt":"2013-11-18T05:44:13","slug":"balance-gp-de-ee-uu-austin-2013-sauber","status":"publish","type":"post","link":"http:\/\/www.michael-schumacher.es\/noticias-f1\/2013\/11\/18\/balance-gp-de-ee-uu-austin-2013-sauber\/","title":{"rendered":"Balance GP de EE.UU, Austin 2013. Sauber"},"content":{"rendered":"<p><a href=\"http:\/\/www.michael-schumacher.es\/noticias-f1\/wp-content\/uploads\/2013\/03\/nico_hulkenberg_test-bcn-2013_david-sarro.jpg\"><img loading=\"lazy\" class=\"alignleft\" alt=\"Nico Hulkenberg - Test Bcn 2013 - David Sarr\u00f3\" src=\"http:\/\/www.michael-schumacher.es\/noticias-f1\/wp-content\/uploads\/2013\/03\/nico_hulkenberg_test-bcn-2013_david-sarro.jpg\" width=\"203\" height=\"135\" \/><\/a>El equipo Sauber ha\u00a0 logrado sumar puntos con una brillante actuaci\u00f3n de Hulkenberg terminando en sexta posici\u00f3n. Por lo que est\u00e1n muy contentos adem\u00e1s no han tenido problemas y el trabajo ha sido positivo, con Guti\u00e9rrez con su posici\u00f3n de salida era de esperar una dura carrera. Ahora el equipo se centra en Brasil para la \u00faltima carrera de la temporada donde esperan tener buen fin de semana.<\/p>\n<p><!--more--> <!--noteaser--><\/p>\n<p><a href=\"http:\/\/www.michael-schumacher.es\/noticias-f1\/wp-content\/uploads\/2013\/03\/nico_hulkenberg_test-bcn-2013_david-sarro.jpg\"><img loading=\"lazy\" class=\"aligncenter size-full wp-image-8249\" alt=\"Nico Hulkenberg - Test Bcn 2013 - David Sarr\u00f3\" src=\"http:\/\/www.michael-schumacher.es\/noticias-f1\/wp-content\/uploads\/2013\/03\/nico_hulkenberg_test-bcn-2013_david-sarro.jpg\" width=\"650\" height=\"433\" srcset=\"http:\/\/www.michael-schumacher.es\/noticias-f1\/wp-content\/uploads\/2013\/03\/nico_hulkenberg_test-bcn-2013_david-sarro.jpg 650w, http:\/\/www.michael-schumacher.es\/noticias-f1\/wp-content\/uploads\/2013\/03\/nico_hulkenberg_test-bcn-2013_david-sarro-300x199.jpg 300w\" sizes=\"(max-width: 650px) 100vw, 650px\" \/><\/a><\/p>\n<p>&nbsp;<\/p>\n<p>El equipo Sauber ha\u00a0 logrado sumar puntos con una brillante actuaci\u00f3n de Hulkenberg terminando en sexta posici\u00f3n. Por lo que est\u00e1n muy contentos adem\u00e1s no han tenido problemas y el trabajo ha sido positivo, con Guti\u00e9rrez con su posici\u00f3n de salida era de esperar una dura carrera. Ahora el equipo se centra en Brasil para la \u00faltima carrera de la temporada donde esperan tener buen fin de semana.<\/p>\n<p>&nbsp;<\/p>\n<p>Nico H\u00fclkenberg ha tenido una buena carrera con un s\u00f3lido resultado finalizando en sexta posici\u00f3n. Con una carrera limpia y sin muchas batallas, aunque contra Fernando Alonso ya no ten\u00eda el ritmo y aunque lo adelant\u00f3 le devolvi\u00f3 el pase y no pudo volver a superarlo, pero sin duda ha sido un buen fin de semana con ocho puntos sumados. Esteban Guti\u00e9rrez ha tenido una dura carrera ya que tras la penalizaci\u00f3n sal\u00eda en posici\u00f3n 20\u00ba, y a pesar de la estrategia que no sabe si fue una ganancia, saliendo desde tan atr\u00e1s la carrera iba a ser dif\u00edcil y solamente pudo finalizar en posici\u00f3n 14\u00ba.<\/p>\n<p>&nbsp;<\/p>\n<p><strong>Nico H\u00fclkenberg:<\/strong> <em>\u201cUn resultado muy s\u00f3lido una vez m\u00e1s. Si no me equivoco, desde Monza hemos estado ocho veces en los puntos seguidos, si no fuera por el fracaso del disco de freno en la India y el drive through de Abu Dhabi. Esa es una estad\u00edstica muy impresionante. Ha sido una carrera interesante. No tuve que luchar mucho, s\u00f3lo al final, con Fernando (Alonso), que fue muy divertido. Por desgracia, en la parte crucial de la carrera, de diez a 15 vueltas del final, no ten\u00eda absolutamente el ritmo de Fernando, por lo que fue capaz de superar. Durante la \u00faltima vuelta al entrar en la primera curva le pase, pero luego me perd\u00ed el \u00e1pice y fue capaz de devolv\u00e9rmela en la salida. Pero terminamos s\u00f3lo un par de segundos detr\u00e1s de nuestros competidores. Creo que ha sido un buen fin de semana con una ganancia de un buen ocho puntos\u201d.<\/em><\/p>\n<p>&nbsp;<\/p>\n<p><strong>Esteban Guti\u00e9rrez:<\/strong> <em>\u201dUna carrera muy dura a partir de P20. Tuvimos que ganar un mont\u00f3n de posiciones en la pista. Logr\u00e9 una buena primera vuelta. Hice un par de posiciones y, a continuaci\u00f3n, una vez que el coche de seguridad entr\u00f3, nos decidimos a entrar en boxes para una estrategia diferente a los otros coches. Tenemos que analizar la situaci\u00f3n actual y ver cu\u00e1nto ganamos de eso. Creo que en general, el problema vino de la penalizaci\u00f3n de diez posiciones, lo que hizo complicado al final\u201d.<\/em><\/p>\n<p>&nbsp;<\/p>\n<p><strong>Monisha Kaltenborn, director del equipo:<\/strong> <em>\u201cEstamos muy contentos con este buen resultado para el equipo. No tuvimos ning\u00fan problema con los coches durante la carrera y el equipo hizo una buena actuaci\u00f3n. Una vez m\u00e1s, Nico ha hecho una buena carrera y vamos a mirar a ver si nos pod\u00edamos haber hecho algo diferente, as\u00ed que podr\u00edamos haber sido capaces de mejorar y ganar una posici\u00f3n m\u00e1s. Con Esteban se opt\u00f3 por una estrategia inusual, debido a la dificultad a su posici\u00f3n de partida, con la esperanza que ser\u00eda capaz de superar a un par de coches al final de la carrera. Desafortunadamente, esto no funcion\u00f3. Sin embargo, podemos estar contentos con su rendimiento\u201d.<\/em><\/p>\n<p>&nbsp;<\/p>\n<p><strong>Tom McCullough, Director de Ingenier\u00eda de la pista:<\/strong> <em>\u201cSumar puntos era nuestro objetivo hoy en d\u00eda despu\u00e9s de la calificaci\u00f3n. Nico tuvo un fuerte ritmo durante toda la carrera y estaba luchando hasta la \u00faltima vuelta con Fernando Alonso. El sexto es un resultado muy bueno para nosotros. Debido a la posici\u00f3n en la parrilla de Esteban, se opt\u00f3 por una estrategia diferente que le permitiera atacar al final de la carrera. \u00c9l hizo algunos buenos adelantamientos y condujo bien hoy, pero siempre iba a ser dif\u00edcil luchar por los puntos a partir de 20 \u00ba. Estar tan cerca del cuarto en el final de la carrera nos da m\u00e1s confianza de que Brasil deber\u00eda ser otro buen fin de semana para nuestro equipo\u201d.<\/em><\/p>\n<p>&nbsp;<\/p>\n<p><strong>Imagen:<\/strong> David Sarr\u00f3<\/p>\n<div class=\"sharedaddy sd-sharing-enabled\"><div class=\"robots-nocontent sd-block sd-social sd-social-official sd-sharing\"><h3 class=\"sd-title\">Opciones Sociales:<\/h3><div class=\"sd-content\"><ul><li class=\"share-facebook\"><div class=\"fb-share-button\" data-href=\"http:\/\/www.michael-schumacher.es\/noticias-f1\/2013\/11\/18\/balance-gp-de-ee-uu-austin-2013-sauber\/\" data-layout=\"button_count\"><\/div><\/li><li class=\"share-twitter\"><a href=\"https:\/\/twitter.com\/share\" class=\"twitter-share-button\" data-url=\"http:\/\/www.michael-schumacher.es\/noticias-f1\/2013\/11\/18\/balance-gp-de-ee-uu-austin-2013-sauber\/\" data-text=\"Balance GP de EE.UU, Austin 2013. Sauber\"  >Tweet<\/a><\/li><li class=\"share-email\"><a rel=\"nofollow noopener noreferrer\" data-shared=\"\" class=\"share-email sd-button\" href=\"http:\/\/www.michael-schumacher.es\/noticias-f1\/2013\/11\/18\/balance-gp-de-ee-uu-austin-2013-sauber\/?share=email\" target=\"_blank\" title=\"Haz clic para enviar por correo electr\u00f3nico a un amigo\"><span>Correo electr\u00f3nico<\/span><\/a><\/li><li class=\"share-end\"><\/li><\/ul><\/div><\/div><\/div>","protected":false},"excerpt":{"rendered":"<p>El equipo Sauber ha\u00a0 logrado sumar puntos con una brillante actuaci\u00f3n de Hulkenberg terminando en sexta posici\u00f3n. Por lo que est\u00e1n muy contentos adem\u00e1s no han tenido problemas y el trabajo ha sido positivo, con Guti\u00e9rrez con su posici\u00f3n de salida era de esperar una dura carrera. Ahora el equipo se centra en Brasil para [&hellip;]<\/p>\n<div class=\"sharedaddy sd-sharing-enabled\"><div class=\"robots-nocontent sd-block sd-social sd-social-official sd-sharing\"><h3 class=\"sd-title\">Opciones Sociales:<\/h3><div class=\"sd-content\"><ul><li class=\"share-facebook\"><div class=\"fb-share-button\" data-href=\"http:\/\/www.michael-schumacher.es\/noticias-f1\/2013\/11\/18\/balance-gp-de-ee-uu-austin-2013-sauber\/\" data-layout=\"button_count\"><\/div><\/li><li class=\"share-twitter\"><a href=\"https:\/\/twitter.com\/share\" class=\"twitter-share-button\" data-url=\"http:\/\/www.michael-schumacher.es\/noticias-f1\/2013\/11\/18\/balance-gp-de-ee-uu-austin-2013-sauber\/\" data-text=\"Balance GP de EE.UU, Austin 2013. Sauber\"  >Tweet<\/a><\/li><li class=\"share-email\"><a rel=\"nofollow noopener noreferrer\" data-shared=\"\" class=\"share-email sd-button\" href=\"http:\/\/www.michael-schumacher.es\/noticias-f1\/2013\/11\/18\/balance-gp-de-ee-uu-austin-2013-sauber\/?share=email\" target=\"_blank\" title=\"Haz clic para enviar por correo electr\u00f3nico a un amigo\"><span>Correo electr\u00f3nico<\/span><\/a><\/li><li class=\"share-end\"><\/li><\/ul><\/div><\/div><\/div>","protected":false},"author":3,"featured_media":0,"comment_status":"open","ping_status":"open","sticky":false,"template":"","format":"standard","meta":{"_monsterinsights_skip_tracking":false,"_monsterinsights_sitenote_active":false,"_monsterinsights_sitenote_note":"","_monsterinsights_sitenote_category":0,"spay_email":"","jetpack_publicize_message":"","jetpack_is_tweetstorm":false,"jetpack_publicize_feature_enabled":true},"categories":[4,3],"tags":[373,401,703,64,1490,434,1751,17,15,6,8,2059,112,2263,111,86,3018],"jetpack_featured_media_url":"","jetpack_publicize_connections":[],"jetpack_sharing_enabled":true,"jetpack_shortlink":"https:\/\/wp.me\/p27q3P-3C8","_links":{"self":[{"href":"http:\/\/www.michael-schumacher.es\/noticias-f1\/wp-json\/wp\/v2\/posts\/13896"}],"collection":[{"href":"http:\/\/www.michael-schumacher.es\/noticias-f1\/wp-json\/wp\/v2\/posts"}],"about":[{"href":"http:\/\/www.michael-schumacher.es\/noticias-f1\/wp-json\/wp\/v2\/types\/post"}],"author":[{"embeddable":true,"href":"http:\/\/www.michael-schumacher.es\/noticias-f1\/wp-json\/wp\/v2\/users\/3"}],"replies":[{"embeddable":true,"href":"http:\/\/www.michael-schumacher.es\/noticias-f1\/wp-json\/wp\/v2\/comments?post=13896"}],"version-history":[{"count":0,"href":"http:\/\/www.michael-schumacher.es\/noticias-f1\/wp-json\/wp\/v2\/posts\/13896\/revisions"}],"wp:attachment":[{"href":"http:\/\/www.michael-schumacher.es\/noticias-f1\/wp-json\/wp\/v2\/media?parent=13896"}],"wp:term":[{"taxonomy":"category","embeddable":true,"href":"http:\/\/www.michael-schumacher.es\/noticias-f1\/wp-json\/wp\/v2\/categories?post=13896"},{"taxonomy":"post_tag","embeddable":true,"href":"http:\/\/www.michael-schumacher.es\/noticias-f1\/wp-json\/wp\/v2\/tags?post=13896"}],"curies":[{"name":"wp","href":"https:\/\/api.w.org\/{rel}","templated":true}]}}