{"id":13945,"date":"2013-11-22T20:42:25","date_gmt":"2013-11-22T19:42:25","guid":{"rendered":"http:\/\/www.michael-schumacher.es\/noticias-f1\/?p=13945"},"modified":"2013-11-22T15:56:02","modified_gmt":"2013-11-22T14:56:02","slug":"previo-gp-de-brasil-interlagos-2013-sauber","status":"publish","type":"post","link":"http:\/\/www.michael-schumacher.es\/noticias-f1\/2013\/11\/22\/previo-gp-de-brasil-interlagos-2013-sauber\/","title":{"rendered":"Previo GP de Brasil, Interlagos 2013. Sauber"},"content":{"rendered":"<p><a href=\"http:\/\/www.michael-schumacher.es\/noticias-f1\/wp-content\/uploads\/2013\/03\/nico_hulkenberg_test-bcn-2013_david-sarro.jpg\"><img loading=\"lazy\" class=\"alignleft\" alt=\"Nico Hulkenberg - Test Bcn 2013 - David Sarr\u00f3\" src=\"http:\/\/www.michael-schumacher.es\/noticias-f1\/wp-content\/uploads\/2013\/03\/nico_hulkenberg_test-bcn-2013_david-sarro.jpg\" width=\"200\" height=\"133\" \/><\/a>El equipo Sauber espera cerrar la temporada consiguiendo un buen resultado en la \u00faltima carrera de la temporada 2013, en Interlagos. Sauber desde el GP en Monza ha conseguido estar siempre en la Q3, al menos con un coche, lo que es claramente el objetivo para la \u00faltima carrera de la temporada, para tener la oportunidad de acabar en los puntos.<\/p>\n<p><!--more--> <!--noteaser--><\/p>\n<p><a href=\"http:\/\/www.michael-schumacher.es\/noticias-f1\/wp-content\/uploads\/2013\/03\/nico_hulkenberg_test-bcn-2013_david-sarro.jpg\"><img loading=\"lazy\" class=\"aligncenter size-full wp-image-8249\" alt=\"Nico Hulkenberg - Test Bcn 2013 - David Sarr\u00f3\" src=\"http:\/\/www.michael-schumacher.es\/noticias-f1\/wp-content\/uploads\/2013\/03\/nico_hulkenberg_test-bcn-2013_david-sarro.jpg\" width=\"650\" height=\"433\" srcset=\"http:\/\/www.michael-schumacher.es\/noticias-f1\/wp-content\/uploads\/2013\/03\/nico_hulkenberg_test-bcn-2013_david-sarro.jpg 650w, http:\/\/www.michael-schumacher.es\/noticias-f1\/wp-content\/uploads\/2013\/03\/nico_hulkenberg_test-bcn-2013_david-sarro-300x199.jpg 300w\" sizes=\"(max-width: 650px) 100vw, 650px\" \/><\/a><\/p>\n<p>&nbsp;<\/p>\n<p>&nbsp;<\/p>\n<p>El equipo Sauber espera cerrar la temporada consiguiendo un buen resultado en la \u00faltima carrera de la temporada 2013, en Interlagos. Sauber desde el GP en Monza ha conseguido estar siempre en la Q3, al menos con un coche, lo que es claramente el objetivo para la \u00faltima carrera de la temporada, para tener la oportunidad de acabar en los puntos.<\/p>\n<p>&nbsp;<\/p>\n<p>Nico H\u00fclkenberg tiene muy buenos recuerdos de la legendaria pista de Interlagos ya que consigui\u00f3 su primera pole position en 2010, y el a\u00f1o pasado lider\u00f3 casi de 40 vueltas del Gran Premio, as\u00ed que est\u00e1 deseando iniciar el fin de semana Esteban Guti\u00e9rrez conducir\u00e1 en Interlagos por primera vez, aunque lo practic\u00f3 mucho de joven en PlayStation, por lo que est\u00e1 deseando conducirlo de verdad. Y conf\u00eda con un enfoque positivo y manteniendo el buen ritmo demostrado en la segunda mitad de la temporada, para sumar tantos puntos como sea posible.<\/p>\n<p>&nbsp;<\/p>\n<p><strong>Nico H\u00fclkenberg:<\/strong> <em>\u201cEl Gran Premio de Brasil siempre es especial, y tambi\u00e9n se debe a que es la \u00faltima carrera de la temporada. Me gusta mucho. Es una carrera genial, Sao Paulo es una ciudad interesante y todo el fin de semana es m\u00e1s que especial. Adem\u00e1s, la pista en Interlagos tiene tanta historia. El ambiente es extraordinario desde el momento en que llegas all\u00ed. Tengo muy buenos recuerdos de Brasil. Logr\u00e9 mi primera pole position en condiciones mixtas all\u00ed en 2010, y el a\u00f1o pasado lidere cerca de 40 vueltas del Gran Premio, y que tambi\u00e9n estaba en condiciones dif\u00edciles. Los brasile\u00f1os son siempre muy emocionados y la mayor parte del tiempo las gradas est\u00e1n llenas. Estoy deseando que llegue el fin de semana\u201d.<\/em><\/p>\n<p>&nbsp;<\/p>\n<p><strong>Esteban Guti\u00e9rrez:<\/strong> <em>\u201cInterlagos es un circuito que nunca he conducido sucesivamente. Sin embargo, es muy corto y por lo general no tengo muchos problemas de aprendizaje de nuevas pistas. Las sesiones de pr\u00e1ctica deben ser suficientes para hacerme a la velocidad. Interlagos es un circuito que siempre he querido conocer, as\u00ed que estoy realmente esperando con inter\u00e9s a la misma. Cuando era m\u00e1s joven yo ten\u00eda un simulador de PlayStation, y yo eleg\u00eda este circuito\u00a0 mucho. Ahora voy a tener la oportunidad de conducir en la realidad. Estoy seguro de que me gustar\u00e1. Tenemos que adoptar un enfoque positivo del fin de semana, porque hemos tenido muy buen ritmo en la segunda mitad de la temporada. Tenemos que usar todas las oportunidades que tenemos hacia el final de la temporada y anotar tantos puntos como sea posible. Una cosa que siempre hay que tener en cuenta en Interlagos es el clima, que puede ser impredecible, y usted tiene que asegurarse de que toma las decisiones correctas para que juegue en sus manos\u201d.<\/em><\/p>\n<p>&nbsp;<\/p>\n<p><strong>Tom McCullough, Director de Ingenier\u00eda de la pista:<\/strong> <em>\u201cEl Autodromo Jos\u00e9 Carlos Pace ha producido muchas carreras emocionantes en los \u00faltimos a\u00f1os debido a sus posibilidades de adelantamiento y los patrones clim\u00e1ticos inciertos. La secuencia dentro del cuadro de las curvas en el segundo sector es implacable con una curva que conduce directamente a la siguiente. Por el contrario, desde la salida de la curva 12 hasta la frenada de la primera curva hay una subida constante a lo largo de un tramo muy largo, de plano, donde la velocidad de l\u00ednea recta es muy gratificante, por lo que hay que colocar un gran \u00e9nfasis en la eficiencia. El circuito es muy corto, por lo que resulta una carrera de 71 vueltas. Al igual que el a\u00f1o pasado, Pirelli proporcionar\u00e1 los compuestos de neum\u00e1ticos medio y duro para el fin de semana. El viernes tambi\u00e9n vamos a ser capaces de evaluar los neum\u00e1ticos Pirelli de 2014 por primera vez. Desde Monza hemos tenido al menos un coche en la Q3, lo que nos da la mejor oportunidad de sumar puntos, que es claramente nuestro objetivo nuevo para la \u00faltima carrera de la temporada.\u201d<\/em><\/p>\n<p>&nbsp;<\/p>\n<p><strong>Imagen:<\/strong> David Sarr\u00f3<\/p>\n<div class=\"sharedaddy sd-sharing-enabled\"><div class=\"robots-nocontent sd-block sd-social sd-social-official sd-sharing\"><h3 class=\"sd-title\">Opciones Sociales:<\/h3><div class=\"sd-content\"><ul><li class=\"share-facebook\"><div class=\"fb-share-button\" data-href=\"http:\/\/www.michael-schumacher.es\/noticias-f1\/2013\/11\/22\/previo-gp-de-brasil-interlagos-2013-sauber\/\" data-layout=\"button_count\"><\/div><\/li><li class=\"share-twitter\"><a href=\"https:\/\/twitter.com\/share\" class=\"twitter-share-button\" data-url=\"http:\/\/www.michael-schumacher.es\/noticias-f1\/2013\/11\/22\/previo-gp-de-brasil-interlagos-2013-sauber\/\" data-text=\"Previo GP de Brasil, Interlagos 2013. Sauber\"  >Tweet<\/a><\/li><li class=\"share-email\"><a rel=\"nofollow noopener noreferrer\" data-shared=\"\" class=\"share-email sd-button\" href=\"http:\/\/www.michael-schumacher.es\/noticias-f1\/2013\/11\/22\/previo-gp-de-brasil-interlagos-2013-sauber\/?share=email\" target=\"_blank\" title=\"Haz clic para enviar por correo electr\u00f3nico a un amigo\"><span>Correo electr\u00f3nico<\/span><\/a><\/li><li class=\"share-end\"><\/li><\/ul><\/div><\/div><\/div>","protected":false},"excerpt":{"rendered":"<p>El equipo Sauber espera cerrar la temporada consiguiendo un buen resultado en la \u00faltima carrera de la temporada 2013, en Interlagos. Sauber desde el GP en Monza ha conseguido estar siempre en la Q3, al menos con un coche, lo que es claramente el objetivo para la \u00faltima carrera de la temporada, para tener la [&hellip;]<\/p>\n<div class=\"sharedaddy sd-sharing-enabled\"><div class=\"robots-nocontent sd-block sd-social sd-social-official sd-sharing\"><h3 class=\"sd-title\">Opciones Sociales:<\/h3><div class=\"sd-content\"><ul><li class=\"share-facebook\"><div class=\"fb-share-button\" data-href=\"http:\/\/www.michael-schumacher.es\/noticias-f1\/2013\/11\/22\/previo-gp-de-brasil-interlagos-2013-sauber\/\" data-layout=\"button_count\"><\/div><\/li><li class=\"share-twitter\"><a href=\"https:\/\/twitter.com\/share\" class=\"twitter-share-button\" data-url=\"http:\/\/www.michael-schumacher.es\/noticias-f1\/2013\/11\/22\/previo-gp-de-brasil-interlagos-2013-sauber\/\" data-text=\"Previo GP de Brasil, Interlagos 2013. Sauber\"  >Tweet<\/a><\/li><li class=\"share-email\"><a rel=\"nofollow noopener noreferrer\" data-shared=\"\" class=\"share-email sd-button\" href=\"http:\/\/www.michael-schumacher.es\/noticias-f1\/2013\/11\/22\/previo-gp-de-brasil-interlagos-2013-sauber\/?share=email\" target=\"_blank\" title=\"Haz clic para enviar por correo electr\u00f3nico a un amigo\"><span>Correo electr\u00f3nico<\/span><\/a><\/li><li class=\"share-end\"><\/li><\/ul><\/div><\/div><\/div>","protected":false},"author":3,"featured_media":0,"comment_status":"open","ping_status":"open","sticky":false,"template":"","format":"standard","meta":{"_monsterinsights_skip_tracking":false,"_monsterinsights_sitenote_active":false,"_monsterinsights_sitenote_note":"","_monsterinsights_sitenote_category":0,"spay_email":"","jetpack_publicize_message":"","jetpack_is_tweetstorm":false,"jetpack_publicize_feature_enabled":true},"categories":[3,22],"tags":[373,4410,977,1751,17,15,6,8,2059,112,974,111,5,86,3018],"jetpack_featured_media_url":"","jetpack_publicize_connections":[],"jetpack_sharing_enabled":true,"jetpack_shortlink":"https:\/\/wp.me\/p27q3P-3CV","_links":{"self":[{"href":"http:\/\/www.michael-schumacher.es\/noticias-f1\/wp-json\/wp\/v2\/posts\/13945"}],"collection":[{"href":"http:\/\/www.michael-schumacher.es\/noticias-f1\/wp-json\/wp\/v2\/posts"}],"about":[{"href":"http:\/\/www.michael-schumacher.es\/noticias-f1\/wp-json\/wp\/v2\/types\/post"}],"author":[{"embeddable":true,"href":"http:\/\/www.michael-schumacher.es\/noticias-f1\/wp-json\/wp\/v2\/users\/3"}],"replies":[{"embeddable":true,"href":"http:\/\/www.michael-schumacher.es\/noticias-f1\/wp-json\/wp\/v2\/comments?post=13945"}],"version-history":[{"count":0,"href":"http:\/\/www.michael-schumacher.es\/noticias-f1\/wp-json\/wp\/v2\/posts\/13945\/revisions"}],"wp:attachment":[{"href":"http:\/\/www.michael-schumacher.es\/noticias-f1\/wp-json\/wp\/v2\/media?parent=13945"}],"wp:term":[{"taxonomy":"category","embeddable":true,"href":"http:\/\/www.michael-schumacher.es\/noticias-f1\/wp-json\/wp\/v2\/categories?post=13945"},{"taxonomy":"post_tag","embeddable":true,"href":"http:\/\/www.michael-schumacher.es\/noticias-f1\/wp-json\/wp\/v2\/tags?post=13945"}],"curies":[{"name":"wp","href":"https:\/\/api.w.org\/{rel}","templated":true}]}}