{"id":14090,"date":"2013-11-27T09:39:31","date_gmt":"2013-11-27T08:39:31","guid":{"rendered":"http:\/\/www.michael-schumacher.es\/noticias-f1\/?p=14090"},"modified":"2013-11-27T02:48:55","modified_gmt":"2013-11-27T01:48:55","slug":"massa-muy-motivado-para-trabajar-con-williams","status":"publish","type":"post","link":"http:\/\/www.michael-schumacher.es\/noticias-f1\/2013\/11\/27\/massa-muy-motivado-para-trabajar-con-williams\/","title":{"rendered":"Massa muy motivado para trabajar con Williams"},"content":{"rendered":"<p><a href=\"http:\/\/www.michael-schumacher.es\/noticias-f1\/wp-content\/uploads\/2013\/11\/felipe_massa-valtteri_bottas.jpg\"><img loading=\"lazy\" class=\"alignleft\" alt=\"felipe_massa-valtteri_bottas\" src=\"http:\/\/www.michael-schumacher.es\/noticias-f1\/wp-content\/uploads\/2013\/11\/felipe_massa-valtteri_bottas.jpg\" width=\"203\" height=\"135\" \/><\/a>Felipe Massa como todos sabemos sale del equipo Ferrari, el Gran Premio de Brasil ha sido su \u00faltima carrera con el equipo en el que ha sido piloto oficial durante ocho a\u00f1os y emprende un nuevo reto que a priori parece aportarle una nueva motivaci\u00f3n.<\/p>\n<p><!--more--> <!--noteaser--><\/p>\n<p><a href=\"http:\/\/www.michael-schumacher.es\/noticias-f1\/wp-content\/uploads\/2013\/11\/felipe_massa-valtteri_bottas.jpg\"><img loading=\"lazy\" class=\"aligncenter size-full wp-image-13733\" alt=\"felipe_massa-valtteri_bottas\" src=\"http:\/\/www.michael-schumacher.es\/noticias-f1\/wp-content\/uploads\/2013\/11\/felipe_massa-valtteri_bottas.jpg\" width=\"650\" height=\"433\" srcset=\"http:\/\/www.michael-schumacher.es\/noticias-f1\/wp-content\/uploads\/2013\/11\/felipe_massa-valtteri_bottas.jpg 650w, http:\/\/www.michael-schumacher.es\/noticias-f1\/wp-content\/uploads\/2013\/11\/felipe_massa-valtteri_bottas-300x199.jpg 300w\" sizes=\"(max-width: 650px) 100vw, 650px\" \/><\/a><\/p>\n<p>&nbsp;<\/p>\n<p>&nbsp;<\/p>\n<p>Felipe Massa como todos sabemos sale del equipo Ferrari, el Gran Premio de Brasil ha sido su \u00faltima carrera con el equipo en el que ha sido piloto oficial durante ocho a\u00f1os y emprende un nuevo reto que a priori parece aportarle una nueva motivaci\u00f3n.<\/p>\n<p>&nbsp;<\/p>\n<p>Sin duda Ferrari es un gran equipo, un equipo m\u00edtico en el que muchos pilotos quieren estar, pero sin duda tambi\u00e9n las opciones de Felipe Massa est\u00e1n limitadas en Ferrari, siempre a la sombra de otro piloto, el primer a\u00f1o con el siete veces campe\u00f3n del mundo y el piloto que m\u00e1s \u00e9xitos ha conseguido para Ferrari, Michael Schumacher, despu\u00e9s Kimi Raikkonen y el \u00faltimo Fernando Alonso.<\/p>\n<p>&nbsp;<\/p>\n<p>Sin embargo ahora Felipe Massa pilotar\u00e1 para otro m\u00edtico equipo en la F1, pero con un rol diferente, ser\u00e1 el piloto m\u00e1s experimentado y el que puede llevar el equipo de nuevo al \u00e9xito y, es un reto superior para \u00e9l, ya que sus opciones est\u00e1n abiertas y depender\u00e1 de si mismo y del el equipo.<\/p>\n<p>&nbsp;<\/p>\n<p>Felipe Massa reconoce que es una nueva experiencia para \u00e9l y la primera vez que no pilotar\u00e1 con un motor Ferrari: <strong>\u201cEsta es la primera vez en 2014 que voy a estar conduciendo un F1 sin motor Ferrari en la espalda, sino que tambi\u00e9n ser\u00e1 una nueva experiencia para m\u00ed. No puedo, de todos modos no comparo los motores como los de la siguiente temporada (turbo V6) a V8 completamente diferentes\u201d.<\/strong><\/p>\n<p>&nbsp;<\/p>\n<p>Massa sabe que debe empezar a pensar en el azul y dejar de pensar en rojo, pero adem\u00e1s debe hacer un buen trabajo para que Williams vuelva a lo m\u00e1s alto: <strong>\u201cEntre las nuevas caracter\u00edsticas, tengo que pensar un poco menos rojo (risas) Me voy a acostumbrar a otros colores, definitivamente al azul. Y entonces el coche va a ser muy diferente. Esto es, obviamente, muy emocionante, Williams un gran equipo. Estoy motivado al 100% y espero hacerlo lo mejor posible, todo lo que pueda, para que Williams vuelva a la cima y yo tambi\u00e9n.\u201d<\/strong><\/p>\n<p>&nbsp;<\/p>\n<p>Lo que todav\u00eda no sabe es cuando iniciar\u00e1 su trabajo en Williams ya que quiere celebrar la fiesta de navidad con Ferrari: <strong>\u201cNormalmente en diciembre, pienso que voy en unos d\u00edas, pero quiero participar en la fiesta de Navidad de Ferrari. Entonces ya ser\u00e1 en el a\u00f1o 2014. Esto suceder\u00e1 pronto.\u201d<\/strong><\/p>\n<p>&nbsp;<\/p>\n<div class=\"sharedaddy sd-sharing-enabled\"><div class=\"robots-nocontent sd-block sd-social sd-social-official sd-sharing\"><h3 class=\"sd-title\">Opciones Sociales:<\/h3><div class=\"sd-content\"><ul><li class=\"share-facebook\"><div class=\"fb-share-button\" data-href=\"http:\/\/www.michael-schumacher.es\/noticias-f1\/2013\/11\/27\/massa-muy-motivado-para-trabajar-con-williams\/\" data-layout=\"button_count\"><\/div><\/li><li class=\"share-twitter\"><a href=\"https:\/\/twitter.com\/share\" class=\"twitter-share-button\" data-url=\"http:\/\/www.michael-schumacher.es\/noticias-f1\/2013\/11\/27\/massa-muy-motivado-para-trabajar-con-williams\/\" data-text=\"Massa muy motivado para trabajar con Williams\"  >Tweet<\/a><\/li><li class=\"share-email\"><a rel=\"nofollow noopener noreferrer\" data-shared=\"\" class=\"share-email sd-button\" href=\"http:\/\/www.michael-schumacher.es\/noticias-f1\/2013\/11\/27\/massa-muy-motivado-para-trabajar-con-williams\/?share=email\" target=\"_blank\" title=\"Haz clic para enviar por correo electr\u00f3nico a un amigo\"><span>Correo electr\u00f3nico<\/span><\/a><\/li><li class=\"share-end\"><\/li><\/ul><\/div><\/div><\/div>","protected":false},"excerpt":{"rendered":"<p>Felipe Massa como todos sabemos sale del equipo Ferrari, el Gran Premio de Brasil ha sido su \u00faltima carrera con el equipo en el que ha sido piloto oficial durante ocho a\u00f1os y emprende un nuevo reto que a priori parece aportarle una nueva motivaci\u00f3n.<\/p>\n<div class=\"sharedaddy sd-sharing-enabled\"><div class=\"robots-nocontent sd-block sd-social sd-social-official sd-sharing\"><h3 class=\"sd-title\">Opciones Sociales:<\/h3><div class=\"sd-content\"><ul><li class=\"share-facebook\"><div class=\"fb-share-button\" data-href=\"http:\/\/www.michael-schumacher.es\/noticias-f1\/2013\/11\/27\/massa-muy-motivado-para-trabajar-con-williams\/\" data-layout=\"button_count\"><\/div><\/li><li class=\"share-twitter\"><a href=\"https:\/\/twitter.com\/share\" class=\"twitter-share-button\" data-url=\"http:\/\/www.michael-schumacher.es\/noticias-f1\/2013\/11\/27\/massa-muy-motivado-para-trabajar-con-williams\/\" data-text=\"Massa muy motivado para trabajar con Williams\"  >Tweet<\/a><\/li><li class=\"share-email\"><a rel=\"nofollow noopener noreferrer\" data-shared=\"\" class=\"share-email sd-button\" href=\"http:\/\/www.michael-schumacher.es\/noticias-f1\/2013\/11\/27\/massa-muy-motivado-para-trabajar-con-williams\/?share=email\" target=\"_blank\" title=\"Haz clic para enviar por correo electr\u00f3nico a un amigo\"><span>Correo electr\u00f3nico<\/span><\/a><\/li><li class=\"share-end\"><\/li><\/ul><\/div><\/div><\/div>","protected":false},"author":3,"featured_media":0,"comment_status":"open","ping_status":"open","sticky":false,"template":"","format":"standard","meta":{"_monsterinsights_skip_tracking":false,"_monsterinsights_sitenote_active":false,"_monsterinsights_sitenote_note":"","_monsterinsights_sitenote_category":0,"spay_email":"","jetpack_publicize_message":"","jetpack_is_tweetstorm":false,"jetpack_publicize_feature_enabled":true},"categories":[3],"tags":[373,758,521,4056,17,106,141,15,4419,81,108,2198,606,2277,24,2181,238,866,1561,93],"jetpack_featured_media_url":"","jetpack_publicize_connections":[],"jetpack_sharing_enabled":true,"jetpack_shortlink":"https:\/\/wp.me\/p27q3P-3Fg","_links":{"self":[{"href":"http:\/\/www.michael-schumacher.es\/noticias-f1\/wp-json\/wp\/v2\/posts\/14090"}],"collection":[{"href":"http:\/\/www.michael-schumacher.es\/noticias-f1\/wp-json\/wp\/v2\/posts"}],"about":[{"href":"http:\/\/www.michael-schumacher.es\/noticias-f1\/wp-json\/wp\/v2\/types\/post"}],"author":[{"embeddable":true,"href":"http:\/\/www.michael-schumacher.es\/noticias-f1\/wp-json\/wp\/v2\/users\/3"}],"replies":[{"embeddable":true,"href":"http:\/\/www.michael-schumacher.es\/noticias-f1\/wp-json\/wp\/v2\/comments?post=14090"}],"version-history":[{"count":0,"href":"http:\/\/www.michael-schumacher.es\/noticias-f1\/wp-json\/wp\/v2\/posts\/14090\/revisions"}],"wp:attachment":[{"href":"http:\/\/www.michael-schumacher.es\/noticias-f1\/wp-json\/wp\/v2\/media?parent=14090"}],"wp:term":[{"taxonomy":"category","embeddable":true,"href":"http:\/\/www.michael-schumacher.es\/noticias-f1\/wp-json\/wp\/v2\/categories?post=14090"},{"taxonomy":"post_tag","embeddable":true,"href":"http:\/\/www.michael-schumacher.es\/noticias-f1\/wp-json\/wp\/v2\/tags?post=14090"}],"curies":[{"name":"wp","href":"https:\/\/api.w.org\/{rel}","templated":true}]}}