{"id":14119,"date":"2013-11-29T10:00:47","date_gmt":"2013-11-29T09:00:47","guid":{"rendered":"http:\/\/www.michael-schumacher.es\/noticias-f1\/?p=14119"},"modified":"2013-11-29T03:38:44","modified_gmt":"2013-11-29T02:38:44","slug":"montezemolo-prohibe-a-alonso-hablar-de-ferrari-en-twitter","status":"publish","type":"post","link":"http:\/\/www.michael-schumacher.es\/noticias-f1\/2013\/11\/29\/montezemolo-prohibe-a-alonso-hablar-de-ferrari-en-twitter\/","title":{"rendered":"Montezemolo proh\u00edbe a Alonso hablar de Ferrari en Twitter"},"content":{"rendered":"<p><a href=\"http:\/\/www.michael-schumacher.es\/noticias-f1\/wp-content\/uploads\/2012\/10\/montezemolo.jpg\"><img loading=\"lazy\" class=\"alignleft\" alt=\"Montezemolo \" src=\"http:\/\/www.michael-schumacher.es\/noticias-f1\/wp-content\/uploads\/2012\/10\/montezemolo.jpg\" width=\"203\" height=\"132\" \/><\/a>Las malas relaciones entre el equipo Ferrari y Fernando Alonso quedaron en evidencia tras el GP de Hungr\u00eda, cuando las cr\u00edticas de Alonso al equipo Ferrari sentaron realmente mal en Ferrari y todav\u00eda peor a su presidente quien decidi\u00f3 darle una reprimenda publica a su primer piloto en la p\u00e1gina Web oficial del equipo, algo bastante poco habitual.<\/p>\n<p><!--more--> <!--noteaser--><\/p>\n<p><a href=\"http:\/\/www.michael-schumacher.es\/noticias-f1\/wp-content\/uploads\/2012\/10\/montezemolo.jpg\"><img loading=\"lazy\" class=\"aligncenter size-full wp-image-5127\" alt=\"Montezemolo \" src=\"http:\/\/www.michael-schumacher.es\/noticias-f1\/wp-content\/uploads\/2012\/10\/montezemolo.jpg\" width=\"680\" height=\"444\" srcset=\"http:\/\/www.michael-schumacher.es\/noticias-f1\/wp-content\/uploads\/2012\/10\/montezemolo.jpg 680w, http:\/\/www.michael-schumacher.es\/noticias-f1\/wp-content\/uploads\/2012\/10\/montezemolo-300x195.jpg 300w\" sizes=\"(max-width: 680px) 100vw, 680px\" \/><\/a><\/p>\n<p>&nbsp;<\/p>\n<p>&nbsp;<\/p>\n<p>Las malas relaciones entre el equipo Ferrari y Fernando Alonso quedaron en evidencia tras el GP de Hungr\u00eda, cuando las cr\u00edticas de Alonso al equipo Ferrari sentaron realmente mal en Ferrari y todav\u00eda peor a su presidente quien decidi\u00f3 darle una reprimenda publica a su primer piloto en la p\u00e1gina Web oficial del equipo, algo bastante poco habitual.<\/p>\n<p>&nbsp;<\/p>\n<p>Sin embargo despu\u00e9s de esto las relaciones parece que hab\u00edan vuelto a su cauce o as\u00ed nos lo quer\u00edan hacer ver, ya que despu\u00e9s de estas \u00faltimas declaraciones p\u00fablicas de nuevo de Montezemolo, esas buenas relaciones parecen bastante dudosas, ya que estas actuales afirmaciones suenan a una censura p\u00fablica al proceder de su piloto. Al que claramente quiere contener antes de que pueda volver a hacer declaraciones de cr\u00edtica contra su equipo. Lo que como es l\u00f3gico y comprensible es la prioridad del presidente de la escuder\u00eda, que tiempo atr\u00e1s dijo que la prioridad siempre es el equipo antes que los pilotos.<\/p>\n<p>&nbsp;<\/p>\n<p>Con toda claridad y contundencia Luca di Montezemolo explicaba que prohib\u00eda hablar de Ferrari a Fernando Alonso en Twitter, que tanto el como cualquiera puede escribir en Twitter, pero no de Ferrari,\u00a0 seg\u00fan declaraciones en RAI 1: <strong>\u201cPor supuesto que Alonso, como cualquier otro, puede escribir en Twitter lo que quiera, pero todo lo concerniente al equipo deber\u00e1 ser comunicado por Ferrari. Porque de otro modo se crean situaciones que pueden alterar el ambiente, la tranquilidad del equipo, que siempre es lo importante\u201d.<\/strong><\/p>\n<p>&nbsp;<\/p>\n<p>Aunque Montezemolo hace ahora especial hincapi\u00e9 en que no haya filtraciones en Twitter por parte de Fernando Alonso, se supone que el presidente ya le dio esta orden en el Gran Premio de India, y que revisando el Twitter del piloto, es evidente que ha evitado nombrar a Ferrari desde entonces. Ya que incluso algo que Alonso sol\u00eda poner <strong><em>\u201cForza Ferrari\u201d<\/em><\/strong>, no lo ha repetido desde el fin de semana de India. Pese a que Fernando Alonso que abri\u00f3 su cuenta de Twitter el 3 de marzo de 2012, ha sido muy activo en la red social y tiene alrededor de 1.9\u00a0 millones de seguidores.<\/p>\n<p>&nbsp;<\/p>\n<p>A parte de esto a Montezemolo, tampoco le pareci\u00f3 bien que Fernando Alonso dijera que no luchaba contra Vettel sino contra Newey, por lo que tambi\u00e9n le contradice claramente respecto a esta afirmaci\u00f3n: <strong>\u201cNewey no es su adversario: lo son los pilotos, empezando por Vettel, Hamilton y Rosberg, que ha mejorado mucho, y tambi\u00e9n Raikkonen, que intentar\u00e1 ganar, lo que nos servir\u00e1 de est\u00edmulo.\u201d<\/strong><\/p>\n<p>&nbsp;<\/p>\n<p>&nbsp;<\/p>\n<div class=\"sharedaddy sd-sharing-enabled\"><div class=\"robots-nocontent sd-block sd-social sd-social-official sd-sharing\"><h3 class=\"sd-title\">Opciones Sociales:<\/h3><div class=\"sd-content\"><ul><li class=\"share-facebook\"><div class=\"fb-share-button\" data-href=\"http:\/\/www.michael-schumacher.es\/noticias-f1\/2013\/11\/29\/montezemolo-prohibe-a-alonso-hablar-de-ferrari-en-twitter\/\" data-layout=\"button_count\"><\/div><\/li><li class=\"share-twitter\"><a href=\"https:\/\/twitter.com\/share\" class=\"twitter-share-button\" data-url=\"http:\/\/www.michael-schumacher.es\/noticias-f1\/2013\/11\/29\/montezemolo-prohibe-a-alonso-hablar-de-ferrari-en-twitter\/\" data-text=\"Montezemolo proh\u00edbe a Alonso hablar de Ferrari en Twitter \"  >Tweet<\/a><\/li><li class=\"share-email\"><a rel=\"nofollow noopener noreferrer\" data-shared=\"\" class=\"share-email sd-button\" href=\"http:\/\/www.michael-schumacher.es\/noticias-f1\/2013\/11\/29\/montezemolo-prohibe-a-alonso-hablar-de-ferrari-en-twitter\/?share=email\" target=\"_blank\" title=\"Haz clic para enviar por correo electr\u00f3nico a un amigo\"><span>Correo electr\u00f3nico<\/span><\/a><\/li><li class=\"share-end\"><\/li><\/ul><\/div><\/div><\/div>","protected":false},"excerpt":{"rendered":"<p>Las malas relaciones entre el equipo Ferrari y Fernando Alonso quedaron en evidencia tras el GP de Hungr\u00eda, cuando las cr\u00edticas de Alonso al equipo Ferrari sentaron realmente mal en Ferrari y todav\u00eda peor a su presidente quien decidi\u00f3 darle una reprimenda publica a su primer piloto en la p\u00e1gina Web oficial del equipo, algo [&hellip;]<\/p>\n<div class=\"sharedaddy sd-sharing-enabled\"><div class=\"robots-nocontent sd-block sd-social sd-social-official sd-sharing\"><h3 class=\"sd-title\">Opciones Sociales:<\/h3><div class=\"sd-content\"><ul><li class=\"share-facebook\"><div class=\"fb-share-button\" data-href=\"http:\/\/www.michael-schumacher.es\/noticias-f1\/2013\/11\/29\/montezemolo-prohibe-a-alonso-hablar-de-ferrari-en-twitter\/\" data-layout=\"button_count\"><\/div><\/li><li class=\"share-twitter\"><a href=\"https:\/\/twitter.com\/share\" class=\"twitter-share-button\" data-url=\"http:\/\/www.michael-schumacher.es\/noticias-f1\/2013\/11\/29\/montezemolo-prohibe-a-alonso-hablar-de-ferrari-en-twitter\/\" data-text=\"Montezemolo proh\u00edbe a Alonso hablar de Ferrari en Twitter \"  >Tweet<\/a><\/li><li class=\"share-email\"><a rel=\"nofollow noopener noreferrer\" data-shared=\"\" class=\"share-email sd-button\" href=\"http:\/\/www.michael-schumacher.es\/noticias-f1\/2013\/11\/29\/montezemolo-prohibe-a-alonso-hablar-de-ferrari-en-twitter\/?share=email\" target=\"_blank\" title=\"Haz clic para enviar por correo electr\u00f3nico a un amigo\"><span>Correo electr\u00f3nico<\/span><\/a><\/li><li class=\"share-end\"><\/li><\/ul><\/div><\/div><\/div>","protected":false},"author":3,"featured_media":0,"comment_status":"open","ping_status":"open","sticky":false,"template":"","format":"standard","meta":{"_monsterinsights_skip_tracking":false,"_monsterinsights_sitenote_active":false,"_monsterinsights_sitenote_note":"","_monsterinsights_sitenote_category":0,"spay_email":"","jetpack_publicize_message":"","jetpack_is_tweetstorm":false,"jetpack_publicize_feature_enabled":true},"categories":[3],"tags":[373,105,4231,141,81,1564,1320,1055,1530,1557,24,2662,3632,71,238,1620,1280,30],"jetpack_featured_media_url":"","jetpack_publicize_connections":[],"jetpack_sharing_enabled":true,"jetpack_shortlink":"https:\/\/wp.me\/p27q3P-3FJ","_links":{"self":[{"href":"http:\/\/www.michael-schumacher.es\/noticias-f1\/wp-json\/wp\/v2\/posts\/14119"}],"collection":[{"href":"http:\/\/www.michael-schumacher.es\/noticias-f1\/wp-json\/wp\/v2\/posts"}],"about":[{"href":"http:\/\/www.michael-schumacher.es\/noticias-f1\/wp-json\/wp\/v2\/types\/post"}],"author":[{"embeddable":true,"href":"http:\/\/www.michael-schumacher.es\/noticias-f1\/wp-json\/wp\/v2\/users\/3"}],"replies":[{"embeddable":true,"href":"http:\/\/www.michael-schumacher.es\/noticias-f1\/wp-json\/wp\/v2\/comments?post=14119"}],"version-history":[{"count":0,"href":"http:\/\/www.michael-schumacher.es\/noticias-f1\/wp-json\/wp\/v2\/posts\/14119\/revisions"}],"wp:attachment":[{"href":"http:\/\/www.michael-schumacher.es\/noticias-f1\/wp-json\/wp\/v2\/media?parent=14119"}],"wp:term":[{"taxonomy":"category","embeddable":true,"href":"http:\/\/www.michael-schumacher.es\/noticias-f1\/wp-json\/wp\/v2\/categories?post=14119"},{"taxonomy":"post_tag","embeddable":true,"href":"http:\/\/www.michael-schumacher.es\/noticias-f1\/wp-json\/wp\/v2\/tags?post=14119"}],"curies":[{"name":"wp","href":"https:\/\/api.w.org\/{rel}","templated":true}]}}