{"id":14128,"date":"2013-11-30T10:24:11","date_gmt":"2013-11-30T09:24:11","guid":{"rendered":"http:\/\/www.michael-schumacher.es\/noticias-f1\/?p=14128"},"modified":"2013-11-30T02:38:37","modified_gmt":"2013-11-30T01:38:37","slug":"pastor-maldonado-confirmado-en-lotus-junto-a-romain-grosjean-para-el-2014","status":"publish","type":"post","link":"http:\/\/www.michael-schumacher.es\/noticias-f1\/2013\/11\/30\/pastor-maldonado-confirmado-en-lotus-junto-a-romain-grosjean-para-el-2014\/","title":{"rendered":"Pastor Maldonado confirmado en Lotus junto a Romain Grosjean para el 2014"},"content":{"rendered":"<p><a href=\"http:\/\/www.michael-schumacher.es\/noticias-f1\/wp-content\/uploads\/2012\/08\/david_sarro.maldonado-1.jpg\"><img loading=\"lazy\" class=\"alignleft\" alt=\"Pastor Maldonado 1\" src=\"http:\/\/www.michael-schumacher.es\/noticias-f1\/wp-content\/uploads\/2012\/08\/david_sarro.maldonado-1.jpg\" width=\"200\" height=\"133\" \/><\/a>Los rumores apuntaban fuertemente los \u00faltimos d\u00edas que el fichaje de Pastor Maldonado con Lotus ser\u00eda inminente y nosotros nos hicimos eco de ello y hoy ha sido confirmado, finalmente el equipo Lotus tendr\u00e1 a Romain Grosjean que ha demostrado adem\u00e1s de su talento,\u00a0 la experiencia que ha adquirido y la solidez de su pilotaje en la segunda parte de la temporada, y Pastor Maldonado que por fin va a tener un coche competitivo con el que poder demostrar su talento.<\/p>\n<p><!--more--> <!--noteaser--><\/p>\n<p><a href=\"http:\/\/www.michael-schumacher.es\/noticias-f1\/wp-content\/uploads\/2012\/08\/david_sarro.maldonado-1.jpg\"><img loading=\"lazy\" class=\"aligncenter size-full wp-image-2452\" alt=\"Pastor Maldonado 1\" src=\"http:\/\/www.michael-schumacher.es\/noticias-f1\/wp-content\/uploads\/2012\/08\/david_sarro.maldonado-1.jpg\" width=\"600\" height=\"400\" srcset=\"http:\/\/www.michael-schumacher.es\/noticias-f1\/wp-content\/uploads\/2012\/08\/david_sarro.maldonado-1.jpg 600w, http:\/\/www.michael-schumacher.es\/noticias-f1\/wp-content\/uploads\/2012\/08\/david_sarro.maldonado-1-300x200.jpg 300w\" sizes=\"(max-width: 600px) 100vw, 600px\" \/><\/a><\/p>\n<p>&nbsp;<\/p>\n<p>&nbsp;<\/p>\n<p>Los rumores apuntaban fuertemente los \u00faltimos d\u00edas que el fichaje de Pastor Maldonado con Lotus ser\u00eda inminente y nosotros nos hicimos eco de ello y hoy ha sido confirmado, finalmente el equipo Lotus tendr\u00e1 a Romain Grosjean que ha demostrado adem\u00e1s de su talento,\u00a0 la experiencia que ha adquirido y la solidez de su pilotaje en la segunda parte de la temporada, y Pastor Maldonado que por fin va a tener un coche competitivo con el que poder demostrar su talento.<\/p>\n<p>&nbsp;<\/p>\n<p>El propio equipo Lotus a trav\u00e9s de su p\u00e1gina Web oficial, ha anunciado su alineaci\u00f3n de pilotos para la pr\u00f3xima temporada, con Romain Grosjean y de compa\u00f1ero han anunciado al piloto Venezolano Pastor Maldonado, un t\u00e1ndem de pilotos, con el que conf\u00edan en conseguir un equipo fuerte con el que poder seguir demostrando su gran trabajo y tan buenos resultados como los logrados esta temporada.<\/p>\n<p>&nbsp;<\/p>\n<p><strong>Eric Boullier, director del equipo, confirmaba a los pilotos para la pr\u00f3xima temporada<\/strong>: <em>\u201cEs con gran placer que podamos confirmar oficialmente que Romain Grosjean continuar\u00e1 con Lotus F1 Team la pr\u00f3xima temporada. \u00c9l realmente ha mostrado la mayor parte de su enorme talento durante la \u00faltima parte de la temporada 2013 y ser\u00e1 un activo fant\u00e1stico para nuestro desaf\u00edo de 2014. Romain estar\u00e1 acompa\u00f1ado por Pastor Maldonado, un piloto que he conocido desde que condujo para m\u00ed en DAMS en la Serie Mundial de 2005 de Renault. Est\u00e1 claro que Pastor tiene ritmo y potencial &#8211; demostrado por su \u00e9xito con el t\u00edtulo de la GP2 Series 2010 y luego a trav\u00e9s de s\u00f3lidas carreras a lo largo de su carrera en Williams F1 Team &#8211; y estamos convencidos de que vamos a ser capaces de proporcionar un entorno adecuado para que pueda florecer con regularidad en la pista. Hemos estado trabajando en nuestro nuevo coche en alineaci\u00f3n con las nuevas regulaciones para m\u00e1s de dos a\u00f1os y estamos seguros de que tenemos una muy buena soluci\u00f3n para todos los desaf\u00edos que se avecinan. Con Romain y Pastor creo que Lotus F1 Team ser\u00e1 capaz de dar un buen n\u00famero de sorpresas el a\u00f1o que viene \u00ab.<\/em><\/p>\n<p>&nbsp;<\/p>\n<p><strong>Romain Grosjean:<\/strong> <em>\u201cEstoy muy feliz de tener la confirmaci\u00f3n oficial de que continuar\u00e9 conduciendo para Lotus F1 Team la pr\u00f3xima temporada. Este \u00faltimo a\u00f1o ha sido tremendamente satisfactorio para m\u00ed. Hemos trabajado bien juntos, y s\u00e9 que todo el mundo en Enstone est\u00e1 motivado para continuar la lucha hasta el \u00faltimo punto disponible. Estoy muy entusiasmado con el coche del pr\u00f3ximo a\u00f1o y no puedo esperar a salir a la pista de pruebas de pretemporada antes de viajar a Australia para la primera carrera de la temporada\u201d.<\/em><\/p>\n<p>&nbsp;<\/p>\n<p><strong>Pastor Maldonado:<\/strong> <em>\u201cEs una oportunidad fant\u00e1stica para m\u00ed unirme a Lotus F1 Team para el 2014. No es ning\u00fan secreto que he querido un cambio de escena para ayudar a seguir adelante con mi carrera de F\u00f3rmula 1 y Lotus F1 Team me ofrece la mejor oportunidad para m\u00ed para tener la pr\u00f3xima temporada competitiva. Los reglamentos y coches cambiar\u00e1n significativamente por lo que es un muy buen momento para un nuevo comienzo. No puedo esperar a estar corriendo en negro y oro\u201d.<\/em><\/p>\n<p>&nbsp;<\/p>\n<p>&nbsp;<\/p>\n<div class=\"sharedaddy sd-sharing-enabled\"><div class=\"robots-nocontent sd-block sd-social sd-social-official sd-sharing\"><h3 class=\"sd-title\">Opciones Sociales:<\/h3><div class=\"sd-content\"><ul><li class=\"share-facebook\"><div class=\"fb-share-button\" data-href=\"http:\/\/www.michael-schumacher.es\/noticias-f1\/2013\/11\/30\/pastor-maldonado-confirmado-en-lotus-junto-a-romain-grosjean-para-el-2014\/\" data-layout=\"button_count\"><\/div><\/li><li class=\"share-twitter\"><a href=\"https:\/\/twitter.com\/share\" class=\"twitter-share-button\" data-url=\"http:\/\/www.michael-schumacher.es\/noticias-f1\/2013\/11\/30\/pastor-maldonado-confirmado-en-lotus-junto-a-romain-grosjean-para-el-2014\/\" data-text=\"Pastor Maldonado confirmado en Lotus junto a Romain Grosjean para el 2014\"  >Tweet<\/a><\/li><li class=\"share-email\"><a rel=\"nofollow noopener noreferrer\" data-shared=\"\" class=\"share-email sd-button\" href=\"http:\/\/www.michael-schumacher.es\/noticias-f1\/2013\/11\/30\/pastor-maldonado-confirmado-en-lotus-junto-a-romain-grosjean-para-el-2014\/?share=email\" target=\"_blank\" title=\"Haz clic para enviar por correo electr\u00f3nico a un amigo\"><span>Correo electr\u00f3nico<\/span><\/a><\/li><li class=\"share-end\"><\/li><\/ul><\/div><\/div><\/div>","protected":false},"excerpt":{"rendered":"<p>Los rumores apuntaban fuertemente los \u00faltimos d\u00edas que el fichaje de Pastor Maldonado con Lotus ser\u00eda inminente y nosotros nos hicimos eco de ello y hoy ha sido confirmado, finalmente el equipo Lotus tendr\u00e1 a Romain Grosjean que ha demostrado adem\u00e1s de su talento,\u00a0 la experiencia que ha adquirido y la solidez de su pilotaje [&hellip;]<\/p>\n<div class=\"sharedaddy sd-sharing-enabled\"><div class=\"robots-nocontent sd-block sd-social sd-social-official sd-sharing\"><h3 class=\"sd-title\">Opciones Sociales:<\/h3><div class=\"sd-content\"><ul><li class=\"share-facebook\"><div class=\"fb-share-button\" data-href=\"http:\/\/www.michael-schumacher.es\/noticias-f1\/2013\/11\/30\/pastor-maldonado-confirmado-en-lotus-junto-a-romain-grosjean-para-el-2014\/\" data-layout=\"button_count\"><\/div><\/li><li class=\"share-twitter\"><a href=\"https:\/\/twitter.com\/share\" class=\"twitter-share-button\" data-url=\"http:\/\/www.michael-schumacher.es\/noticias-f1\/2013\/11\/30\/pastor-maldonado-confirmado-en-lotus-junto-a-romain-grosjean-para-el-2014\/\" data-text=\"Pastor Maldonado confirmado en Lotus junto a Romain Grosjean para el 2014\"  >Tweet<\/a><\/li><li class=\"share-email\"><a rel=\"nofollow noopener noreferrer\" data-shared=\"\" class=\"share-email sd-button\" href=\"http:\/\/www.michael-schumacher.es\/noticias-f1\/2013\/11\/30\/pastor-maldonado-confirmado-en-lotus-junto-a-romain-grosjean-para-el-2014\/?share=email\" target=\"_blank\" title=\"Haz clic para enviar por correo electr\u00f3nico a un amigo\"><span>Correo electr\u00f3nico<\/span><\/a><\/li><li class=\"share-end\"><\/li><\/ul><\/div><\/div><\/div>","protected":false},"author":3,"featured_media":0,"comment_status":"open","ping_status":"open","sticky":false,"template":"","format":"standard","meta":{"_monsterinsights_skip_tracking":false,"_monsterinsights_sitenote_active":false,"_monsterinsights_sitenote_note":"","_monsterinsights_sitenote_category":0,"spay_email":"","jetpack_publicize_message":"","jetpack_is_tweetstorm":false,"jetpack_publicize_feature_enabled":true},"categories":[3],"tags":[758,3734,1257,1529,381,17,387,15,83,4430,4431,81,26,97,96,24,82,1126,238],"jetpack_featured_media_url":"","jetpack_publicize_connections":[],"jetpack_sharing_enabled":true,"jetpack_shortlink":"https:\/\/wp.me\/p27q3P-3FS","_links":{"self":[{"href":"http:\/\/www.michael-schumacher.es\/noticias-f1\/wp-json\/wp\/v2\/posts\/14128"}],"collection":[{"href":"http:\/\/www.michael-schumacher.es\/noticias-f1\/wp-json\/wp\/v2\/posts"}],"about":[{"href":"http:\/\/www.michael-schumacher.es\/noticias-f1\/wp-json\/wp\/v2\/types\/post"}],"author":[{"embeddable":true,"href":"http:\/\/www.michael-schumacher.es\/noticias-f1\/wp-json\/wp\/v2\/users\/3"}],"replies":[{"embeddable":true,"href":"http:\/\/www.michael-schumacher.es\/noticias-f1\/wp-json\/wp\/v2\/comments?post=14128"}],"version-history":[{"count":0,"href":"http:\/\/www.michael-schumacher.es\/noticias-f1\/wp-json\/wp\/v2\/posts\/14128\/revisions"}],"wp:attachment":[{"href":"http:\/\/www.michael-schumacher.es\/noticias-f1\/wp-json\/wp\/v2\/media?parent=14128"}],"wp:term":[{"taxonomy":"category","embeddable":true,"href":"http:\/\/www.michael-schumacher.es\/noticias-f1\/wp-json\/wp\/v2\/categories?post=14128"},{"taxonomy":"post_tag","embeddable":true,"href":"http:\/\/www.michael-schumacher.es\/noticias-f1\/wp-json\/wp\/v2\/tags?post=14128"}],"curies":[{"name":"wp","href":"https:\/\/api.w.org\/{rel}","templated":true}]}}