{"id":14130,"date":"2013-11-30T11:48:58","date_gmt":"2013-11-30T10:48:58","guid":{"rendered":"http:\/\/www.michael-schumacher.es\/noticias-f1\/?p=14130"},"modified":"2013-11-30T03:20:15","modified_gmt":"2013-11-30T02:20:15","slug":"el-gran-premio-de-bahrein-sera-nocturno-en-2014","status":"publish","type":"post","link":"http:\/\/www.michael-schumacher.es\/noticias-f1\/2013\/11\/30\/el-gran-premio-de-bahrein-sera-nocturno-en-2014\/","title":{"rendered":"El Gran Premio de Bahr\u00e9in ser\u00e1 nocturno en 2014"},"content":{"rendered":"<p><a href=\"http:\/\/www.michael-schumacher.es\/noticias-f1\/wp-content\/uploads\/2013\/04\/Bahrain_circuit-2.jpg\"><img loading=\"lazy\" class=\"alignleft\" alt=\"Bahrain_circuit-2\" src=\"http:\/\/www.michael-schumacher.es\/noticias-f1\/wp-content\/uploads\/2013\/04\/Bahrain_circuit-2.jpg\" width=\"194\" height=\"129\" \/><\/a>El jeque Salman bin Isa Al Khalifa responsable del circuito de Sakhir en Bahr\u00e9in ha confirmado que como celebraci\u00f3n de los 10 a\u00f1os como sede del Gran Premio de Bahr\u00e9in, la carrera que se celebrar\u00e1 en 2014,va a ser nocturna.<\/p>\n<p><!--more--> <!--noteaser--><\/p>\n<p><a href=\"http:\/\/www.michael-schumacher.es\/noticias-f1\/wp-content\/uploads\/2013\/04\/Bahrain_circuit-2.jpg\"><img loading=\"lazy\" class=\"aligncenter size-full wp-image-8962\" alt=\"Bahrain_circuit-2\" src=\"http:\/\/www.michael-schumacher.es\/noticias-f1\/wp-content\/uploads\/2013\/04\/Bahrain_circuit-2.jpg\" width=\"650\" height=\"433\" srcset=\"http:\/\/www.michael-schumacher.es\/noticias-f1\/wp-content\/uploads\/2013\/04\/Bahrain_circuit-2.jpg 650w, http:\/\/www.michael-schumacher.es\/noticias-f1\/wp-content\/uploads\/2013\/04\/Bahrain_circuit-2-300x199.jpg 300w\" sizes=\"(max-width: 650px) 100vw, 650px\" \/><\/a><\/p>\n<p>&nbsp;<\/p>\n<p>&nbsp;<\/p>\n<p>El jeque Salman bin Isa Al Khalifa responsable del circuito de Sakhir en Bahr\u00e9in ha confirmado que como celebraci\u00f3n de los 10 a\u00f1os como sede del Gran Premio de Bahr\u00e9in, la carrera que se celebrar\u00e1 en 2014,va a ser nocturna.<\/p>\n<p>&nbsp;<\/p>\n<p>El circuito ya se est\u00e1 acondicionando y de hecho ya se han instalado, durante las \u00faltimas semanas los focos en una gran parte de la pista, que este fin de semana podr\u00e1 ser probado en un evento del Campeonato del Mundo de Resistencia WEC.<\/p>\n<p>&nbsp;<\/p>\n<p>El jeque Salman bin Isa Al Khalifa ha confirmado la informaci\u00f3n: <strong>\u201cEstamos encantados de ser capaces de poner a prueba nuestra primera fase de iluminaci\u00f3n de la pista con la WEC, es un gran logro para nosotros, un ambicioso proyecto que se completar\u00e1 en febrero. Este es nuestro proyecto m\u00e1s grande desde que se complet\u00f3 el circuito en 2004. Creo que no habr\u00e1 una forma mejor de celebrar nuestro 10\u00ba aniversario y nuestra continua participaci\u00f3n en la F1.\u201d<\/strong><\/p>\n<div class=\"sharedaddy sd-sharing-enabled\"><div class=\"robots-nocontent sd-block sd-social sd-social-official sd-sharing\"><h3 class=\"sd-title\">Opciones Sociales:<\/h3><div class=\"sd-content\"><ul><li class=\"share-facebook\"><div class=\"fb-share-button\" data-href=\"http:\/\/www.michael-schumacher.es\/noticias-f1\/2013\/11\/30\/el-gran-premio-de-bahrein-sera-nocturno-en-2014\/\" data-layout=\"button_count\"><\/div><\/li><li class=\"share-twitter\"><a href=\"https:\/\/twitter.com\/share\" class=\"twitter-share-button\" data-url=\"http:\/\/www.michael-schumacher.es\/noticias-f1\/2013\/11\/30\/el-gran-premio-de-bahrein-sera-nocturno-en-2014\/\" data-text=\"El Gran Premio de Bahr\u00e9in ser\u00e1 nocturno en 2014\"  >Tweet<\/a><\/li><li class=\"share-email\"><a rel=\"nofollow noopener noreferrer\" data-shared=\"\" class=\"share-email sd-button\" href=\"http:\/\/www.michael-schumacher.es\/noticias-f1\/2013\/11\/30\/el-gran-premio-de-bahrein-sera-nocturno-en-2014\/?share=email\" target=\"_blank\" title=\"Haz clic para enviar por correo electr\u00f3nico a un amigo\"><span>Correo electr\u00f3nico<\/span><\/a><\/li><li class=\"share-end\"><\/li><\/ul><\/div><\/div><\/div>","protected":false},"excerpt":{"rendered":"<p>El jeque Salman bin Isa Al Khalifa responsable del circuito de Sakhir en Bahr\u00e9in ha confirmado que como celebraci\u00f3n de los 10 a\u00f1os como sede del Gran Premio de Bahr\u00e9in, la carrera que se celebrar\u00e1 en 2014,va a ser nocturna.<\/p>\n<div class=\"sharedaddy sd-sharing-enabled\"><div class=\"robots-nocontent sd-block sd-social sd-social-official sd-sharing\"><h3 class=\"sd-title\">Opciones Sociales:<\/h3><div class=\"sd-content\"><ul><li class=\"share-facebook\"><div class=\"fb-share-button\" data-href=\"http:\/\/www.michael-schumacher.es\/noticias-f1\/2013\/11\/30\/el-gran-premio-de-bahrein-sera-nocturno-en-2014\/\" data-layout=\"button_count\"><\/div><\/li><li class=\"share-twitter\"><a href=\"https:\/\/twitter.com\/share\" class=\"twitter-share-button\" data-url=\"http:\/\/www.michael-schumacher.es\/noticias-f1\/2013\/11\/30\/el-gran-premio-de-bahrein-sera-nocturno-en-2014\/\" data-text=\"El Gran Premio de Bahr\u00e9in ser\u00e1 nocturno en 2014\"  >Tweet<\/a><\/li><li class=\"share-email\"><a rel=\"nofollow noopener noreferrer\" data-shared=\"\" class=\"share-email sd-button\" href=\"http:\/\/www.michael-schumacher.es\/noticias-f1\/2013\/11\/30\/el-gran-premio-de-bahrein-sera-nocturno-en-2014\/?share=email\" target=\"_blank\" title=\"Haz clic para enviar por correo electr\u00f3nico a un amigo\"><span>Correo electr\u00f3nico<\/span><\/a><\/li><li class=\"share-end\"><\/li><\/ul><\/div><\/div><\/div>","protected":false},"author":3,"featured_media":0,"comment_status":"open","ping_status":"open","sticky":false,"template":"","format":"standard","meta":{"_monsterinsights_skip_tracking":false,"_monsterinsights_sitenote_active":false,"_monsterinsights_sitenote_note":"","_monsterinsights_sitenote_category":0,"spay_email":"","jetpack_publicize_message":"","jetpack_is_tweetstorm":false,"jetpack_publicize_feature_enabled":true},"categories":[3],"tags":[758,35,4432,135,1257,17,4433,15,6,8,1539,861,70,2587,238],"jetpack_featured_media_url":"","jetpack_publicize_connections":[],"jetpack_sharing_enabled":true,"jetpack_shortlink":"https:\/\/wp.me\/p27q3P-3FU","_links":{"self":[{"href":"http:\/\/www.michael-schumacher.es\/noticias-f1\/wp-json\/wp\/v2\/posts\/14130"}],"collection":[{"href":"http:\/\/www.michael-schumacher.es\/noticias-f1\/wp-json\/wp\/v2\/posts"}],"about":[{"href":"http:\/\/www.michael-schumacher.es\/noticias-f1\/wp-json\/wp\/v2\/types\/post"}],"author":[{"embeddable":true,"href":"http:\/\/www.michael-schumacher.es\/noticias-f1\/wp-json\/wp\/v2\/users\/3"}],"replies":[{"embeddable":true,"href":"http:\/\/www.michael-schumacher.es\/noticias-f1\/wp-json\/wp\/v2\/comments?post=14130"}],"version-history":[{"count":0,"href":"http:\/\/www.michael-schumacher.es\/noticias-f1\/wp-json\/wp\/v2\/posts\/14130\/revisions"}],"wp:attachment":[{"href":"http:\/\/www.michael-schumacher.es\/noticias-f1\/wp-json\/wp\/v2\/media?parent=14130"}],"wp:term":[{"taxonomy":"category","embeddable":true,"href":"http:\/\/www.michael-schumacher.es\/noticias-f1\/wp-json\/wp\/v2\/categories?post=14130"},{"taxonomy":"post_tag","embeddable":true,"href":"http:\/\/www.michael-schumacher.es\/noticias-f1\/wp-json\/wp\/v2\/tags?post=14130"}],"curies":[{"name":"wp","href":"https:\/\/api.w.org\/{rel}","templated":true}]}}