{"id":14136,"date":"2013-11-30T14:55:51","date_gmt":"2013-11-30T13:55:51","guid":{"rendered":"http:\/\/www.michael-schumacher.es\/noticias-f1\/?p=14136"},"modified":"2013-11-30T04:16:26","modified_gmt":"2013-11-30T03:16:26","slug":"gutierrez-todavia-pendiente-de-su-futuro-en-f1","status":"publish","type":"post","link":"http:\/\/www.michael-schumacher.es\/noticias-f1\/2013\/11\/30\/gutierrez-todavia-pendiente-de-su-futuro-en-f1\/","title":{"rendered":"Guti\u00e9rrez todav\u00eda pendiente de su futuro en F1"},"content":{"rendered":"<p><a href=\"http:\/\/www.michael-schumacher.es\/noticias-f1\/wp-content\/uploads\/2013\/04\/esteban_gutierrez_test-bcn-2013_david-sarro.jpg\"><img loading=\"lazy\" class=\"alignleft\" alt=\"esteban_gutierrez_test-bcn-2013_david-sarro\" src=\"http:\/\/www.michael-schumacher.es\/noticias-f1\/wp-content\/uploads\/2013\/04\/esteban_gutierrez_test-bcn-2013_david-sarro.jpg\" width=\"202\" height=\"134\" \/><\/a>No cabe duda de que cada d\u00eda la permanencia en F1 es m\u00e1s dif\u00edcil, muchos equipos atraviesan fuertes dificultades econ\u00f3micas y los patrocinadores son cada vez m\u00e1s importantes aunque el talento sigue teniendo una importancia relevante, este a\u00f1o ha sido especialmente un baile de de pilotos con m\u00fasica muy movida y aunque los principales asientos ya est\u00e1n repartidos todav\u00eda quedan pilotos, que pese a haber realizado una buena temporada est\u00e1n a la espera de confirmaci\u00f3n de asiento.<\/p>\n<p><!--more--> <!--noteaser--><\/p>\n<p><a href=\"http:\/\/www.michael-schumacher.es\/noticias-f1\/wp-content\/uploads\/2013\/04\/esteban_gutierrez_test-bcn-2013_david-sarro.jpg\"><img loading=\"lazy\" class=\"aligncenter size-full wp-image-9045\" alt=\"esteban_gutierrez_test-bcn-2013_david-sarro\" src=\"http:\/\/www.michael-schumacher.es\/noticias-f1\/wp-content\/uploads\/2013\/04\/esteban_gutierrez_test-bcn-2013_david-sarro.jpg\" width=\"650\" height=\"433\" srcset=\"http:\/\/www.michael-schumacher.es\/noticias-f1\/wp-content\/uploads\/2013\/04\/esteban_gutierrez_test-bcn-2013_david-sarro.jpg 650w, http:\/\/www.michael-schumacher.es\/noticias-f1\/wp-content\/uploads\/2013\/04\/esteban_gutierrez_test-bcn-2013_david-sarro-300x199.jpg 300w\" sizes=\"(max-width: 650px) 100vw, 650px\" \/><\/a><\/p>\n<p>&nbsp;<\/p>\n<p>No cabe duda de que cada d\u00eda la permanencia en F1 es m\u00e1s dif\u00edcil, muchos equipos atraviesan fuertes dificultades econ\u00f3micas y los patrocinadores son cada vez m\u00e1s importantes aunque el talento sigue teniendo una importancia relevante, este a\u00f1o ha sido especialmente un baile de de pilotos con m\u00fasica muy movida y aunque los principales asientos ya est\u00e1n repartidos todav\u00eda quedan pilotos, que pese a haber realizado una buena temporada est\u00e1n a la espera de confirmaci\u00f3n de asiento.<\/p>\n<p>&nbsp;<\/p>\n<p>Entre estos est\u00e1 el piloto mexicano Esteban Guti\u00e9rrez, quien no cabe duda de que en la parte final de la temporada hab\u00eda ganado seguridad y tuvo algunas buenas actuaciones, lo que le da confianza para pensar que se quedar\u00e1 en F1, aunque no tienen la confirmaci\u00f3n de su equipo. Y tiene claro que su deseo es seguir en F1, pero tambi\u00e9n considera que no se vendr\u00e1 abajo, si finalmente no consigue permanecer en la categor\u00eda reina del automovilismo.<\/p>\n<p>&nbsp;<\/p>\n<p>Esteban Guti\u00e9rrez es muy consciente de la inestabilidad dentro de la F1, por lo que est\u00e1 preparado para lo que suceda:<strong> \u201cTienes que saber que las carreras profesionales son muchas veces inestables. Si tienes esto en cuenta te ayudar\u00e1 a aprender sobre el valor de otras cosas en la vida. La vida es m\u00e1s grande que la F\u00f3rmula Uno. Usted probablemente est\u00e1 seguro de su situaci\u00f3n durante los tres primeros meses de la temporada, pero luego se vuelve muy incierto. Sin embargo, esta es una situaci\u00f3n que debe ser superada para que esto no afecte a su rendimiento. Mi vida no se vendr\u00eda abajo si finalmente no siguiera en la F\u00f3rmula 1\u201d.<\/strong><\/p>\n<p>&nbsp;<\/p>\n<p>Aunque Guti\u00e9rrez considera que tiene retos en la F1 y ha demostrado que tiene buen nivel para seguir por lo que tiene confianza:<strong> \u201cLa conclusi\u00f3n es que tengo grandes retos en la F1 y quiero hacerlos realidad. Creo que con mi actuaci\u00f3n a partir de Singapur he demostrado que tengo el nivel para estar en la F\u00f3rmula Uno. As\u00ed que tengo confianza en mi futuro. Hay otras cosas en la vida a las que dar importancia y la necesidad de encontrar un buen compromiso de vivir la vida normal mientras se est\u00e1 en la F1\u201d.<\/strong><\/p>\n<p>&nbsp;<\/p>\n<p>Y mientras espera su confirmaci\u00f3n para el 2014, va a dedicarse a entrenar para estar en buena forma para la pr\u00f3xima temporada: <strong>\u201cDesde ahora hasta el pr\u00f3ximo mes de enero, voy a mejorar mi entrenamiento f\u00edsico igual que otros pilotos. Quiero mejorar mi estado de forma, haciendo lo que me gusta, es decir, del ciclismo. Esto me servir\u00e1 para prepararme para la pr\u00f3xima temporada.\u201d<\/strong><\/p>\n<p>&nbsp;<\/p>\n<p>&nbsp;<\/p>\n<div class=\"sharedaddy sd-sharing-enabled\"><div class=\"robots-nocontent sd-block sd-social sd-social-official sd-sharing\"><h3 class=\"sd-title\">Opciones Sociales:<\/h3><div class=\"sd-content\"><ul><li class=\"share-facebook\"><div class=\"fb-share-button\" data-href=\"http:\/\/www.michael-schumacher.es\/noticias-f1\/2013\/11\/30\/gutierrez-todavia-pendiente-de-su-futuro-en-f1\/\" data-layout=\"button_count\"><\/div><\/li><li class=\"share-twitter\"><a href=\"https:\/\/twitter.com\/share\" class=\"twitter-share-button\" data-url=\"http:\/\/www.michael-schumacher.es\/noticias-f1\/2013\/11\/30\/gutierrez-todavia-pendiente-de-su-futuro-en-f1\/\" data-text=\"Guti\u00e9rrez todav\u00eda pendiente de su futuro en F1\"  >Tweet<\/a><\/li><li class=\"share-email\"><a rel=\"nofollow noopener noreferrer\" data-shared=\"\" class=\"share-email sd-button\" href=\"http:\/\/www.michael-schumacher.es\/noticias-f1\/2013\/11\/30\/gutierrez-todavia-pendiente-de-su-futuro-en-f1\/?share=email\" target=\"_blank\" title=\"Haz clic para enviar por correo electr\u00f3nico a un amigo\"><span>Correo electr\u00f3nico<\/span><\/a><\/li><li class=\"share-end\"><\/li><\/ul><\/div><\/div><\/div>","protected":false},"excerpt":{"rendered":"<p>No cabe duda de que cada d\u00eda la permanencia en F1 es m\u00e1s dif\u00edcil, muchos equipos atraviesan fuertes dificultades econ\u00f3micas y los patrocinadores son cada vez m\u00e1s importantes aunque el talento sigue teniendo una importancia relevante, este a\u00f1o ha sido especialmente un baile de de pilotos con m\u00fasica muy movida y aunque los principales asientos [&hellip;]<\/p>\n<div class=\"sharedaddy sd-sharing-enabled\"><div class=\"robots-nocontent sd-block sd-social sd-social-official sd-sharing\"><h3 class=\"sd-title\">Opciones Sociales:<\/h3><div class=\"sd-content\"><ul><li class=\"share-facebook\"><div class=\"fb-share-button\" data-href=\"http:\/\/www.michael-schumacher.es\/noticias-f1\/2013\/11\/30\/gutierrez-todavia-pendiente-de-su-futuro-en-f1\/\" data-layout=\"button_count\"><\/div><\/li><li class=\"share-twitter\"><a href=\"https:\/\/twitter.com\/share\" class=\"twitter-share-button\" data-url=\"http:\/\/www.michael-schumacher.es\/noticias-f1\/2013\/11\/30\/gutierrez-todavia-pendiente-de-su-futuro-en-f1\/\" data-text=\"Guti\u00e9rrez todav\u00eda pendiente de su futuro en F1\"  >Tweet<\/a><\/li><li class=\"share-email\"><a rel=\"nofollow noopener noreferrer\" data-shared=\"\" class=\"share-email sd-button\" href=\"http:\/\/www.michael-schumacher.es\/noticias-f1\/2013\/11\/30\/gutierrez-todavia-pendiente-de-su-futuro-en-f1\/?share=email\" target=\"_blank\" title=\"Haz clic para enviar por correo electr\u00f3nico a un amigo\"><span>Correo electr\u00f3nico<\/span><\/a><\/li><li class=\"share-end\"><\/li><\/ul><\/div><\/div><\/div>","protected":false},"author":3,"featured_media":0,"comment_status":"open","ping_status":"open","sticky":false,"template":"","format":"standard","meta":{"_monsterinsights_skip_tracking":false,"_monsterinsights_sitenote_active":false,"_monsterinsights_sitenote_note":"","_monsterinsights_sitenote_category":0,"spay_email":"","jetpack_publicize_message":"","jetpack_is_tweetstorm":false,"jetpack_publicize_feature_enabled":true},"categories":[3],"tags":[373,758,442,289,1751,17,15,557,2059,1138,239,86,238,2392],"jetpack_featured_media_url":"","jetpack_publicize_connections":[],"jetpack_sharing_enabled":true,"jetpack_shortlink":"https:\/\/wp.me\/p27q3P-3G0","_links":{"self":[{"href":"http:\/\/www.michael-schumacher.es\/noticias-f1\/wp-json\/wp\/v2\/posts\/14136"}],"collection":[{"href":"http:\/\/www.michael-schumacher.es\/noticias-f1\/wp-json\/wp\/v2\/posts"}],"about":[{"href":"http:\/\/www.michael-schumacher.es\/noticias-f1\/wp-json\/wp\/v2\/types\/post"}],"author":[{"embeddable":true,"href":"http:\/\/www.michael-schumacher.es\/noticias-f1\/wp-json\/wp\/v2\/users\/3"}],"replies":[{"embeddable":true,"href":"http:\/\/www.michael-schumacher.es\/noticias-f1\/wp-json\/wp\/v2\/comments?post=14136"}],"version-history":[{"count":0,"href":"http:\/\/www.michael-schumacher.es\/noticias-f1\/wp-json\/wp\/v2\/posts\/14136\/revisions"}],"wp:attachment":[{"href":"http:\/\/www.michael-schumacher.es\/noticias-f1\/wp-json\/wp\/v2\/media?parent=14136"}],"wp:term":[{"taxonomy":"category","embeddable":true,"href":"http:\/\/www.michael-schumacher.es\/noticias-f1\/wp-json\/wp\/v2\/categories?post=14136"},{"taxonomy":"post_tag","embeddable":true,"href":"http:\/\/www.michael-schumacher.es\/noticias-f1\/wp-json\/wp\/v2\/tags?post=14136"}],"curies":[{"name":"wp","href":"https:\/\/api.w.org\/{rel}","templated":true}]}}