{"id":14187,"date":"2013-12-04T15:13:30","date_gmt":"2013-12-04T14:13:30","guid":{"rendered":"http:\/\/www.michael-schumacher.es\/noticias-f1\/?p=14187"},"modified":"2013-12-04T04:24:37","modified_gmt":"2013-12-04T03:24:37","slug":"brawn-se-tomara-unos-meses-de-descanso","status":"publish","type":"post","link":"http:\/\/www.michael-schumacher.es\/noticias-f1\/2013\/12\/04\/brawn-se-tomara-unos-meses-de-descanso\/","title":{"rendered":"Brawn se tomar\u00e1 unos meses de descanso"},"content":{"rendered":"<p><a href=\"http:\/\/www.michael-schumacher.es\/noticias-f1\/wp-content\/uploads\/2012\/09\/ross.brawn-1.jpg\"><img loading=\"lazy\" class=\"alignleft\" alt=\"Ross Brawn\" src=\"http:\/\/www.michael-schumacher.es\/noticias-f1\/wp-content\/uploads\/2012\/09\/ross.brawn-1.jpg\" width=\"200\" height=\"99\" \/><\/a>Ross Brawn uno de los ingenieros m\u00e1s exitosos de la F1, tras abandonar el equipo Mercedes, ha decidido tomarse unos meses de descanso, quiz\u00e1 un a\u00f1o sab\u00e1tico en 2014, para reflexionar y estudiar posibles ofertas, ya que lo que tiene claro es que de volver otra vez a los deportes de motor, ser\u00e1 en la F\u00f3rmula 1.<\/p>\n<p><!--more--> <!--noteaser--><\/p>\n<p><a href=\"http:\/\/www.michael-schumacher.es\/noticias-f1\/wp-content\/uploads\/2012\/09\/ross.brawn-1.jpg\"><img loading=\"lazy\" class=\"aligncenter size-full wp-image-4050\" alt=\"Ross Brawn\" src=\"http:\/\/www.michael-schumacher.es\/noticias-f1\/wp-content\/uploads\/2012\/09\/ross.brawn-1.jpg\" width=\"605\" height=\"300\" srcset=\"http:\/\/www.michael-schumacher.es\/noticias-f1\/wp-content\/uploads\/2012\/09\/ross.brawn-1.jpg 605w, http:\/\/www.michael-schumacher.es\/noticias-f1\/wp-content\/uploads\/2012\/09\/ross.brawn-1-300x148.jpg 300w\" sizes=\"(max-width: 605px) 100vw, 605px\" \/><\/a><\/p>\n<p>&nbsp;<\/p>\n<p>&nbsp;<\/p>\n<p>Ross Brawn uno de los ingenieros m\u00e1s exitosos de la F1, tras abandonar el equipo Mercedes, ha decidido tomarse unos meses de descanso, quiz\u00e1 un a\u00f1o sab\u00e1tico en 2014, para reflexionar y estudiar posibles ofertas, ya que lo que tiene claro es que de volver otra vez a los deportes de motor, ser\u00e1 en la F\u00f3rmula 1.<\/p>\n<p>&nbsp;<\/p>\n<p>Pero aunque los rumores apuntaban que Ross Brawn ten\u00eda ofertas de grandes equipos de F1 como Ferrari, McLaren y Williams. Brawn no parece dispuesto a hablar ni estudiar dichas ofertas ahora mismo, ya que espera decidir su futuro en el verano.<\/p>\n<p>&nbsp;<\/p>\n<p>Ross Brawn ha declarado a la prensa inglesa que de momento se tomar\u00e1 unos meses de descanso: <strong>\u201cVoy a tomar unos meses de descanso, tal vez, para ver un poco de f\u00fatbol. Ahora debo hacer una pausa por un tiempo y ver c\u00f3mo van las cosas. Y tal vez en todo el verano voy a decidir lo que va a pasar. Pero por ahora, estoy en tiempo sab\u00e1tico\u201d.<\/strong><\/p>\n<p>&nbsp;<\/p>\n<p>Brawn es un ingeniero de gran \u00e9xito, como prueba que ha estado involucrado en los siete t\u00edtulos de Michael Schumacher y que consigui\u00f3 su regreso a F1, pero desde la llegada de Niki Lauda con Toto Wolff, despu\u00e9s Paddy Lowe, mucho ha cambiado Mercedes y ahora ha decidido salir del equipo, aunque esto no parece que lo distancie de la F1 ya que de volver a deportes de motor, Brawn no duda que ser\u00e1 a F1 y est\u00e1 abierto a estudiar ofertas: <strong>\u201cCreo que si me meto otra vez en los deportes de motor, ser\u00e1 en la F\u00f3rmula 1, estoy muy abierto. Creo que va a depender de si hay oportunidades y cosas que quiero hacer o si alguien me ofrece algo que hacer que me motiva, as\u00ed que ya veremos qu\u00e9 pasa el pr\u00f3ximo verano.\u201d <\/strong><\/p>\n<p>&nbsp;<\/p>\n<p>&nbsp;<\/p>\n<div class=\"sharedaddy sd-sharing-enabled\"><div class=\"robots-nocontent sd-block sd-social sd-social-official sd-sharing\"><h3 class=\"sd-title\">Opciones Sociales:<\/h3><div class=\"sd-content\"><ul><li class=\"share-facebook\"><div class=\"fb-share-button\" data-href=\"http:\/\/www.michael-schumacher.es\/noticias-f1\/2013\/12\/04\/brawn-se-tomara-unos-meses-de-descanso\/\" data-layout=\"button_count\"><\/div><\/li><li class=\"share-twitter\"><a href=\"https:\/\/twitter.com\/share\" class=\"twitter-share-button\" data-url=\"http:\/\/www.michael-schumacher.es\/noticias-f1\/2013\/12\/04\/brawn-se-tomara-unos-meses-de-descanso\/\" data-text=\"Brawn se tomar\u00e1 unos meses de descanso\"  >Tweet<\/a><\/li><li class=\"share-email\"><a rel=\"nofollow noopener noreferrer\" data-shared=\"\" class=\"share-email sd-button\" href=\"http:\/\/www.michael-schumacher.es\/noticias-f1\/2013\/12\/04\/brawn-se-tomara-unos-meses-de-descanso\/?share=email\" target=\"_blank\" title=\"Haz clic para enviar por correo electr\u00f3nico a un amigo\"><span>Correo electr\u00f3nico<\/span><\/a><\/li><li class=\"share-end\"><\/li><\/ul><\/div><\/div><\/div>","protected":false},"excerpt":{"rendered":"<p>Ross Brawn uno de los ingenieros m\u00e1s exitosos de la F1, tras abandonar el equipo Mercedes, ha decidido tomarse unos meses de descanso, quiz\u00e1 un a\u00f1o sab\u00e1tico en 2014, para reflexionar y estudiar posibles ofertas, ya que lo que tiene claro es que de volver otra vez a los deportes de motor, ser\u00e1 en la [&hellip;]<\/p>\n<div class=\"sharedaddy sd-sharing-enabled\"><div class=\"robots-nocontent sd-block sd-social sd-social-official sd-sharing\"><h3 class=\"sd-title\">Opciones Sociales:<\/h3><div class=\"sd-content\"><ul><li class=\"share-facebook\"><div class=\"fb-share-button\" data-href=\"http:\/\/www.michael-schumacher.es\/noticias-f1\/2013\/12\/04\/brawn-se-tomara-unos-meses-de-descanso\/\" data-layout=\"button_count\"><\/div><\/li><li class=\"share-twitter\"><a href=\"https:\/\/twitter.com\/share\" class=\"twitter-share-button\" data-url=\"http:\/\/www.michael-schumacher.es\/noticias-f1\/2013\/12\/04\/brawn-se-tomara-unos-meses-de-descanso\/\" data-text=\"Brawn se tomar\u00e1 unos meses de descanso\"  >Tweet<\/a><\/li><li class=\"share-email\"><a rel=\"nofollow noopener noreferrer\" data-shared=\"\" class=\"share-email sd-button\" href=\"http:\/\/www.michael-schumacher.es\/noticias-f1\/2013\/12\/04\/brawn-se-tomara-unos-meses-de-descanso\/?share=email\" target=\"_blank\" title=\"Haz clic para enviar por correo electr\u00f3nico a un amigo\"><span>Correo electr\u00f3nico<\/span><\/a><\/li><li class=\"share-end\"><\/li><\/ul><\/div><\/div><\/div>","protected":false},"author":3,"featured_media":0,"comment_status":"open","ping_status":"open","sticky":false,"template":"","format":"standard","meta":{"_monsterinsights_skip_tracking":false,"_monsterinsights_sitenote_active":false,"_monsterinsights_sitenote_note":"","_monsterinsights_sitenote_category":0,"spay_email":"","jetpack_publicize_message":"","jetpack_is_tweetstorm":false,"jetpack_publicize_feature_enabled":true},"categories":[3],"tags":[373,758,303,1991,1381,4337,17,15,3575,549,304,1264,229,548,1442,1380,31,4480,238,616,423,558,617],"jetpack_featured_media_url":"","jetpack_publicize_connections":[],"jetpack_sharing_enabled":true,"jetpack_shortlink":"https:\/\/wp.me\/p27q3P-3GP","_links":{"self":[{"href":"http:\/\/www.michael-schumacher.es\/noticias-f1\/wp-json\/wp\/v2\/posts\/14187"}],"collection":[{"href":"http:\/\/www.michael-schumacher.es\/noticias-f1\/wp-json\/wp\/v2\/posts"}],"about":[{"href":"http:\/\/www.michael-schumacher.es\/noticias-f1\/wp-json\/wp\/v2\/types\/post"}],"author":[{"embeddable":true,"href":"http:\/\/www.michael-schumacher.es\/noticias-f1\/wp-json\/wp\/v2\/users\/3"}],"replies":[{"embeddable":true,"href":"http:\/\/www.michael-schumacher.es\/noticias-f1\/wp-json\/wp\/v2\/comments?post=14187"}],"version-history":[{"count":0,"href":"http:\/\/www.michael-schumacher.es\/noticias-f1\/wp-json\/wp\/v2\/posts\/14187\/revisions"}],"wp:attachment":[{"href":"http:\/\/www.michael-schumacher.es\/noticias-f1\/wp-json\/wp\/v2\/media?parent=14187"}],"wp:term":[{"taxonomy":"category","embeddable":true,"href":"http:\/\/www.michael-schumacher.es\/noticias-f1\/wp-json\/wp\/v2\/categories?post=14187"},{"taxonomy":"post_tag","embeddable":true,"href":"http:\/\/www.michael-schumacher.es\/noticias-f1\/wp-json\/wp\/v2\/tags?post=14187"}],"curies":[{"name":"wp","href":"https:\/\/api.w.org\/{rel}","templated":true}]}}