{"id":14198,"date":"2013-12-05T13:16:37","date_gmt":"2013-12-05T12:16:37","guid":{"rendered":"http:\/\/www.michael-schumacher.es\/noticias-f1\/?p=14198"},"modified":"2013-12-04T20:36:20","modified_gmt":"2013-12-04T19:36:20","slug":"ecclestone-no-tiene-ninguna-duda-nueva-jersey-se-disputara-en-2015","status":"publish","type":"post","link":"http:\/\/www.michael-schumacher.es\/noticias-f1\/2013\/12\/05\/ecclestone-no-tiene-ninguna-duda-nueva-jersey-se-disputara-en-2015\/","title":{"rendered":"Ecclestone no tiene ninguna duda, Nueva Jersey se disputar\u00e1 en 2015"},"content":{"rendered":"<p><a href=\"http:\/\/www.michael-schumacher.es\/noticias-f1\/wp-content\/uploads\/2013\/04\/bernie_ecclestone_david_sarro.jpg\"><img loading=\"lazy\" class=\"alignleft\" alt=\"Bernie Ecclestone - David Sarr\u00f3\" src=\"http:\/\/www.michael-schumacher.es\/noticias-f1\/wp-content\/uploads\/2013\/04\/bernie_ecclestone_david_sarro.jpg\" width=\"201\" height=\"133\" \/><\/a>El Gran Premio urbano de Nueva Jersey, estaba previsto para el 1 de junio del 2014 seg\u00fan el\u00a0 calendario provisional, pero ha sido aplazado, aunque seg\u00fan afirma Bernie Ecclestone, seguir\u00e1 adelante para el a\u00f1o 2015, ya que los organizadores trabajan duramente para conseguir todos los acuerdos financieros necesarios para un evento sin duda muy ambicioso.<\/p>\n<p><!--more--> <!--noteaser--><\/p>\n<p><a href=\"http:\/\/www.michael-schumacher.es\/noticias-f1\/wp-content\/uploads\/2013\/04\/bernie_ecclestone_david_sarro.jpg\"><img loading=\"lazy\" class=\"aligncenter size-full wp-image-9344\" alt=\"Bernie Ecclestone - David Sarr\u00f3\" src=\"http:\/\/www.michael-schumacher.es\/noticias-f1\/wp-content\/uploads\/2013\/04\/bernie_ecclestone_david_sarro.jpg\" width=\"650\" height=\"432\" srcset=\"http:\/\/www.michael-schumacher.es\/noticias-f1\/wp-content\/uploads\/2013\/04\/bernie_ecclestone_david_sarro.jpg 650w, http:\/\/www.michael-schumacher.es\/noticias-f1\/wp-content\/uploads\/2013\/04\/bernie_ecclestone_david_sarro-300x199.jpg 300w\" sizes=\"(max-width: 650px) 100vw, 650px\" \/><\/a><\/p>\n<p>&nbsp;<\/p>\n<p>&nbsp;<\/p>\n<p>&nbsp;<\/p>\n<p>El Gran Premio urbano de Nueva Jersey, estaba previsto para el 1 de junio del 2014 seg\u00fan el\u00a0 calendario provisional, pero ha sido aplazado, aunque seg\u00fan afirma Bernie Ecclestone, seguir\u00e1 adelante para el a\u00f1o 2015, ya que los organizadores trabajan duramente para conseguir todos los acuerdos financieros necesarios para un evento sin duda muy ambicioso.<\/p>\n<p>&nbsp;<\/p>\n<p>Bernie Ecclestone no tiene ninguna duda de que la carrera ser\u00e1 un hecho en 2015: <strong>\u201cHay una gran demanda para una carrera en Nueva Jersey y no tengo ninguna duda de que estaremos compitiendo en el Puerto Imperial en 2015. Las nuevas carreras pueden tomar muchos a\u00f1os para empezar, pero hay un impulso significativo y estamos cerca de hacer realidad una carrera de F1 la ciudad de Nueva York.\u201d<\/strong><\/p>\n<p>&nbsp;<\/p>\n<p>Leo Hindery, el promotor del Gran Premio explica las dificultades de un evento de esta categor\u00eda, aunque aseguran que se est\u00e1 haciendo el trabajo necesario y se llevar\u00e1 a cabo en 2015: <strong>\u00abNosotros no tenemos la financiaci\u00f3n para satisfacer sus demandas [de Ecclestone] para una carrera a largo plazo. Todo nuestro equipo de gesti\u00f3n y nuestros seguidores en Nueva Jersey, Nueva York y en toda la comunidad de la F\u00f3rmula 1, obviamente, quieren ver el Gran Premio inaugural de Am\u00e9rica en el Puerto Imperial tan pronto como sea posible. Llevar una carrera de clase mundial para el mayor mercado de medios de todo el mundo es una empresa enorme que requiere equilibrio en nuestro camino, sin tocar ning\u00fan dinero p\u00fablico, con las propias exigencias de tiempo de este deporte. Quiero agradecer a la Formula One Management, al gobernador de Nueva Jersey Chris Christie, a los alcaldes Richard Turner y Felix Roque, Roseland Property Company y los otros propietarios locales involucrados por su paciencia mientras hemos trabajado para conseguir este derecho para que por fin podamos tener carrera en el 2015\u201d.<\/strong><\/p>\n<p>&nbsp;<\/p>\n<p>Chris Pook, el consultor responsable de este proyecto desde principios de este a\u00f1o, tambi\u00e9n tiene confianza en que la carrera de desarrolle:\u00a0<strong> \u201cEste es un circuito muy complicado y muy importante para el programa general de F\u00f3rmula 1 en Am\u00e9rica del Norte. Para hacer las cosas bien en Nueva York aumentar\u00e1 en gran medida el conocimiento de la F\u00f3rmula 1 y las carreras de coches en todo el continente. Estoy muy confiado acerca de este evento.\u201d<\/strong><\/p>\n<p>&nbsp;<\/p>\n<p><strong>Imagen:<\/strong> David Sarr\u00f3<\/p>\n<div class=\"sharedaddy sd-sharing-enabled\"><div class=\"robots-nocontent sd-block sd-social sd-social-official sd-sharing\"><h3 class=\"sd-title\">Opciones Sociales:<\/h3><div class=\"sd-content\"><ul><li class=\"share-facebook\"><div class=\"fb-share-button\" data-href=\"http:\/\/www.michael-schumacher.es\/noticias-f1\/2013\/12\/05\/ecclestone-no-tiene-ninguna-duda-nueva-jersey-se-disputara-en-2015\/\" data-layout=\"button_count\"><\/div><\/li><li class=\"share-twitter\"><a href=\"https:\/\/twitter.com\/share\" class=\"twitter-share-button\" data-url=\"http:\/\/www.michael-schumacher.es\/noticias-f1\/2013\/12\/05\/ecclestone-no-tiene-ninguna-duda-nueva-jersey-se-disputara-en-2015\/\" data-text=\"Ecclestone no tiene ninguna duda, Nueva Jersey se disputar\u00e1 en 2015\"  >Tweet<\/a><\/li><li class=\"share-email\"><a rel=\"nofollow noopener noreferrer\" data-shared=\"\" class=\"share-email sd-button\" href=\"http:\/\/www.michael-schumacher.es\/noticias-f1\/2013\/12\/05\/ecclestone-no-tiene-ninguna-duda-nueva-jersey-se-disputara-en-2015\/?share=email\" target=\"_blank\" title=\"Haz clic para enviar por correo electr\u00f3nico a un amigo\"><span>Correo electr\u00f3nico<\/span><\/a><\/li><li class=\"share-end\"><\/li><\/ul><\/div><\/div><\/div>","protected":false},"excerpt":{"rendered":"<p>El Gran Premio urbano de Nueva Jersey, estaba previsto para el 1 de junio del 2014 seg\u00fan el\u00a0 calendario provisional, pero ha sido aplazado, aunque seg\u00fan afirma Bernie Ecclestone, seguir\u00e1 adelante para el a\u00f1o 2015, ya que los organizadores trabajan duramente para conseguir todos los acuerdos financieros necesarios para un evento sin duda muy ambicioso.<\/p>\n<div class=\"sharedaddy sd-sharing-enabled\"><div class=\"robots-nocontent sd-block sd-social sd-social-official sd-sharing\"><h3 class=\"sd-title\">Opciones Sociales:<\/h3><div class=\"sd-content\"><ul><li class=\"share-facebook\"><div class=\"fb-share-button\" data-href=\"http:\/\/www.michael-schumacher.es\/noticias-f1\/2013\/12\/05\/ecclestone-no-tiene-ninguna-duda-nueva-jersey-se-disputara-en-2015\/\" data-layout=\"button_count\"><\/div><\/li><li class=\"share-twitter\"><a href=\"https:\/\/twitter.com\/share\" class=\"twitter-share-button\" data-url=\"http:\/\/www.michael-schumacher.es\/noticias-f1\/2013\/12\/05\/ecclestone-no-tiene-ninguna-duda-nueva-jersey-se-disputara-en-2015\/\" data-text=\"Ecclestone no tiene ninguna duda, Nueva Jersey se disputar\u00e1 en 2015\"  >Tweet<\/a><\/li><li class=\"share-email\"><a rel=\"nofollow noopener noreferrer\" data-shared=\"\" class=\"share-email sd-button\" href=\"http:\/\/www.michael-schumacher.es\/noticias-f1\/2013\/12\/05\/ecclestone-no-tiene-ninguna-duda-nueva-jersey-se-disputara-en-2015\/?share=email\" target=\"_blank\" title=\"Haz clic para enviar por correo electr\u00f3nico a un amigo\"><span>Correo electr\u00f3nico<\/span><\/a><\/li><li class=\"share-end\"><\/li><\/ul><\/div><\/div><\/div>","protected":false},"author":3,"featured_media":0,"comment_status":"open","ping_status":"open","sticky":false,"template":"","format":"standard","meta":{"_monsterinsights_skip_tracking":false,"_monsterinsights_sitenote_active":false,"_monsterinsights_sitenote_note":"","_monsterinsights_sitenote_category":0,"spay_email":"","jetpack_publicize_message":"","jetpack_is_tweetstorm":false,"jetpack_publicize_feature_enabled":true},"categories":[3],"tags":[487,2519,4487,432,1747,431,17,15,557,3461,4485,433,938,2222,4486,238],"jetpack_featured_media_url":"","jetpack_publicize_connections":[],"jetpack_sharing_enabled":true,"jetpack_shortlink":"https:\/\/wp.me\/p27q3P-3H0","_links":{"self":[{"href":"http:\/\/www.michael-schumacher.es\/noticias-f1\/wp-json\/wp\/v2\/posts\/14198"}],"collection":[{"href":"http:\/\/www.michael-schumacher.es\/noticias-f1\/wp-json\/wp\/v2\/posts"}],"about":[{"href":"http:\/\/www.michael-schumacher.es\/noticias-f1\/wp-json\/wp\/v2\/types\/post"}],"author":[{"embeddable":true,"href":"http:\/\/www.michael-schumacher.es\/noticias-f1\/wp-json\/wp\/v2\/users\/3"}],"replies":[{"embeddable":true,"href":"http:\/\/www.michael-schumacher.es\/noticias-f1\/wp-json\/wp\/v2\/comments?post=14198"}],"version-history":[{"count":0,"href":"http:\/\/www.michael-schumacher.es\/noticias-f1\/wp-json\/wp\/v2\/posts\/14198\/revisions"}],"wp:attachment":[{"href":"http:\/\/www.michael-schumacher.es\/noticias-f1\/wp-json\/wp\/v2\/media?parent=14198"}],"wp:term":[{"taxonomy":"category","embeddable":true,"href":"http:\/\/www.michael-schumacher.es\/noticias-f1\/wp-json\/wp\/v2\/categories?post=14198"},{"taxonomy":"post_tag","embeddable":true,"href":"http:\/\/www.michael-schumacher.es\/noticias-f1\/wp-json\/wp\/v2\/tags?post=14198"}],"curies":[{"name":"wp","href":"https:\/\/api.w.org\/{rel}","templated":true}]}}