{"id":14207,"date":"2013-12-06T12:13:22","date_gmt":"2013-12-06T11:13:22","guid":{"rendered":"http:\/\/www.michael-schumacher.es\/noticias-f1\/?p=14207"},"modified":"2013-12-06T02:32:18","modified_gmt":"2013-12-06T01:32:18","slug":"esteban-gutierrez-ha-visitado-caterham","status":"publish","type":"post","link":"http:\/\/www.michael-schumacher.es\/noticias-f1\/2013\/12\/06\/esteban-gutierrez-ha-visitado-caterham\/","title":{"rendered":"Esteban Guti\u00e9rrez ha visitado Caterham"},"content":{"rendered":"<p><a href=\"http:\/\/www.michael-schumacher.es\/noticias-f1\/wp-content\/uploads\/2013\/04\/esteban_gutierrez_test-bcn-2013_david-sarro.jpg\"><img loading=\"lazy\" class=\"alignleft\" alt=\"esteban_gutierrez_test-bcn-2013_david-sarro\" src=\"http:\/\/www.michael-schumacher.es\/noticias-f1\/wp-content\/uploads\/2013\/04\/esteban_gutierrez_test-bcn-2013_david-sarro.jpg\" width=\"199\" height=\"132\" \/><\/a>Esteban Guti\u00e9rrez piloto debutante en Sauber esta pasada temporada 2013 de F\u00f3rmula Uno, todav\u00eda est\u00e1 esperando una renovaci\u00f3n de su contrato con el equipo, pero la prensa suiza como Blick y Neue Zercher Zeitung informan que ha visitado las instalaciones del equipo Caterham en Leafield, Inglaterra, por lo que se han desatado los rumores de un posible fichaje del piloto por Caterham.<\/p>\n<p><!--more--> <!--noteaser--><\/p>\n<p><a href=\"http:\/\/www.michael-schumacher.es\/noticias-f1\/wp-content\/uploads\/2013\/04\/esteban_gutierrez_test-bcn-2013_david-sarro.jpg\"><img loading=\"lazy\" class=\"aligncenter size-full wp-image-9045\" alt=\"esteban_gutierrez_test-bcn-2013_david-sarro\" src=\"http:\/\/www.michael-schumacher.es\/noticias-f1\/wp-content\/uploads\/2013\/04\/esteban_gutierrez_test-bcn-2013_david-sarro.jpg\" width=\"650\" height=\"433\" srcset=\"http:\/\/www.michael-schumacher.es\/noticias-f1\/wp-content\/uploads\/2013\/04\/esteban_gutierrez_test-bcn-2013_david-sarro.jpg 650w, http:\/\/www.michael-schumacher.es\/noticias-f1\/wp-content\/uploads\/2013\/04\/esteban_gutierrez_test-bcn-2013_david-sarro-300x199.jpg 300w\" sizes=\"(max-width: 650px) 100vw, 650px\" \/><\/a><\/p>\n<p>&nbsp;<\/p>\n<p>Esteban Guti\u00e9rrez piloto debutante en Sauber esta pasada temporada 2013 de F\u00f3rmula Uno, todav\u00eda est\u00e1 esperando una renovaci\u00f3n de su contrato con el equipo, pero la prensa suiza como Blick y Neue Zercher Zeitung informan que ha visitado las instalaciones del equipo Caterham en Leafield, Inglaterra, por lo que se han desatado los rumores de un posible fichaje del piloto por Caterham.<\/p>\n<p>&nbsp;<\/p>\n<p>Esteban Guti\u00e9rrez ha sido compa\u00f1ero de equipo en Sauber de Nico Hulkenberg quien ha sido confirmado para la pr\u00f3xima temporada por Force India, el equipo Sauber no ha confirmado a ning\u00fan piloto y parece que Guti\u00e9rrez est\u00e1 buscando otro lugar para seguir en F1 de no producirse la renovaci\u00f3n con Sauber, como ya avis\u00f3 d\u00edas atr\u00e1s, est\u00e1 barajando diferentes opciones, aunque su idea inicial es seguir en Sauber.<\/p>\n<p>&nbsp;<\/p>\n<p>Esteban Guti\u00e9rrez declaraba que su idea es continuar en Sauber, pero baraja todas las opciones:<strong> \u201cYa veremos lo que pasa. Obviamente, hemos estado trabajando con diferentes opciones, aunque mi idea sea continuar en Sauber, porque hemos estado trabajando con una buena relaci\u00f3n desde hace mucho tiempo.\u201d<\/strong><\/p>\n<p>&nbsp;<\/p>\n<p><strong>Imagen:<\/strong> David Sarr\u00f3<\/p>\n<div class=\"sharedaddy sd-sharing-enabled\"><div class=\"robots-nocontent sd-block sd-social sd-social-official sd-sharing\"><h3 class=\"sd-title\">Opciones Sociales:<\/h3><div class=\"sd-content\"><ul><li class=\"share-facebook\"><div class=\"fb-share-button\" data-href=\"http:\/\/www.michael-schumacher.es\/noticias-f1\/2013\/12\/06\/esteban-gutierrez-ha-visitado-caterham\/\" data-layout=\"button_count\"><\/div><\/li><li class=\"share-twitter\"><a href=\"https:\/\/twitter.com\/share\" class=\"twitter-share-button\" data-url=\"http:\/\/www.michael-schumacher.es\/noticias-f1\/2013\/12\/06\/esteban-gutierrez-ha-visitado-caterham\/\" data-text=\"Esteban Guti\u00e9rrez ha visitado Caterham\"  >Tweet<\/a><\/li><li class=\"share-email\"><a rel=\"nofollow noopener noreferrer\" data-shared=\"\" class=\"share-email sd-button\" href=\"http:\/\/www.michael-schumacher.es\/noticias-f1\/2013\/12\/06\/esteban-gutierrez-ha-visitado-caterham\/?share=email\" target=\"_blank\" title=\"Haz clic para enviar por correo electr\u00f3nico a un amigo\"><span>Correo electr\u00f3nico<\/span><\/a><\/li><li class=\"share-end\"><\/li><\/ul><\/div><\/div><\/div>","protected":false},"excerpt":{"rendered":"<p>Esteban Guti\u00e9rrez piloto debutante en Sauber esta pasada temporada 2013 de F\u00f3rmula Uno, todav\u00eda est\u00e1 esperando una renovaci\u00f3n de su contrato con el equipo, pero la prensa suiza como Blick y Neue Zercher Zeitung informan que ha visitado las instalaciones del equipo Caterham en Leafield, Inglaterra, por lo que se han desatado los rumores de [&hellip;]<\/p>\n<div class=\"sharedaddy sd-sharing-enabled\"><div class=\"robots-nocontent sd-block sd-social sd-social-official sd-sharing\"><h3 class=\"sd-title\">Opciones Sociales:<\/h3><div class=\"sd-content\"><ul><li class=\"share-facebook\"><div class=\"fb-share-button\" data-href=\"http:\/\/www.michael-schumacher.es\/noticias-f1\/2013\/12\/06\/esteban-gutierrez-ha-visitado-caterham\/\" data-layout=\"button_count\"><\/div><\/li><li class=\"share-twitter\"><a href=\"https:\/\/twitter.com\/share\" class=\"twitter-share-button\" data-url=\"http:\/\/www.michael-schumacher.es\/noticias-f1\/2013\/12\/06\/esteban-gutierrez-ha-visitado-caterham\/\" data-text=\"Esteban Guti\u00e9rrez ha visitado Caterham\"  >Tweet<\/a><\/li><li class=\"share-email\"><a rel=\"nofollow noopener noreferrer\" data-shared=\"\" class=\"share-email sd-button\" href=\"http:\/\/www.michael-schumacher.es\/noticias-f1\/2013\/12\/06\/esteban-gutierrez-ha-visitado-caterham\/?share=email\" target=\"_blank\" title=\"Haz clic para enviar por correo electr\u00f3nico a un amigo\"><span>Correo electr\u00f3nico<\/span><\/a><\/li><li class=\"share-end\"><\/li><\/ul><\/div><\/div><\/div>","protected":false},"author":3,"featured_media":0,"comment_status":"open","ping_status":"open","sticky":false,"template":"","format":"standard","meta":{"_monsterinsights_skip_tracking":false,"_monsterinsights_sitenote_active":false,"_monsterinsights_sitenote_note":"","_monsterinsights_sitenote_category":0,"spay_email":"","jetpack_publicize_message":"","jetpack_is_tweetstorm":false,"jetpack_publicize_feature_enabled":true},"categories":[3],"tags":[758,4494,1043,4493,1751,17,15,557,2059,660,372,86,238,323],"jetpack_featured_media_url":"","jetpack_publicize_connections":[],"jetpack_sharing_enabled":true,"jetpack_shortlink":"https:\/\/wp.me\/p27q3P-3H9","_links":{"self":[{"href":"http:\/\/www.michael-schumacher.es\/noticias-f1\/wp-json\/wp\/v2\/posts\/14207"}],"collection":[{"href":"http:\/\/www.michael-schumacher.es\/noticias-f1\/wp-json\/wp\/v2\/posts"}],"about":[{"href":"http:\/\/www.michael-schumacher.es\/noticias-f1\/wp-json\/wp\/v2\/types\/post"}],"author":[{"embeddable":true,"href":"http:\/\/www.michael-schumacher.es\/noticias-f1\/wp-json\/wp\/v2\/users\/3"}],"replies":[{"embeddable":true,"href":"http:\/\/www.michael-schumacher.es\/noticias-f1\/wp-json\/wp\/v2\/comments?post=14207"}],"version-history":[{"count":0,"href":"http:\/\/www.michael-schumacher.es\/noticias-f1\/wp-json\/wp\/v2\/posts\/14207\/revisions"}],"wp:attachment":[{"href":"http:\/\/www.michael-schumacher.es\/noticias-f1\/wp-json\/wp\/v2\/media?parent=14207"}],"wp:term":[{"taxonomy":"category","embeddable":true,"href":"http:\/\/www.michael-schumacher.es\/noticias-f1\/wp-json\/wp\/v2\/categories?post=14207"},{"taxonomy":"post_tag","embeddable":true,"href":"http:\/\/www.michael-schumacher.es\/noticias-f1\/wp-json\/wp\/v2\/tags?post=14207"}],"curies":[{"name":"wp","href":"https:\/\/api.w.org\/{rel}","templated":true}]}}