{"id":1424,"date":"2012-06-12T10:41:11","date_gmt":"2012-06-12T08:41:11","guid":{"rendered":"http:\/\/www.michael-schumacher.es\/noticias-f1\/?p=1424"},"modified":"2012-06-12T10:41:11","modified_gmt":"2012-06-12T08:41:11","slug":"balance-gp-de-canada-montreal-2012-caterham","status":"publish","type":"post","link":"http:\/\/www.michael-schumacher.es\/noticias-f1\/2012\/06\/12\/balance-gp-de-canada-montreal-2012-caterham\/","title":{"rendered":"Balance GP de Canad\u00e1, Montr\u00e9al 2012. Caterham"},"content":{"rendered":"<p><img loading=\"lazy\" class=\"alignleft\" title=\"Caterham\" src=\"http:\/\/img.michael-schumacher.es\/noticias-f1\/caterham\/caterham-1-mini.jpg\" alt=\"Caterham\" width=\"202\" height=\"100\" \/>El equipo continua su progresi\u00f3n alej\u00e1ndose de la parte final de la parrilla, ampliando las diferencias respecto a HRT y Marussia y acerc\u00e1ndose a los equipos medios del campeonato. Una progresi\u00f3n que demuestran con la regularidad de sus carreras, como la que han ofrecido en el GP de Canad\u00e1. En la pr\u00f3xima carrera el GP de Europa el equipo estrenar\u00e1 nuevas mejoras en su monoplaza.<\/p>\n<p><strong><!--more--> <!--noteaser--><img loading=\"lazy\" class=\"aligncenter\" title=\"Caterham\" src=\"http:\/\/img.michael-schumacher.es\/noticias-f1\/caterham\/caterham-1.jpg\" alt=\"Caterham\" width=\"605\" height=\"300\" \/><br \/>\n<\/strong><\/p>\n<p><strong><br \/>\n<\/strong><\/p>\n<p>El equipo continua su progresi\u00f3n alej\u00e1ndose de la parte final de la parrilla, ampliando las diferencias respecto a HRT y Marussia y acerc\u00e1ndose a los equipos medios del campeonato. Una progresi\u00f3n que demuestran con la regularidad de sus carreras, como la que han ofrecido en el GP de Canad\u00e1. En la pr\u00f3xima carrera el GP de Europa el equipo estrenar\u00e1 nuevas mejoras en su monoplaza.<\/p>\n<p><strong>\u00a0<\/strong><\/p>\n<p><strong>Heikki Kovalainen:<\/strong> \u00ab<em>Ha sido una tarde tranquila para m\u00ed. Tuve un buen comienzo, Senna me pas\u00f3 al principio, pero luego luch\u00f3 un poco con los neum\u00e1ticos, lo cual me ayud\u00f3. Nuestro ritmo no era lo que pens\u00e1bamos que iba a ser y hemos sido doblados un poco antes de lo que esper\u00e1bamos, pero fue lo \u00fanico malo o distinto de este buen fin de semana<\/em>\u00ab.<\/p>\n<p>&nbsp;<\/p>\n<p><strong>Vitaly Petrov:<\/strong> <em>\u00abPara m\u00ed fue una buena carrera. He luchado con mi compa\u00f1ero de equipo hasta la bandera a cuadros. Tuve un par de paradas buenas, lo que me dio la oportunidad de mantener el ritmo durante toda la carrera. La degradaci\u00f3n de neum\u00e1ticos no era tan mala a pesar de la temperatura de la pista, y no ten\u00eda ning\u00fan problema con el coche, as\u00ed que estamos ahora mismo en una buena l\u00ednea de trabajo\u00bb.<\/em><\/p>\n<p><em>\u00abTenemos algunas mejoras para las pr\u00f3ximas carreras. El objetivo de \u00e9stas es que nos ayuden a llegar a un punto en el que podamos competir contra uno o dos de los equipos delanteros. Esto es otro signo positivo de los progresos, as\u00ed que definitivamente vamos en la direcci\u00f3n correcta\u00bb.<\/em><\/p>\n<p>&nbsp;<\/p>\n<p><strong>Mark Smith<\/strong>: <em>\u00abHoy hemos visto buenas actuaciones de ambos pilotos y un trabajo s\u00f3lido en las paradas en boxes, sin ning\u00fan problema. Las posiciones finales est\u00e1n cercanas a la situaci\u00f3n actual, reflejan bien d\u00f3nde estamos y lo que esperamos en este tipo de pista, as\u00ed que estoy feliz de haber tenido otra domingo decente y sin problemas y seguir acerc\u00e1ndonos a la zona media de la parrilla\u00bb<\/em><\/p>\n<p>&nbsp;<\/p>\n<p><strong>Riad Asmat<\/strong>: \u00ab<em>\u00c9ste ha sido un buen fin de semana para el equipo en una carrera que todo el mundo espera con inter\u00e9s. El viernes vimos lo bien que el equipo act\u00faa en el garaje bajo presi\u00f3n y yo estaba muy orgulloso del trabajo que hicieron para reparar el coche de Heikki y se aseguraron de que estuviera listo para los Libres 2<\/em>\u00ab.<\/p>\n<p>\u00ab<em>Nuestro rendimiento en calificaci\u00f3n nos llev\u00f3 a cerrar la brecha con el centro de la parrilla otra vez y seguimos dando peque\u00f1os adelante en relaci\u00f3n a nuestros rivales. Es la prueba de que los esfuerzos realizados por el equipo en la f\u00e1brica est\u00e1n dando sus frutos. El domingo hemos mostrado una vez m\u00e1s que estamos casi al alcance de las batallas del centro de la parilla. Con las mejoras que tenemos preparadas, creo que pronto podr\u00edamos estar en condiciones de mantener el ritmo de carrera desde el principio<\/em>\u00ab.<\/p>\n<p>&nbsp;<\/p>\n<div class=\"sharedaddy sd-sharing-enabled\"><div class=\"robots-nocontent sd-block sd-social sd-social-official sd-sharing\"><h3 class=\"sd-title\">Opciones Sociales:<\/h3><div class=\"sd-content\"><ul><li class=\"share-facebook\"><div class=\"fb-share-button\" data-href=\"http:\/\/www.michael-schumacher.es\/noticias-f1\/2012\/06\/12\/balance-gp-de-canada-montreal-2012-caterham\/\" data-layout=\"button_count\"><\/div><\/li><li class=\"share-twitter\"><a href=\"https:\/\/twitter.com\/share\" class=\"twitter-share-button\" data-url=\"http:\/\/www.michael-schumacher.es\/noticias-f1\/2012\/06\/12\/balance-gp-de-canada-montreal-2012-caterham\/\" data-text=\"Balance GP de Canad\u00e1, Montr\u00e9al 2012. Caterham\"  >Tweet<\/a><\/li><li class=\"share-email\"><a rel=\"nofollow noopener noreferrer\" data-shared=\"\" class=\"share-email sd-button\" href=\"http:\/\/www.michael-schumacher.es\/noticias-f1\/2012\/06\/12\/balance-gp-de-canada-montreal-2012-caterham\/?share=email\" target=\"_blank\" title=\"Haz clic para enviar por correo electr\u00f3nico a un amigo\"><span>Correo electr\u00f3nico<\/span><\/a><\/li><li class=\"share-end\"><\/li><\/ul><\/div><\/div><\/div>","protected":false},"excerpt":{"rendered":"<p>El equipo continua su progresi\u00f3n alej\u00e1ndose de la parte final de la parrilla, ampliando las diferencias respecto a HRT y Marussia y acerc\u00e1ndose a los equipos medios del campeonato. Una progresi\u00f3n que demuestran con la regularidad de sus carreras, como la que han ofrecido en el GP de Canad\u00e1. En la pr\u00f3xima carrera el GP [&hellip;]<\/p>\n<div class=\"sharedaddy sd-sharing-enabled\"><div class=\"robots-nocontent sd-block sd-social sd-social-official sd-sharing\"><h3 class=\"sd-title\">Opciones Sociales:<\/h3><div class=\"sd-content\"><ul><li class=\"share-facebook\"><div class=\"fb-share-button\" data-href=\"http:\/\/www.michael-schumacher.es\/noticias-f1\/2012\/06\/12\/balance-gp-de-canada-montreal-2012-caterham\/\" data-layout=\"button_count\"><\/div><\/li><li class=\"share-twitter\"><a href=\"https:\/\/twitter.com\/share\" class=\"twitter-share-button\" data-url=\"http:\/\/www.michael-schumacher.es\/noticias-f1\/2012\/06\/12\/balance-gp-de-canada-montreal-2012-caterham\/\" data-text=\"Balance GP de Canad\u00e1, Montr\u00e9al 2012. Caterham\"  >Tweet<\/a><\/li><li class=\"share-email\"><a rel=\"nofollow noopener noreferrer\" data-shared=\"\" class=\"share-email sd-button\" href=\"http:\/\/www.michael-schumacher.es\/noticias-f1\/2012\/06\/12\/balance-gp-de-canada-montreal-2012-caterham\/?share=email\" target=\"_blank\" title=\"Haz clic para enviar por correo electr\u00f3nico a un amigo\"><span>Correo electr\u00f3nico<\/span><\/a><\/li><li class=\"share-end\"><\/li><\/ul><\/div><\/div><\/div>","protected":false},"author":2,"featured_media":0,"comment_status":"open","ping_status":"open","sticky":false,"template":"","format":"standard","meta":{"_monsterinsights_skip_tracking":false,"_monsterinsights_sitenote_active":false,"_monsterinsights_sitenote_note":"","_monsterinsights_sitenote_category":0,"spay_email":"","jetpack_publicize_message":"","jetpack_is_tweetstorm":false,"jetpack_publicize_feature_enabled":true},"categories":[4,3],"tags":[],"jetpack_featured_media_url":"","jetpack_publicize_connections":[],"jetpack_sharing_enabled":true,"jetpack_shortlink":"https:\/\/wp.me\/p27q3P-mY","_links":{"self":[{"href":"http:\/\/www.michael-schumacher.es\/noticias-f1\/wp-json\/wp\/v2\/posts\/1424"}],"collection":[{"href":"http:\/\/www.michael-schumacher.es\/noticias-f1\/wp-json\/wp\/v2\/posts"}],"about":[{"href":"http:\/\/www.michael-schumacher.es\/noticias-f1\/wp-json\/wp\/v2\/types\/post"}],"author":[{"embeddable":true,"href":"http:\/\/www.michael-schumacher.es\/noticias-f1\/wp-json\/wp\/v2\/users\/2"}],"replies":[{"embeddable":true,"href":"http:\/\/www.michael-schumacher.es\/noticias-f1\/wp-json\/wp\/v2\/comments?post=1424"}],"version-history":[{"count":0,"href":"http:\/\/www.michael-schumacher.es\/noticias-f1\/wp-json\/wp\/v2\/posts\/1424\/revisions"}],"wp:attachment":[{"href":"http:\/\/www.michael-schumacher.es\/noticias-f1\/wp-json\/wp\/v2\/media?parent=1424"}],"wp:term":[{"taxonomy":"category","embeddable":true,"href":"http:\/\/www.michael-schumacher.es\/noticias-f1\/wp-json\/wp\/v2\/categories?post=1424"},{"taxonomy":"post_tag","embeddable":true,"href":"http:\/\/www.michael-schumacher.es\/noticias-f1\/wp-json\/wp\/v2\/tags?post=1424"}],"curies":[{"name":"wp","href":"https:\/\/api.w.org\/{rel}","templated":true}]}}