{"id":14246,"date":"2013-12-10T11:00:39","date_gmt":"2013-12-10T10:00:39","guid":{"rendered":"http:\/\/www.michael-schumacher.es\/noticias-f1\/?p=14246"},"modified":"2013-12-09T21:50:42","modified_gmt":"2013-12-09T20:50:42","slug":"webber-no-tiene-ningun-deseo-de-volver-a-la-f1","status":"publish","type":"post","link":"http:\/\/www.michael-schumacher.es\/noticias-f1\/2013\/12\/10\/webber-no-tiene-ningun-deseo-de-volver-a-la-f1\/","title":{"rendered":"Webber no tiene ning\u00fan deseo de volver a la F1"},"content":{"rendered":"<p><a href=\"http:\/\/www.michael-schumacher.es\/noticias-f1\/wp-content\/uploads\/2013\/03\/mark_webber_test-bcn-2013_david-sarro.jpg\"><img loading=\"lazy\" class=\"alignleft\" alt=\"mark_webber_test-bcn-2013_david-sarro\" src=\"http:\/\/www.michael-schumacher.es\/noticias-f1\/wp-content\/uploads\/2013\/03\/mark_webber_test-bcn-2013_david-sarro.jpg\" width=\"202\" height=\"134\" \/><\/a>Aunque es algo muy habitual y comprensible que un piloto decida retirarse, bien porque considera que ha cumplido sus objetivos, bien por cansancio o por falta de motivaci\u00f3n, tambi\u00e9n es comprensible que pasado un tiempo eche de menos la competici\u00f3n en la m\u00e1xima categor\u00eda y tras un descanso y las pilas nuevamente cargadas decida regresar, parece que ese no va a ser el caso de Mark Webber, al menos as\u00ed lo declara el piloto.<\/p>\n<p><!--more--> <!--noteaser--><\/p>\n<p><a href=\"http:\/\/www.michael-schumacher.es\/noticias-f1\/wp-content\/uploads\/2013\/03\/mark_webber_test-bcn-2013_david-sarro.jpg\"><img loading=\"lazy\" class=\"aligncenter size-full wp-image-8304\" alt=\"mark_webber_test-bcn-2013_david-sarro\" src=\"http:\/\/www.michael-schumacher.es\/noticias-f1\/wp-content\/uploads\/2013\/03\/mark_webber_test-bcn-2013_david-sarro.jpg\" width=\"650\" height=\"433\" srcset=\"http:\/\/www.michael-schumacher.es\/noticias-f1\/wp-content\/uploads\/2013\/03\/mark_webber_test-bcn-2013_david-sarro.jpg 650w, http:\/\/www.michael-schumacher.es\/noticias-f1\/wp-content\/uploads\/2013\/03\/mark_webber_test-bcn-2013_david-sarro-300x199.jpg 300w\" sizes=\"(max-width: 650px) 100vw, 650px\" \/><\/a><\/p>\n<p>&nbsp;<\/p>\n<p>&nbsp;<\/p>\n<p>Aunque es algo muy habitual y comprensible que un piloto decida retirarse, bien porque considera que ha cumplido sus objetivos, bien por cansancio o por falta de motivaci\u00f3n, tambi\u00e9n es comprensible que pasado un tiempo eche de menos la competici\u00f3n en la m\u00e1xima categor\u00eda y tras un descanso y las pilas nuevamente cargadas decida regresar, parece que ese no va a ser el caso de Mark Webber, al menos as\u00ed lo declara el piloto.<\/p>\n<p>&nbsp;<\/p>\n<p>Webber tajantemente niega un regreso a la F1 en el futuro seg\u00fan sus declaraciones en una entrevista, al medio BT Sport con Claire Balding: <strong>\u201cNo tengo ning\u00fan deseo de volver a la F1 en el futuro. El futuro de la F1 es Sebastian. Red Bull quiere mantenerlo el mayor tiempo posible y esto tambi\u00e9n afecta a mi decisi\u00f3n. Esto no es c\u00f3mo me gustar\u00eda que fuera, pero lo es\u201d.<\/strong><\/p>\n<p>&nbsp;<\/p>\n<p>Webber, confirma que se va porque es lo que quiere hacer, pero que ofertas no le han faltado: <strong>\u201cDespu\u00e9s de que mi anuncio de abandonar F1 por las carreras de\u00a0 Resistencia, equipos como Lotus y Ferrari se han puesto en contacto conmigo. Incluso Red Bull trat\u00f3 de hacerme cambiar de opini\u00f3n.\u00a0 El a\u00f1o pasado ten\u00eda un contrato con Ferrari, pero me negu\u00e9. Recuerdo que mucha gente a mi alrededor que me empujaba a hacerlo. Me dije que no pod\u00eda aprender de nuevo otro equipo. Hay 500 personas, 500 personas por conocer&#8230; A los 22 a\u00f1os lo haces, te comes el mundo, pero 36 o 37&#8230;\u201d<\/strong><\/p>\n<p>&nbsp;<\/p>\n<p>Mark Webber tambi\u00e9n cree que la dominaci\u00f3n que ha tenido su compa\u00f1ero de equipo esta temporada, no seguir\u00e1 el a\u00f1o que viene, es m\u00e1s piensa que habr\u00e1 varios ganadores diferentes:<strong> \u201cSebastian ha dominado la F1 como nunca antes en las \u00faltimas carreras. Desde Ascari no pod\u00edas\u00a0 ver esto. Pero no va a suceder el a\u00f1o que viene. Creo que tendremos muchos ganadores diferentes, con las nuevas reglas. Red Bull sigue siendo el favorito, pero habr\u00e1 mucha m\u00e1s variedad\u201d.<\/strong><\/p>\n<p>&nbsp;<\/p>\n<p><strong>Imagen:<\/strong> David Sarr\u00f3<\/p>\n<div class=\"sharedaddy sd-sharing-enabled\"><div class=\"robots-nocontent sd-block sd-social sd-social-official sd-sharing\"><h3 class=\"sd-title\">Opciones Sociales:<\/h3><div class=\"sd-content\"><ul><li class=\"share-facebook\"><div class=\"fb-share-button\" data-href=\"http:\/\/www.michael-schumacher.es\/noticias-f1\/2013\/12\/10\/webber-no-tiene-ningun-deseo-de-volver-a-la-f1\/\" data-layout=\"button_count\"><\/div><\/li><li class=\"share-twitter\"><a href=\"https:\/\/twitter.com\/share\" class=\"twitter-share-button\" data-url=\"http:\/\/www.michael-schumacher.es\/noticias-f1\/2013\/12\/10\/webber-no-tiene-ningun-deseo-de-volver-a-la-f1\/\" data-text=\"Webber no tiene ning\u00fan deseo de volver a la F1\"  >Tweet<\/a><\/li><li class=\"share-email\"><a rel=\"nofollow noopener noreferrer\" data-shared=\"\" class=\"share-email sd-button\" href=\"http:\/\/www.michael-schumacher.es\/noticias-f1\/2013\/12\/10\/webber-no-tiene-ningun-deseo-de-volver-a-la-f1\/?share=email\" target=\"_blank\" title=\"Haz clic para enviar por correo electr\u00f3nico a un amigo\"><span>Correo electr\u00f3nico<\/span><\/a><\/li><li class=\"share-end\"><\/li><\/ul><\/div><\/div><\/div>","protected":false},"excerpt":{"rendered":"<p>Aunque es algo muy habitual y comprensible que un piloto decida retirarse, bien porque considera que ha cumplido sus objetivos, bien por cansancio o por falta de motivaci\u00f3n, tambi\u00e9n es comprensible que pasado un tiempo eche de menos la competici\u00f3n en la m\u00e1xima categor\u00eda y tras un descanso y las pilas nuevamente cargadas decida regresar, [&hellip;]<\/p>\n<div class=\"sharedaddy sd-sharing-enabled\"><div class=\"robots-nocontent sd-block sd-social sd-social-official sd-sharing\"><h3 class=\"sd-title\">Opciones Sociales:<\/h3><div class=\"sd-content\"><ul><li class=\"share-facebook\"><div class=\"fb-share-button\" data-href=\"http:\/\/www.michael-schumacher.es\/noticias-f1\/2013\/12\/10\/webber-no-tiene-ningun-deseo-de-volver-a-la-f1\/\" data-layout=\"button_count\"><\/div><\/li><li class=\"share-twitter\"><a href=\"https:\/\/twitter.com\/share\" class=\"twitter-share-button\" data-url=\"http:\/\/www.michael-schumacher.es\/noticias-f1\/2013\/12\/10\/webber-no-tiene-ningun-deseo-de-volver-a-la-f1\/\" data-text=\"Webber no tiene ning\u00fan deseo de volver a la F1\"  >Tweet<\/a><\/li><li class=\"share-email\"><a rel=\"nofollow noopener noreferrer\" data-shared=\"\" class=\"share-email sd-button\" href=\"http:\/\/www.michael-schumacher.es\/noticias-f1\/2013\/12\/10\/webber-no-tiene-ningun-deseo-de-volver-a-la-f1\/?share=email\" target=\"_blank\" title=\"Haz clic para enviar por correo electr\u00f3nico a un amigo\"><span>Correo electr\u00f3nico<\/span><\/a><\/li><li class=\"share-end\"><\/li><\/ul><\/div><\/div><\/div>","protected":false},"author":3,"featured_media":0,"comment_status":"open","ping_status":"open","sticky":false,"template":"","format":"standard","meta":{"_monsterinsights_skip_tracking":false,"_monsterinsights_sitenote_active":false,"_monsterinsights_sitenote_note":"","_monsterinsights_sitenote_category":0,"spay_email":"","jetpack_publicize_message":"","jetpack_is_tweetstorm":false,"jetpack_publicize_feature_enabled":true},"categories":[3],"tags":[4516,442,1528,4518,4517,1259,17,141,15,3279,26,72,4485,1278,1450,51,610,73],"jetpack_featured_media_url":"","jetpack_publicize_connections":[],"jetpack_sharing_enabled":true,"jetpack_shortlink":"https:\/\/wp.me\/p27q3P-3HM","_links":{"self":[{"href":"http:\/\/www.michael-schumacher.es\/noticias-f1\/wp-json\/wp\/v2\/posts\/14246"}],"collection":[{"href":"http:\/\/www.michael-schumacher.es\/noticias-f1\/wp-json\/wp\/v2\/posts"}],"about":[{"href":"http:\/\/www.michael-schumacher.es\/noticias-f1\/wp-json\/wp\/v2\/types\/post"}],"author":[{"embeddable":true,"href":"http:\/\/www.michael-schumacher.es\/noticias-f1\/wp-json\/wp\/v2\/users\/3"}],"replies":[{"embeddable":true,"href":"http:\/\/www.michael-schumacher.es\/noticias-f1\/wp-json\/wp\/v2\/comments?post=14246"}],"version-history":[{"count":0,"href":"http:\/\/www.michael-schumacher.es\/noticias-f1\/wp-json\/wp\/v2\/posts\/14246\/revisions"}],"wp:attachment":[{"href":"http:\/\/www.michael-schumacher.es\/noticias-f1\/wp-json\/wp\/v2\/media?parent=14246"}],"wp:term":[{"taxonomy":"category","embeddable":true,"href":"http:\/\/www.michael-schumacher.es\/noticias-f1\/wp-json\/wp\/v2\/categories?post=14246"},{"taxonomy":"post_tag","embeddable":true,"href":"http:\/\/www.michael-schumacher.es\/noticias-f1\/wp-json\/wp\/v2\/tags?post=14246"}],"curies":[{"name":"wp","href":"https:\/\/api.w.org\/{rel}","templated":true}]}}