{"id":1427,"date":"2012-06-12T11:14:51","date_gmt":"2012-06-12T09:14:51","guid":{"rendered":"http:\/\/www.michael-schumacher.es\/noticias-f1\/?p=1427"},"modified":"2012-06-12T11:14:51","modified_gmt":"2012-06-12T09:14:51","slug":"balance-gp-de-canada-montreal-2012-hrt","status":"publish","type":"post","link":"http:\/\/www.michael-schumacher.es\/noticias-f1\/2012\/06\/12\/balance-gp-de-canada-montreal-2012-hrt\/","title":{"rendered":"Balance GP de Canad\u00e1, Montr\u00e9al 2012. HRT"},"content":{"rendered":"<p><img loading=\"lazy\" class=\"alignleft\" title=\"HRT\" src=\"http:\/\/img.michael-schumacher.es\/noticias-f1\/hrt\/hrt-1-mini.jpg\" alt=\"HRT\" width=\"202\" height=\"100\" \/>El GP de Canad\u00e1 estaba siendo la mejor carrera de la temporada para el equipo, ha terminado de un modo desafortunado para el equipo, vi\u00e9ndose obligado a retirar ambos coches de la pista, debido a un problema con el desgaste del sistema de frenos. En una carrera donde Pedro de la Rosa llego a rodar en la decimonovena posici\u00f3n y parec\u00eda tener un ritmo capaz de mejorar aun\u00a0 el resultado. Un rev\u00e9s para el equipo, sin embargo la velocidad conseguida atestigua la progresi\u00f3n del equipo, que ahora tiene pendiente solventar los problemas de cara al pr\u00f3ximo GP de Europa aunque por las caracter\u00edsticas del circuito no conllevan tanto desgaste como el vivido en el GP de Canad\u00e1.<\/p>\n<p><!--more--> <!--noteaser--><\/p>\n<p><img loading=\"lazy\" class=\"aligncenter\" title=\"HRT\" src=\"http:\/\/img.michael-schumacher.es\/noticias-f1\/hrt\/hrt-1.jpg\" alt=\"HRT\" width=\"605\" height=\"300\" \/><\/p>\n<p>El GP de Canad\u00e1 estaba siendo la mejor carrera de la temporada para el equipo, ha terminado de un modo desafortunado para el equipo, vi\u00e9ndose obligado a retirar ambos coches de la pista, debido a un problema con el desgaste del sistema de frenos. En una carrera donde Pedro de la Rosa llego a rodar en la decimonovena posici\u00f3n y parec\u00eda tener un ritmo capaz de mejorar aun\u00a0 el resultado. Un rev\u00e9s para el equipo, sin embargo la velocidad conseguida atestigua la progresi\u00f3n del equipo, que ahora tiene pendiente solventar los problemas de cara al pr\u00f3ximo GP de Europa aunque por las caracter\u00edsticas del circuito no conllevan tanto desgaste como el vivido en el GP de Canad\u00e1.<\/p>\n<p>&nbsp;<\/p>\n<p><strong>Pedro de la Rosa: <\/strong>\u00abHa sido una pena porque est\u00e1bamos realizando la mejor carrera en lo que va de a\u00f1o. Desde las primeras vueltas me dec\u00edan por radio que refrigerara los frenos y he hecho todo lo posible pero, aunque hemos aguantado algunas vueltas m\u00e1s, el desgaste era demasiado alto y no \u00edbamos a llegar al final as\u00ed que hemos tomado la decisi\u00f3n correcta de retirarnos. Aunque sorprenda, me voy con buen sabor de boca porque hemos hecho el mejor fin de semana del a\u00f1o y me he divertido estando por delante de los Marussia y teniendo a los Caterham muy poco por delante. Me quedo con lo m\u00e1s importante, que es que hemos mejorado mucho y eso es muy satisfactorio\u201d.<\/p>\n<p>&nbsp;<\/p>\n<p><strong>Narain Karthikeyan:<\/strong> \u00abEsta retirada es decepcionante porque hemos tenido un buen rendimiento desde el primer d\u00eda y en carrera estaba rodando en unos tiempos muy similares a Pic. Pero he comenzado a notar que los frenos fallaban y, aunque he intentado no ir tan al l\u00edmite, no ha servido de nada. Ahora debemos analizar lo que ha pasado y trabajar para que no vuelva a suceder. Es una pena que el progreso que hemos mostrado aqu\u00ed no se haya traducido en un buen resultado, pero debemos mirar adelante y centrarnos ya en Valencia\u201d.<\/p>\n<p>&nbsp;<\/p>\n<p><strong>Luis P\u00e9rez-Sala, Team Principal:<\/strong> \u00abLa verdad es que no puedo negar que estoy disgustado porque es la primera carrera que no acabamos con ninguno de los dos coches. Es una l\u00e1stima porque \u00edbamos muy bien, pero hemos tenido un problema de temperatura en los frenos en ambos coches que nos ha impedido terminar. Sab\u00edamos que este iba a ser uno de nuestros puntos d\u00e9biles en este circuito, dada la dureza de las frenadas y, lamentablemente, lo hemos confirmado. Por otro lado, estoy contento por la carrera que estaban haciendo Pedro y Narain. Ahora toca solucionar los problemas que hemos detectado y pensar ya en Valencia. Qu\u00e9 mejor lugar para quitarnos la espina de esta carrera que en casa\u201d.<\/p>\n<p>&nbsp;<\/p>\n<div class=\"sharedaddy sd-sharing-enabled\"><div class=\"robots-nocontent sd-block sd-social sd-social-official sd-sharing\"><h3 class=\"sd-title\">Opciones Sociales:<\/h3><div class=\"sd-content\"><ul><li class=\"share-facebook\"><div class=\"fb-share-button\" data-href=\"http:\/\/www.michael-schumacher.es\/noticias-f1\/2012\/06\/12\/balance-gp-de-canada-montreal-2012-hrt\/\" data-layout=\"button_count\"><\/div><\/li><li class=\"share-twitter\"><a href=\"https:\/\/twitter.com\/share\" class=\"twitter-share-button\" data-url=\"http:\/\/www.michael-schumacher.es\/noticias-f1\/2012\/06\/12\/balance-gp-de-canada-montreal-2012-hrt\/\" data-text=\"Balance GP de Canad\u00e1, Montr\u00e9al 2012. HRT\"  >Tweet<\/a><\/li><li class=\"share-email\"><a rel=\"nofollow noopener noreferrer\" data-shared=\"\" class=\"share-email sd-button\" href=\"http:\/\/www.michael-schumacher.es\/noticias-f1\/2012\/06\/12\/balance-gp-de-canada-montreal-2012-hrt\/?share=email\" target=\"_blank\" title=\"Haz clic para enviar por correo electr\u00f3nico a un amigo\"><span>Correo electr\u00f3nico<\/span><\/a><\/li><li class=\"share-end\"><\/li><\/ul><\/div><\/div><\/div>","protected":false},"excerpt":{"rendered":"<p>El GP de Canad\u00e1 estaba siendo la mejor carrera de la temporada para el equipo, ha terminado de un modo desafortunado para el equipo, vi\u00e9ndose obligado a retirar ambos coches de la pista, debido a un problema con el desgaste del sistema de frenos. En una carrera donde Pedro de la Rosa llego a rodar [&hellip;]<\/p>\n<div class=\"sharedaddy sd-sharing-enabled\"><div class=\"robots-nocontent sd-block sd-social sd-social-official sd-sharing\"><h3 class=\"sd-title\">Opciones Sociales:<\/h3><div class=\"sd-content\"><ul><li class=\"share-facebook\"><div class=\"fb-share-button\" data-href=\"http:\/\/www.michael-schumacher.es\/noticias-f1\/2012\/06\/12\/balance-gp-de-canada-montreal-2012-hrt\/\" data-layout=\"button_count\"><\/div><\/li><li class=\"share-twitter\"><a href=\"https:\/\/twitter.com\/share\" class=\"twitter-share-button\" data-url=\"http:\/\/www.michael-schumacher.es\/noticias-f1\/2012\/06\/12\/balance-gp-de-canada-montreal-2012-hrt\/\" data-text=\"Balance GP de Canad\u00e1, Montr\u00e9al 2012. HRT\"  >Tweet<\/a><\/li><li class=\"share-email\"><a rel=\"nofollow noopener noreferrer\" data-shared=\"\" class=\"share-email sd-button\" href=\"http:\/\/www.michael-schumacher.es\/noticias-f1\/2012\/06\/12\/balance-gp-de-canada-montreal-2012-hrt\/?share=email\" target=\"_blank\" title=\"Haz clic para enviar por correo electr\u00f3nico a un amigo\"><span>Correo electr\u00f3nico<\/span><\/a><\/li><li class=\"share-end\"><\/li><\/ul><\/div><\/div><\/div>","protected":false},"author":2,"featured_media":0,"comment_status":"open","ping_status":"open","sticky":false,"template":"","format":"standard","meta":{"_monsterinsights_skip_tracking":false,"_monsterinsights_sitenote_active":false,"_monsterinsights_sitenote_note":"","_monsterinsights_sitenote_category":0,"spay_email":"","jetpack_publicize_message":"","jetpack_is_tweetstorm":false,"jetpack_publicize_feature_enabled":true},"categories":[4,3],"tags":[],"jetpack_featured_media_url":"","jetpack_publicize_connections":[],"jetpack_sharing_enabled":true,"jetpack_shortlink":"https:\/\/wp.me\/p27q3P-n1","_links":{"self":[{"href":"http:\/\/www.michael-schumacher.es\/noticias-f1\/wp-json\/wp\/v2\/posts\/1427"}],"collection":[{"href":"http:\/\/www.michael-schumacher.es\/noticias-f1\/wp-json\/wp\/v2\/posts"}],"about":[{"href":"http:\/\/www.michael-schumacher.es\/noticias-f1\/wp-json\/wp\/v2\/types\/post"}],"author":[{"embeddable":true,"href":"http:\/\/www.michael-schumacher.es\/noticias-f1\/wp-json\/wp\/v2\/users\/2"}],"replies":[{"embeddable":true,"href":"http:\/\/www.michael-schumacher.es\/noticias-f1\/wp-json\/wp\/v2\/comments?post=1427"}],"version-history":[{"count":0,"href":"http:\/\/www.michael-schumacher.es\/noticias-f1\/wp-json\/wp\/v2\/posts\/1427\/revisions"}],"wp:attachment":[{"href":"http:\/\/www.michael-schumacher.es\/noticias-f1\/wp-json\/wp\/v2\/media?parent=1427"}],"wp:term":[{"taxonomy":"category","embeddable":true,"href":"http:\/\/www.michael-schumacher.es\/noticias-f1\/wp-json\/wp\/v2\/categories?post=1427"},{"taxonomy":"post_tag","embeddable":true,"href":"http:\/\/www.michael-schumacher.es\/noticias-f1\/wp-json\/wp\/v2\/tags?post=1427"}],"curies":[{"name":"wp","href":"https:\/\/api.w.org\/{rel}","templated":true}]}}