{"id":14277,"date":"2013-12-12T12:34:56","date_gmt":"2013-12-12T11:34:56","guid":{"rendered":"http:\/\/www.michael-schumacher.es\/noticias-f1\/?p=14277"},"modified":"2013-12-12T03:52:08","modified_gmt":"2013-12-12T02:52:08","slug":"la-fia-abre-un-nuevo-proceso-de-seleccion-para-un-nuevo-equipo-en-la-f1","status":"publish","type":"post","link":"http:\/\/www.michael-schumacher.es\/noticias-f1\/2013\/12\/12\/la-fia-abre-un-nuevo-proceso-de-seleccion-para-un-nuevo-equipo-en-la-f1\/","title":{"rendered":"La FIA abre un nuevo proceso de selecci\u00f3n, para un nuevo equipo en la F1"},"content":{"rendered":"<p><a href=\"http:\/\/www.michael-schumacher.es\/noticias-f1\/wp-content\/uploads\/2012\/12\/FIA-LOGO-2.jpg\"><img loading=\"lazy\" class=\"alignleft\" alt=\"FIA-LOGO-2\" src=\"http:\/\/www.michael-schumacher.es\/noticias-f1\/wp-content\/uploads\/2012\/12\/FIA-LOGO-2.jpg\" width=\"202\" height=\"134\" \/><\/a>La FIA busca un nuevo equipo que participe en el campeonato de F1, desde el a\u00f1o 2015 o desde el a\u00f1o 2016 y deber\u00e1 comprometerse en participar hasta la temporada 2020 incluida, los candidatos interesados deber\u00e1n cumplir una serie de\u00a0 plazos, requisitos legales y otras condiciones, para formalizar dichas propuestas deber\u00e1n presentarlas en\u00a0 Secretar\u00eda de la FIA antes de las 17:00\u00a0 del viernes 3 de enero de 2014. Otros documentos de garant\u00eda en la\u00a0 estabilidad comercial y personal se deber\u00e1n entregar en la segunda fase de selecci\u00f3n\u00a0 hasta la tarde del d\u00eda 10 de febrero de 2014.<\/p>\n<p><!--more--> <!--noteaser--><\/p>\n<p><a href=\"http:\/\/www.michael-schumacher.es\/noticias-f1\/wp-content\/uploads\/2012\/12\/FIA-LOGO-2.jpg\"><img loading=\"lazy\" class=\"aligncenter size-full wp-image-6613\" alt=\"FIA-LOGO-2\" src=\"http:\/\/www.michael-schumacher.es\/noticias-f1\/wp-content\/uploads\/2012\/12\/FIA-LOGO-2.jpg\" width=\"650\" height=\"433\" srcset=\"http:\/\/www.michael-schumacher.es\/noticias-f1\/wp-content\/uploads\/2012\/12\/FIA-LOGO-2.jpg 650w, http:\/\/www.michael-schumacher.es\/noticias-f1\/wp-content\/uploads\/2012\/12\/FIA-LOGO-2-300x199.jpg 300w\" sizes=\"(max-width: 650px) 100vw, 650px\" \/><\/a><\/p>\n<p>&nbsp;<\/p>\n<p>&nbsp;<\/p>\n<p>La FIA busca un nuevo equipo que participe en el campeonato de F1, desde el a\u00f1o 2015 o desde el a\u00f1o 2016 y deber\u00e1 comprometerse en participar hasta la temporada 2020 incluida, los candidatos interesados deber\u00e1n cumplir una serie de\u00a0 plazos, requisitos legales y otras condiciones, para formalizar dichas propuestas deber\u00e1n presentarlas en\u00a0 Secretar\u00eda de la FIA antes de las 17:00\u00a0 del viernes 3 de enero de 2014. Otros documentos de garant\u00eda en la\u00a0 estabilidad comercial y personal se deber\u00e1n entregar en la segunda fase de selecci\u00f3n\u00a0 hasta la tarde del d\u00eda 10 de febrero de 2014.<\/p>\n<p>&nbsp;<\/p>\n<p>Como es l\u00f3gico hay una serie de requisitos de obligado cumplimiento para poder participar en dicha licitaci\u00f3n, as\u00ed como tasas econ\u00f3micas que se deben cumplir en el tiempo establecido. Sera el 28 de febrero de 2014 cuando la FIA haga p\u00fablica su decisi\u00f3n. Como es natural si ninguna propuesta fuese apta para la FIA y el propietario de los derechos comerciales, el proceso de selecci\u00f3n no determinar\u00eda equipo alguno.<\/p>\n<p>&nbsp;<\/p>\n<p>La informaci\u00f3n completa de esta selecci\u00f3n ha sido publicada por la FIA en este link de su p\u00e1gina web oficial: http:\/\/www.fia.com\/about-fia\/invitation-tender<\/p>\n<div class=\"sharedaddy sd-sharing-enabled\"><div class=\"robots-nocontent sd-block sd-social sd-social-official sd-sharing\"><h3 class=\"sd-title\">Opciones Sociales:<\/h3><div class=\"sd-content\"><ul><li class=\"share-facebook\"><div class=\"fb-share-button\" data-href=\"http:\/\/www.michael-schumacher.es\/noticias-f1\/2013\/12\/12\/la-fia-abre-un-nuevo-proceso-de-seleccion-para-un-nuevo-equipo-en-la-f1\/\" data-layout=\"button_count\"><\/div><\/li><li class=\"share-twitter\"><a href=\"https:\/\/twitter.com\/share\" class=\"twitter-share-button\" data-url=\"http:\/\/www.michael-schumacher.es\/noticias-f1\/2013\/12\/12\/la-fia-abre-un-nuevo-proceso-de-seleccion-para-un-nuevo-equipo-en-la-f1\/\" data-text=\"La FIA abre un nuevo proceso de selecci\u00f3n, para un nuevo equipo en la F1\"  >Tweet<\/a><\/li><li class=\"share-email\"><a rel=\"nofollow noopener noreferrer\" data-shared=\"\" class=\"share-email sd-button\" href=\"http:\/\/www.michael-schumacher.es\/noticias-f1\/2013\/12\/12\/la-fia-abre-un-nuevo-proceso-de-seleccion-para-un-nuevo-equipo-en-la-f1\/?share=email\" target=\"_blank\" title=\"Haz clic para enviar por correo electr\u00f3nico a un amigo\"><span>Correo electr\u00f3nico<\/span><\/a><\/li><li class=\"share-end\"><\/li><\/ul><\/div><\/div><\/div>","protected":false},"excerpt":{"rendered":"<p>La FIA busca un nuevo equipo que participe en el campeonato de F1, desde el a\u00f1o 2015 o desde el a\u00f1o 2016 y deber\u00e1 comprometerse en participar hasta la temporada 2020 incluida, los candidatos interesados deber\u00e1n cumplir una serie de\u00a0 plazos, requisitos legales y otras condiciones, para formalizar dichas propuestas deber\u00e1n presentarlas en\u00a0 Secretar\u00eda de [&hellip;]<\/p>\n<div class=\"sharedaddy sd-sharing-enabled\"><div class=\"robots-nocontent sd-block sd-social sd-social-official sd-sharing\"><h3 class=\"sd-title\">Opciones Sociales:<\/h3><div class=\"sd-content\"><ul><li class=\"share-facebook\"><div class=\"fb-share-button\" data-href=\"http:\/\/www.michael-schumacher.es\/noticias-f1\/2013\/12\/12\/la-fia-abre-un-nuevo-proceso-de-seleccion-para-un-nuevo-equipo-en-la-f1\/\" data-layout=\"button_count\"><\/div><\/li><li class=\"share-twitter\"><a href=\"https:\/\/twitter.com\/share\" class=\"twitter-share-button\" data-url=\"http:\/\/www.michael-schumacher.es\/noticias-f1\/2013\/12\/12\/la-fia-abre-un-nuevo-proceso-de-seleccion-para-un-nuevo-equipo-en-la-f1\/\" data-text=\"La FIA abre un nuevo proceso de selecci\u00f3n, para un nuevo equipo en la F1\"  >Tweet<\/a><\/li><li class=\"share-email\"><a rel=\"nofollow noopener noreferrer\" data-shared=\"\" class=\"share-email sd-button\" href=\"http:\/\/www.michael-schumacher.es\/noticias-f1\/2013\/12\/12\/la-fia-abre-un-nuevo-proceso-de-seleccion-para-un-nuevo-equipo-en-la-f1\/?share=email\" target=\"_blank\" title=\"Haz clic para enviar por correo electr\u00f3nico a un amigo\"><span>Correo electr\u00f3nico<\/span><\/a><\/li><li class=\"share-end\"><\/li><\/ul><\/div><\/div><\/div>","protected":false},"author":3,"featured_media":0,"comment_status":"open","ping_status":"open","sticky":false,"template":"","format":"standard","meta":{"_monsterinsights_skip_tracking":false,"_monsterinsights_sitenote_active":false,"_monsterinsights_sitenote_note":"","_monsterinsights_sitenote_category":0,"spay_email":"","jetpack_publicize_message":"","jetpack_is_tweetstorm":false,"jetpack_publicize_feature_enabled":true},"categories":[3],"tags":[487,2360,544,1282,771,2122,835,381,2038,127,15,1098,4539,216,2130,4541,4540],"jetpack_featured_media_url":"","jetpack_publicize_connections":[],"jetpack_sharing_enabled":true,"jetpack_shortlink":"https:\/\/wp.me\/p27q3P-3Ih","_links":{"self":[{"href":"http:\/\/www.michael-schumacher.es\/noticias-f1\/wp-json\/wp\/v2\/posts\/14277"}],"collection":[{"href":"http:\/\/www.michael-schumacher.es\/noticias-f1\/wp-json\/wp\/v2\/posts"}],"about":[{"href":"http:\/\/www.michael-schumacher.es\/noticias-f1\/wp-json\/wp\/v2\/types\/post"}],"author":[{"embeddable":true,"href":"http:\/\/www.michael-schumacher.es\/noticias-f1\/wp-json\/wp\/v2\/users\/3"}],"replies":[{"embeddable":true,"href":"http:\/\/www.michael-schumacher.es\/noticias-f1\/wp-json\/wp\/v2\/comments?post=14277"}],"version-history":[{"count":0,"href":"http:\/\/www.michael-schumacher.es\/noticias-f1\/wp-json\/wp\/v2\/posts\/14277\/revisions"}],"wp:attachment":[{"href":"http:\/\/www.michael-schumacher.es\/noticias-f1\/wp-json\/wp\/v2\/media?parent=14277"}],"wp:term":[{"taxonomy":"category","embeddable":true,"href":"http:\/\/www.michael-schumacher.es\/noticias-f1\/wp-json\/wp\/v2\/categories?post=14277"},{"taxonomy":"post_tag","embeddable":true,"href":"http:\/\/www.michael-schumacher.es\/noticias-f1\/wp-json\/wp\/v2\/tags?post=14277"}],"curies":[{"name":"wp","href":"https:\/\/api.w.org\/{rel}","templated":true}]}}