{"id":14302,"date":"2013-12-14T11:00:15","date_gmt":"2013-12-14T10:00:15","guid":{"rendered":"http:\/\/www.michael-schumacher.es\/noticias-f1\/?p=14302"},"modified":"2013-12-13T23:18:07","modified_gmt":"2013-12-13T22:18:07","slug":"sauber-confirma-el-fichaje-de-adrian-sutil","status":"publish","type":"post","link":"http:\/\/www.michael-schumacher.es\/noticias-f1\/2013\/12\/14\/sauber-confirma-el-fichaje-de-adrian-sutil\/","title":{"rendered":"Sauber confirma el fichaje de Adrian Sutil"},"content":{"rendered":"<p><a href=\"http:\/\/www.michael-schumacher.es\/noticias-f1\/wp-content\/uploads\/2012\/08\/adrian-sutil_.jpg\"><img loading=\"lazy\" class=\"alignleft\" alt=\"adrian-sutil\" src=\"http:\/\/www.michael-schumacher.es\/noticias-f1\/wp-content\/uploads\/2012\/08\/adrian-sutil_.jpg\" width=\"198\" height=\"148\" \/><\/a>Sauber ha confirmado a Adrian Sutil, como su primer piloto para la temporada 2014, ya que todav\u00eda se desconoce qui\u00e9n ser\u00e1 su compa\u00f1ero de equipo. Adrian Sutil que est\u00e1 reci\u00e9n terminada temporada era piloto de Force India es un buen impulso para el equipo ya que aportar\u00e1 la experiencia y la velocidad que precisa el equipo, en opini\u00f3n de\u00a0 Monisha Kaltenborn, jefa del equipo Sauber.<\/p>\n<p><!--more--> <!--noteaser--><\/p>\n<p><a href=\"http:\/\/www.michael-schumacher.es\/noticias-f1\/wp-content\/uploads\/2012\/08\/adrian-sutil_.jpg\"><img loading=\"lazy\" class=\"aligncenter  wp-image-2577\" alt=\"adrian-sutil\" src=\"http:\/\/www.michael-schumacher.es\/noticias-f1\/wp-content\/uploads\/2012\/08\/adrian-sutil_.jpg\" width=\"650\" height=\"487\" srcset=\"http:\/\/www.michael-schumacher.es\/noticias-f1\/wp-content\/uploads\/2012\/08\/adrian-sutil_.jpg 800w, http:\/\/www.michael-schumacher.es\/noticias-f1\/wp-content\/uploads\/2012\/08\/adrian-sutil_-300x225.jpg 300w\" sizes=\"(max-width: 650px) 100vw, 650px\" \/><\/a><\/p>\n<p>&nbsp;<\/p>\n<p>Sauber ha confirmado a Adrian Sutil, como su primer piloto para la temporada 2014, ya que todav\u00eda se desconoce qui\u00e9n ser\u00e1 su compa\u00f1ero de equipo. Adrian Sutil que est\u00e1 reci\u00e9n terminada temporada era piloto de Force India es un buen impulso para el equipo ya que aportar\u00e1 la experiencia y la velocidad que precisa el equipo, en opini\u00f3n de\u00a0 Monisha Kaltenborn, jefa del equipo Sauber.<\/p>\n<p>&nbsp;<\/p>\n<p>El equipo Sauber no ha confirmado a su segundo piloto aunque han declarado que lo anunciar\u00e1n pr\u00f3ximamente, Esteban Guti\u00e9rrez piloto del equipo en 2013, sigue manteniendo la confianza de que el equipo siga contando con \u00e9l. Monisha Kaltenborn confirmaba el fichaje del que dicen estar muy contentos en la p\u00e1gina web oficial del equipo.<\/p>\n<p>&nbsp;<\/p>\n<p><strong>Monisha Kaltenborn, director del equipo:<\/strong> <em>\u201cEstamos muy contentos, de que hemos sido capaces de firmar con Adrian, especialmente porque hemos estado queriendo trabajar con \u00e9l por un tiempo. Adrian ya hab\u00eda visitado la f\u00e1brica a finales de septiembre para echar un vistazo a la infraestructura. Adrian no s\u00f3lo es muy r\u00e1pido, tambi\u00e9n tiene mucha experiencia, lo que es muy importante de cara a la nueva normativa para el pr\u00f3ximo a\u00f1o. Damos la bienvenida a Adrian en el Sauber F1 Team y esperamos una colaboraci\u00f3n exitosa\u201d.<\/em><\/p>\n<p>&nbsp;<\/p>\n<p><strong>Adrian Sutil:<\/strong> <em>\u201cEstoy muy feliz de que hemos encontrado un terreno com\u00fan. Aunque he sabido hace un tiempo a donde quer\u00eda ir, al final las negociaciones tardaron un poco m\u00e1s de lo previsto. Sin embargo, ahora voy a tener una raz\u00f3n m\u00e1s para celebrar durante la temporada de Navidad. He estado en contacto con Monisha por un tiempo y ella siempre me dio la sensaci\u00f3n de que mis cualidades son valoradas. Despu\u00e9s de seis buenos a\u00f1os pilotando para Force India, con un mont\u00f3n de buenos momentos, ahora es el momento de embarcarse en un nuevo desaf\u00edo. Estoy decidido a hacer mi parte para tener un futuro de \u00e9xito junto con el Sauber F1 Team. La larga y exitosa tradici\u00f3n en los deportes de motor, en combinaci\u00f3n con una f\u00e1brica impresionante y uno de los mejores t\u00faneles de viento en la F1, ha sido fascinante para m\u00ed hace desde hace mucho tiempo. Gracias a Peter Sauber y Monisha Kaltenborn por su confianza en m\u00ed.\u201d<\/em><\/p>\n<div class=\"sharedaddy sd-sharing-enabled\"><div class=\"robots-nocontent sd-block sd-social sd-social-official sd-sharing\"><h3 class=\"sd-title\">Opciones Sociales:<\/h3><div class=\"sd-content\"><ul><li class=\"share-facebook\"><div class=\"fb-share-button\" data-href=\"http:\/\/www.michael-schumacher.es\/noticias-f1\/2013\/12\/14\/sauber-confirma-el-fichaje-de-adrian-sutil\/\" data-layout=\"button_count\"><\/div><\/li><li class=\"share-twitter\"><a href=\"https:\/\/twitter.com\/share\" class=\"twitter-share-button\" data-url=\"http:\/\/www.michael-schumacher.es\/noticias-f1\/2013\/12\/14\/sauber-confirma-el-fichaje-de-adrian-sutil\/\" data-text=\"Sauber confirma el fichaje de Adrian Sutil\"  >Tweet<\/a><\/li><li class=\"share-email\"><a rel=\"nofollow noopener noreferrer\" data-shared=\"\" class=\"share-email sd-button\" href=\"http:\/\/www.michael-schumacher.es\/noticias-f1\/2013\/12\/14\/sauber-confirma-el-fichaje-de-adrian-sutil\/?share=email\" target=\"_blank\" title=\"Haz clic para enviar por correo electr\u00f3nico a un amigo\"><span>Correo electr\u00f3nico<\/span><\/a><\/li><li class=\"share-end\"><\/li><\/ul><\/div><\/div><\/div>","protected":false},"excerpt":{"rendered":"<p>Sauber ha confirmado a Adrian Sutil, como su primer piloto para la temporada 2014, ya que todav\u00eda se desconoce qui\u00e9n ser\u00e1 su compa\u00f1ero de equipo. Adrian Sutil que est\u00e1 reci\u00e9n terminada temporada era piloto de Force India es un buen impulso para el equipo ya que aportar\u00e1 la experiencia y la velocidad que precisa el [&hellip;]<\/p>\n<div class=\"sharedaddy sd-sharing-enabled\"><div class=\"robots-nocontent sd-block sd-social sd-social-official sd-sharing\"><h3 class=\"sd-title\">Opciones Sociales:<\/h3><div class=\"sd-content\"><ul><li class=\"share-facebook\"><div class=\"fb-share-button\" data-href=\"http:\/\/www.michael-schumacher.es\/noticias-f1\/2013\/12\/14\/sauber-confirma-el-fichaje-de-adrian-sutil\/\" data-layout=\"button_count\"><\/div><\/li><li class=\"share-twitter\"><a href=\"https:\/\/twitter.com\/share\" class=\"twitter-share-button\" data-url=\"http:\/\/www.michael-schumacher.es\/noticias-f1\/2013\/12\/14\/sauber-confirma-el-fichaje-de-adrian-sutil\/\" data-text=\"Sauber confirma el fichaje de Adrian Sutil\"  >Tweet<\/a><\/li><li class=\"share-email\"><a rel=\"nofollow noopener noreferrer\" data-shared=\"\" class=\"share-email sd-button\" href=\"http:\/\/www.michael-schumacher.es\/noticias-f1\/2013\/12\/14\/sauber-confirma-el-fichaje-de-adrian-sutil\/?share=email\" target=\"_blank\" title=\"Haz clic para enviar por correo electr\u00f3nico a un amigo\"><span>Correo electr\u00f3nico<\/span><\/a><\/li><li class=\"share-end\"><\/li><\/ul><\/div><\/div><\/div>","protected":false},"author":3,"featured_media":0,"comment_status":"open","ping_status":"open","sticky":false,"template":"","format":"standard","meta":{"_monsterinsights_skip_tracking":false,"_monsterinsights_sitenote_active":false,"_monsterinsights_sitenote_note":"","_monsterinsights_sitenote_category":0,"spay_email":"","jetpack_publicize_message":"","jetpack_is_tweetstorm":false,"jetpack_publicize_feature_enabled":true},"categories":[3],"tags":[758,732,1257,381,1751,17,126,15,557,2059,3310,354,1830,1671,86,733,238],"jetpack_featured_media_url":"","jetpack_publicize_connections":[],"jetpack_sharing_enabled":true,"jetpack_shortlink":"https:\/\/wp.me\/p27q3P-3IG","_links":{"self":[{"href":"http:\/\/www.michael-schumacher.es\/noticias-f1\/wp-json\/wp\/v2\/posts\/14302"}],"collection":[{"href":"http:\/\/www.michael-schumacher.es\/noticias-f1\/wp-json\/wp\/v2\/posts"}],"about":[{"href":"http:\/\/www.michael-schumacher.es\/noticias-f1\/wp-json\/wp\/v2\/types\/post"}],"author":[{"embeddable":true,"href":"http:\/\/www.michael-schumacher.es\/noticias-f1\/wp-json\/wp\/v2\/users\/3"}],"replies":[{"embeddable":true,"href":"http:\/\/www.michael-schumacher.es\/noticias-f1\/wp-json\/wp\/v2\/comments?post=14302"}],"version-history":[{"count":0,"href":"http:\/\/www.michael-schumacher.es\/noticias-f1\/wp-json\/wp\/v2\/posts\/14302\/revisions"}],"wp:attachment":[{"href":"http:\/\/www.michael-schumacher.es\/noticias-f1\/wp-json\/wp\/v2\/media?parent=14302"}],"wp:term":[{"taxonomy":"category","embeddable":true,"href":"http:\/\/www.michael-schumacher.es\/noticias-f1\/wp-json\/wp\/v2\/categories?post=14302"},{"taxonomy":"post_tag","embeddable":true,"href":"http:\/\/www.michael-schumacher.es\/noticias-f1\/wp-json\/wp\/v2\/tags?post=14302"}],"curies":[{"name":"wp","href":"https:\/\/api.w.org\/{rel}","templated":true}]}}