{"id":14327,"date":"2013-12-16T13:56:31","date_gmt":"2013-12-16T12:56:31","guid":{"rendered":"http:\/\/www.michael-schumacher.es\/noticias-f1\/?p=14327"},"modified":"2013-12-16T02:36:41","modified_gmt":"2013-12-16T01:36:41","slug":"webber-piensa-que-vettel-es-el-favorito-para-el-2014","status":"publish","type":"post","link":"http:\/\/www.michael-schumacher.es\/noticias-f1\/2013\/12\/16\/webber-piensa-que-vettel-es-el-favorito-para-el-2014\/","title":{"rendered":"Webber piensa que Vettel es el favorito para el 2014"},"content":{"rendered":"<p><a href=\"http:\/\/www.michael-schumacher.es\/noticias-f1\/wp-content\/uploads\/2013\/03\/mark_webber_test-bcn-2013_david-sarro.jpg\"><img loading=\"lazy\" class=\"alignleft\" alt=\"mark_webber_test-bcn-2013_david-sarro\" src=\"http:\/\/www.michael-schumacher.es\/noticias-f1\/wp-content\/uploads\/2013\/03\/mark_webber_test-bcn-2013_david-sarro.jpg\" width=\"199\" height=\"132\" \/><\/a>El expiloto de Red Bull en F1 y ahora piloto de Porsche, considera que incluso con los cambios para el pr\u00f3ximo a\u00f1o y los nuevos motores V6 turbo, as\u00ed como el cambio de puntuaci\u00f3n que otorgar\u00e1 el doble de puntos a la \u00faltima carrera de la temporada, sigue pensando que Sebastian Vettel tetracampe\u00f3n de F1 y Red Bull seguir\u00e1n siendo los favoritos para la pr\u00f3xima temporada de F1.<\/p>\n<p><!--more--> <!--noteaser--><\/p>\n<p><a href=\"http:\/\/www.michael-schumacher.es\/noticias-f1\/wp-content\/uploads\/2013\/03\/mark_webber_test-bcn-2013_david-sarro.jpg\"><img loading=\"lazy\" class=\"aligncenter size-full wp-image-8304\" alt=\"mark_webber_test-bcn-2013_david-sarro\" src=\"http:\/\/www.michael-schumacher.es\/noticias-f1\/wp-content\/uploads\/2013\/03\/mark_webber_test-bcn-2013_david-sarro.jpg\" width=\"650\" height=\"433\" srcset=\"http:\/\/www.michael-schumacher.es\/noticias-f1\/wp-content\/uploads\/2013\/03\/mark_webber_test-bcn-2013_david-sarro.jpg 650w, http:\/\/www.michael-schumacher.es\/noticias-f1\/wp-content\/uploads\/2013\/03\/mark_webber_test-bcn-2013_david-sarro-300x199.jpg 300w\" sizes=\"(max-width: 650px) 100vw, 650px\" \/><\/a><\/p>\n<p>&nbsp;<\/p>\n<p>&nbsp;<\/p>\n<p>El expiloto de Red Bull en F1 y ahora piloto de Porsche, considera que incluso con los cambios para el pr\u00f3ximo a\u00f1o y los nuevos motores V6 turbo, as\u00ed como el cambio de puntuaci\u00f3n que otorgar\u00e1 el doble de puntos a la \u00faltima carrera de la temporada, sigue pensando que Sebastian Vettel tetracampe\u00f3n de F1 y Red Bull seguir\u00e1n siendo los favoritos para la pr\u00f3xima temporada de F1.<\/p>\n<p>&nbsp;<\/p>\n<p>Mark Webber no tiene dudas seg\u00fan sus declaraciones a la BBC, piensa que aunque al p\u00fablico pueda no gustarle, su ex compa\u00f1ero Sebastian Vettel seguir\u00e1 siendo el favorito: <strong>\u201cSeb es el favorito para el campeonato de pilotos. Ellos ser\u00e1n los favoritos para comenzar la temporada muy fuerte, lo que probablemente no es lo que el p\u00fablico quiere escuchar.\u201d <\/strong><\/p>\n<p>&nbsp;<\/p>\n<p>Webber piensa que el a\u00f1o pr\u00f3ximo las condiciones har\u00e1n que sea el escenario perfecto para Vettel: <strong>\u201cEl motor ser\u00e1 crucial el pr\u00f3ximo a\u00f1o, probablemente m\u00e1s que el coche o en la aerodin\u00e1mica, lo que probablemente no es una mala cosa para algunas personas Pero el piloto tambi\u00e9n tendr\u00e1 algo que decir, sobre todo en t\u00e9rminos del ritmo y la gesti\u00f3n de la inteligencia y todas las tecnolog\u00edas que los coches tendr\u00e1n, lo que ayudar\u00e1 a Sebastian. Este es su dominio. Ser\u00e1 en el escenario, perfecto para \u00e9l.\u201d<\/strong><\/p>\n<p>&nbsp;<\/p>\n<p>En cuanto a quienes son los pilotos m\u00e1s dif\u00edciles con los que ha peleado en la pista, Webber piensa que son Vettel y Alonso aunque en clasificaci\u00f3n Vettel es superior: <strong>\u201cProbablemente Seb y Fernando. Usted debe tener todo en cuenta. Es dif\u00edcil de decir. Los domingos, Fernando en dos horas es particularmente bueno. Esto es indiscutible. En una vuelta de Fernando no sostiene a Seb. Pero el domingo, Alonso es un demonio, y la diferencia entre los dos se convierte en algo mucho m\u00e1s sutil.\u00a0 Lewis Hamilton no est\u00e1 lejos, pero no es una m\u00e1quina de guerra como los otros dos.\u201d<\/strong><\/p>\n<p>&nbsp;<\/p>\n<p>Respecto a Michael Schumacher siete veces campe\u00f3n del mundo de F1, no considera que lo pueda calificar ya que nunca pilotaron juntos con coches de similar competitividad:<strong> \u201cEn realidad no he corri\u00f3 contra Michael porque \u00e9l estaba en un Ferrari, al principio de mi carrera, y yo estaba en algo menos competitivo y cuando tuve un Red Bull, \u00e9l se encontraba en un Mercedes, que estaba detr\u00e1s. Pero Vettel y Alonso estaban\u00a0 sin duda en su mejor momento cuando yo estaba all\u00ed.\u201d<\/strong><\/p>\n<p>&nbsp;<\/p>\n<p><strong>Imagen:<\/strong> David Sarr\u00f3<\/p>\n<div class=\"sharedaddy sd-sharing-enabled\"><div class=\"robots-nocontent sd-block sd-social sd-social-official sd-sharing\"><h3 class=\"sd-title\">Opciones Sociales:<\/h3><div class=\"sd-content\"><ul><li class=\"share-facebook\"><div class=\"fb-share-button\" data-href=\"http:\/\/www.michael-schumacher.es\/noticias-f1\/2013\/12\/16\/webber-piensa-que-vettel-es-el-favorito-para-el-2014\/\" data-layout=\"button_count\"><\/div><\/li><li class=\"share-twitter\"><a href=\"https:\/\/twitter.com\/share\" class=\"twitter-share-button\" data-url=\"http:\/\/www.michael-schumacher.es\/noticias-f1\/2013\/12\/16\/webber-piensa-que-vettel-es-el-favorito-para-el-2014\/\" data-text=\"Webber piensa que Vettel es el favorito para el 2014 \"  >Tweet<\/a><\/li><li class=\"share-email\"><a rel=\"nofollow noopener noreferrer\" data-shared=\"\" class=\"share-email sd-button\" href=\"http:\/\/www.michael-schumacher.es\/noticias-f1\/2013\/12\/16\/webber-piensa-que-vettel-es-el-favorito-para-el-2014\/?share=email\" target=\"_blank\" title=\"Haz clic para enviar por correo electr\u00f3nico a un amigo\"><span>Correo electr\u00f3nico<\/span><\/a><\/li><li class=\"share-end\"><\/li><\/ul><\/div><\/div><\/div>","protected":false},"excerpt":{"rendered":"<p>El expiloto de Red Bull en F1 y ahora piloto de Porsche, considera que incluso con los cambios para el pr\u00f3ximo a\u00f1o y los nuevos motores V6 turbo, as\u00ed como el cambio de puntuaci\u00f3n que otorgar\u00e1 el doble de puntos a la \u00faltima carrera de la temporada, sigue pensando que Sebastian Vettel tetracampe\u00f3n de F1 [&hellip;]<\/p>\n<div class=\"sharedaddy sd-sharing-enabled\"><div class=\"robots-nocontent sd-block sd-social sd-social-official sd-sharing\"><h3 class=\"sd-title\">Opciones Sociales:<\/h3><div class=\"sd-content\"><ul><li class=\"share-facebook\"><div class=\"fb-share-button\" data-href=\"http:\/\/www.michael-schumacher.es\/noticias-f1\/2013\/12\/16\/webber-piensa-que-vettel-es-el-favorito-para-el-2014\/\" data-layout=\"button_count\"><\/div><\/li><li class=\"share-twitter\"><a href=\"https:\/\/twitter.com\/share\" class=\"twitter-share-button\" data-url=\"http:\/\/www.michael-schumacher.es\/noticias-f1\/2013\/12\/16\/webber-piensa-que-vettel-es-el-favorito-para-el-2014\/\" data-text=\"Webber piensa que Vettel es el favorito para el 2014 \"  >Tweet<\/a><\/li><li class=\"share-email\"><a rel=\"nofollow noopener noreferrer\" data-shared=\"\" class=\"share-email sd-button\" href=\"http:\/\/www.michael-schumacher.es\/noticias-f1\/2013\/12\/16\/webber-piensa-que-vettel-es-el-favorito-para-el-2014\/?share=email\" target=\"_blank\" title=\"Haz clic para enviar por correo electr\u00f3nico a un amigo\"><span>Correo electr\u00f3nico<\/span><\/a><\/li><li class=\"share-end\"><\/li><\/ul><\/div><\/div><\/div>","protected":false},"author":3,"featured_media":0,"comment_status":"open","ping_status":"open","sticky":false,"template":"","format":"standard","meta":{"_monsterinsights_skip_tracking":false,"_monsterinsights_sitenote_active":false,"_monsterinsights_sitenote_note":"","_monsterinsights_sitenote_category":0,"spay_email":"","jetpack_publicize_message":"","jetpack_is_tweetstorm":false,"jetpack_publicize_feature_enabled":true},"categories":[3],"tags":[758,105,25,17,1408,104,15,11,572,10,72,229,1365,523,354,31,574,71,238,3484,30,73],"jetpack_featured_media_url":"","jetpack_publicize_connections":[],"jetpack_sharing_enabled":true,"jetpack_shortlink":"https:\/\/wp.me\/p27q3P-3J5","_links":{"self":[{"href":"http:\/\/www.michael-schumacher.es\/noticias-f1\/wp-json\/wp\/v2\/posts\/14327"}],"collection":[{"href":"http:\/\/www.michael-schumacher.es\/noticias-f1\/wp-json\/wp\/v2\/posts"}],"about":[{"href":"http:\/\/www.michael-schumacher.es\/noticias-f1\/wp-json\/wp\/v2\/types\/post"}],"author":[{"embeddable":true,"href":"http:\/\/www.michael-schumacher.es\/noticias-f1\/wp-json\/wp\/v2\/users\/3"}],"replies":[{"embeddable":true,"href":"http:\/\/www.michael-schumacher.es\/noticias-f1\/wp-json\/wp\/v2\/comments?post=14327"}],"version-history":[{"count":0,"href":"http:\/\/www.michael-schumacher.es\/noticias-f1\/wp-json\/wp\/v2\/posts\/14327\/revisions"}],"wp:attachment":[{"href":"http:\/\/www.michael-schumacher.es\/noticias-f1\/wp-json\/wp\/v2\/media?parent=14327"}],"wp:term":[{"taxonomy":"category","embeddable":true,"href":"http:\/\/www.michael-schumacher.es\/noticias-f1\/wp-json\/wp\/v2\/categories?post=14327"},{"taxonomy":"post_tag","embeddable":true,"href":"http:\/\/www.michael-schumacher.es\/noticias-f1\/wp-json\/wp\/v2\/tags?post=14327"}],"curies":[{"name":"wp","href":"https:\/\/api.w.org\/{rel}","templated":true}]}}