{"id":14357,"date":"2013-12-19T11:57:21","date_gmt":"2013-12-19T10:57:21","guid":{"rendered":"http:\/\/www.michael-schumacher.es\/noticias-f1\/?p=14357"},"modified":"2013-12-19T00:14:22","modified_gmt":"2013-12-18T23:14:22","slug":"alonso-kimi-habla-poco-y-es-un-poco-solitario","status":"publish","type":"post","link":"http:\/\/www.michael-schumacher.es\/noticias-f1\/2013\/12\/19\/alonso-kimi-habla-poco-y-es-un-poco-solitario\/","title":{"rendered":"Alonso: \u00abKimi habla poco y es un poco solitario\u00bb"},"content":{"rendered":"<p><a href=\"http:\/\/www.michael-schumacher.es\/noticias-f1\/wp-content\/uploads\/2013\/04\/kimi_raikkonen_2_test-bcn-2013_david-sarro.jpg\"><img loading=\"lazy\" class=\"alignleft\" alt=\"Kimi Raikkonen 2 - Test Barcelona 2013 - David Sarr\u00f3\" src=\"http:\/\/www.michael-schumacher.es\/noticias-f1\/wp-content\/uploads\/2013\/04\/kimi_raikkonen_2_test-bcn-2013_david-sarro.jpg\" width=\"202\" height=\"134\" \/><\/a>Fernando Alonso en varias ocasiones ha repetido que echar\u00e1 de menos a Felipe Massa con el que ha tenido una buena relaci\u00f3n los a\u00f1os que han sido compa\u00f1eros, pero ahora el pr\u00f3ximo a\u00f1o su compa\u00f1ero ser\u00e1 Kimi Raikkonen, sin duda un piloto fuerte y una gran baza para el equipo, pero Alonso aunque espera una buena relaci\u00f3n de trabajo, piensa que echaran de menos a Massa ya que Kimi parece que habla poco y es un poco solitario.<\/p>\n<p><!--more--> <!--noteaser--><\/p>\n<p><a href=\"http:\/\/www.michael-schumacher.es\/noticias-f1\/wp-content\/uploads\/2013\/04\/kimi_raikkonen_2_test-bcn-2013_david-sarro.jpg\"><img loading=\"lazy\" class=\"aligncenter size-full wp-image-9350\" alt=\"Kimi Raikkonen 2 - Test Barcelona 2013 - David Sarr\u00f3\" src=\"http:\/\/www.michael-schumacher.es\/noticias-f1\/wp-content\/uploads\/2013\/04\/kimi_raikkonen_2_test-bcn-2013_david-sarro.jpg\" width=\"650\" height=\"433\" srcset=\"http:\/\/www.michael-schumacher.es\/noticias-f1\/wp-content\/uploads\/2013\/04\/kimi_raikkonen_2_test-bcn-2013_david-sarro.jpg 650w, http:\/\/www.michael-schumacher.es\/noticias-f1\/wp-content\/uploads\/2013\/04\/kimi_raikkonen_2_test-bcn-2013_david-sarro-300x199.jpg 300w\" sizes=\"(max-width: 650px) 100vw, 650px\" \/><\/a><\/p>\n<p>&nbsp;<\/p>\n<p>Fernando Alonso en varias ocasiones ha repetido que echar\u00e1 de menos a Felipe Massa con el que ha tenido una buena relaci\u00f3n los a\u00f1os que han sido compa\u00f1eros, pero ahora el pr\u00f3ximo a\u00f1o su compa\u00f1ero ser\u00e1 Kimi Raikkonen, sin duda un piloto fuerte y una gran baza para el equipo, pero Alonso aunque espera una buena relaci\u00f3n de trabajo, piensa que echaran de menos a Massa ya que Kimi parece que habla poco y es un poco solitario.<\/p>\n<p>&nbsp;<\/p>\n<p>Fernando Alonso piensa que van a echar de menos a Massa en declaraciones a TotalRace Brasil: <strong>\u201cNo conozco bien a Kimi, pero los informes dicen que habla muy poco y que es un poco solitario, as\u00ed que pienso que en Ferrari le vamos a echar de menos (a Massa)\u201d.<\/strong><\/p>\n<p>&nbsp;<\/p>\n<p>Adem\u00e1s Alonso que considera a Massa uno de los pocos amigos que tiene en F1 alab\u00f3 a Massa diciendo que es un gran trabajador: <strong>\u201cUn gran trabajador que trabajaba d\u00eda y noche con el equipo para mejorar el rendimiento del coche\u201d.<\/strong><\/p>\n<p>&nbsp;<\/p>\n<p>Alonso espera una buena relaci\u00f3n profesional con Raikkonen y tiene claro que lo importante es hacer un buen coche: <strong>\u201cLo que tenemos que hacer ahora es centrarnos en hacer un buen coche este invierno. Si es bueno, al igual que los Red Bull, no importa si hay &#8216;Multi-21&#8217;, &#8216;Multi-35&#8217; o algo as\u00ed, porque el ambiente en el equipo ser\u00e1 magn\u00edfico\u201d.<\/strong><\/p>\n<p>&nbsp;<\/p>\n<p><strong>Imagen:<\/strong> David Sarr\u00f3<\/p>\n<div class=\"sharedaddy sd-sharing-enabled\"><div class=\"robots-nocontent sd-block sd-social sd-social-official sd-sharing\"><h3 class=\"sd-title\">Opciones Sociales:<\/h3><div class=\"sd-content\"><ul><li class=\"share-facebook\"><div class=\"fb-share-button\" data-href=\"http:\/\/www.michael-schumacher.es\/noticias-f1\/2013\/12\/19\/alonso-kimi-habla-poco-y-es-un-poco-solitario\/\" data-layout=\"button_count\"><\/div><\/li><li class=\"share-twitter\"><a href=\"https:\/\/twitter.com\/share\" class=\"twitter-share-button\" data-url=\"http:\/\/www.michael-schumacher.es\/noticias-f1\/2013\/12\/19\/alonso-kimi-habla-poco-y-es-un-poco-solitario\/\" data-text=\"Alonso: &quot;Kimi habla poco y es un poco solitario&quot;\"  >Tweet<\/a><\/li><li class=\"share-email\"><a rel=\"nofollow noopener noreferrer\" data-shared=\"\" class=\"share-email sd-button\" href=\"http:\/\/www.michael-schumacher.es\/noticias-f1\/2013\/12\/19\/alonso-kimi-habla-poco-y-es-un-poco-solitario\/?share=email\" target=\"_blank\" title=\"Haz clic para enviar por correo electr\u00f3nico a un amigo\"><span>Correo electr\u00f3nico<\/span><\/a><\/li><li class=\"share-end\"><\/li><\/ul><\/div><\/div><\/div>","protected":false},"excerpt":{"rendered":"<p>Fernando Alonso en varias ocasiones ha repetido que echar\u00e1 de menos a Felipe Massa con el que ha tenido una buena relaci\u00f3n los a\u00f1os que han sido compa\u00f1eros, pero ahora el pr\u00f3ximo a\u00f1o su compa\u00f1ero ser\u00e1 Kimi Raikkonen, sin duda un piloto fuerte y una gran baza para el equipo, pero Alonso aunque espera una [&hellip;]<\/p>\n<div class=\"sharedaddy sd-sharing-enabled\"><div class=\"robots-nocontent sd-block sd-social sd-social-official sd-sharing\"><h3 class=\"sd-title\">Opciones Sociales:<\/h3><div class=\"sd-content\"><ul><li class=\"share-facebook\"><div class=\"fb-share-button\" data-href=\"http:\/\/www.michael-schumacher.es\/noticias-f1\/2013\/12\/19\/alonso-kimi-habla-poco-y-es-un-poco-solitario\/\" data-layout=\"button_count\"><\/div><\/li><li class=\"share-twitter\"><a href=\"https:\/\/twitter.com\/share\" class=\"twitter-share-button\" data-url=\"http:\/\/www.michael-schumacher.es\/noticias-f1\/2013\/12\/19\/alonso-kimi-habla-poco-y-es-un-poco-solitario\/\" data-text=\"Alonso: &quot;Kimi habla poco y es un poco solitario&quot;\"  >Tweet<\/a><\/li><li class=\"share-email\"><a rel=\"nofollow noopener noreferrer\" data-shared=\"\" class=\"share-email sd-button\" href=\"http:\/\/www.michael-schumacher.es\/noticias-f1\/2013\/12\/19\/alonso-kimi-habla-poco-y-es-un-poco-solitario\/?share=email\" target=\"_blank\" title=\"Haz clic para enviar por correo electr\u00f3nico a un amigo\"><span>Correo electr\u00f3nico<\/span><\/a><\/li><li class=\"share-end\"><\/li><\/ul><\/div><\/div><\/div>","protected":false},"author":3,"featured_media":0,"comment_status":"open","ping_status":"open","sticky":false,"template":"","format":"standard","meta":{"_monsterinsights_skip_tracking":false,"_monsterinsights_sitenote_active":false,"_monsterinsights_sitenote_note":"","_monsterinsights_sitenote_category":0,"spay_email":"","jetpack_publicize_message":"","jetpack_is_tweetstorm":false,"jetpack_publicize_feature_enabled":true},"categories":[3],"tags":[373,758,105,3070,766,381,289,17,106,104,15,2379,81,108,3275,24,1107,4598,238,2950],"jetpack_featured_media_url":"","jetpack_publicize_connections":[],"jetpack_sharing_enabled":true,"jetpack_shortlink":"https:\/\/wp.me\/p27q3P-3Jz","_links":{"self":[{"href":"http:\/\/www.michael-schumacher.es\/noticias-f1\/wp-json\/wp\/v2\/posts\/14357"}],"collection":[{"href":"http:\/\/www.michael-schumacher.es\/noticias-f1\/wp-json\/wp\/v2\/posts"}],"about":[{"href":"http:\/\/www.michael-schumacher.es\/noticias-f1\/wp-json\/wp\/v2\/types\/post"}],"author":[{"embeddable":true,"href":"http:\/\/www.michael-schumacher.es\/noticias-f1\/wp-json\/wp\/v2\/users\/3"}],"replies":[{"embeddable":true,"href":"http:\/\/www.michael-schumacher.es\/noticias-f1\/wp-json\/wp\/v2\/comments?post=14357"}],"version-history":[{"count":0,"href":"http:\/\/www.michael-schumacher.es\/noticias-f1\/wp-json\/wp\/v2\/posts\/14357\/revisions"}],"wp:attachment":[{"href":"http:\/\/www.michael-schumacher.es\/noticias-f1\/wp-json\/wp\/v2\/media?parent=14357"}],"wp:term":[{"taxonomy":"category","embeddable":true,"href":"http:\/\/www.michael-schumacher.es\/noticias-f1\/wp-json\/wp\/v2\/categories?post=14357"},{"taxonomy":"post_tag","embeddable":true,"href":"http:\/\/www.michael-schumacher.es\/noticias-f1\/wp-json\/wp\/v2\/tags?post=14357"}],"curies":[{"name":"wp","href":"https:\/\/api.w.org\/{rel}","templated":true}]}}