{"id":14390,"date":"2013-12-21T12:08:12","date_gmt":"2013-12-21T11:08:12","guid":{"rendered":"http:\/\/www.michael-schumacher.es\/noticias-f1\/?p=14390"},"modified":"2013-12-21T01:13:34","modified_gmt":"2013-12-21T00:13:34","slug":"el-nombre-del-nuevo-monoplaza-de-ferrari-lo-elegiran-los-fans","status":"publish","type":"post","link":"http:\/\/www.michael-schumacher.es\/noticias-f1\/2013\/12\/21\/el-nombre-del-nuevo-monoplaza-de-ferrari-lo-elegiran-los-fans\/","title":{"rendered":"El nombre del nuevo monoplaza de Ferrari lo elegir\u00e1n los fans"},"content":{"rendered":"<p><a href=\"http:\/\/www.michael-schumacher.es\/noticias-f1\/wp-content\/uploads\/2012\/10\/montezemolo.jpg\"><img loading=\"lazy\" class=\"alignleft\" alt=\"Montezemolo \" src=\"http:\/\/www.michael-schumacher.es\/noticias-f1\/wp-content\/uploads\/2012\/10\/montezemolo.jpg\" width=\"197\" height=\"128\" \/><\/a>El Presidente Luca di Montezemolo ha anunciado la noticia en la famosa cena antes de la Navidad con los medios de comunicaci\u00f3n italianos en Fiorano, y seg\u00fan ha dicho se elegir\u00e1 a trav\u00e9s de internet por votaci\u00f3n entre los aficionados, aunque no ha explicado la modalidad elegida es de suponer que ser\u00e1 a trav\u00e9s de las redes sociales, Facebook y\/ o la cuenta de Twitter.<\/p>\n<p><!--more--> <!--noteaser--><\/p>\n<p><a href=\"http:\/\/www.michael-schumacher.es\/noticias-f1\/wp-content\/uploads\/2012\/10\/montezemolo.jpg\"><img loading=\"lazy\" class=\"aligncenter size-full wp-image-5127\" alt=\"Montezemolo \" src=\"http:\/\/www.michael-schumacher.es\/noticias-f1\/wp-content\/uploads\/2012\/10\/montezemolo.jpg\" width=\"680\" height=\"444\" srcset=\"http:\/\/www.michael-schumacher.es\/noticias-f1\/wp-content\/uploads\/2012\/10\/montezemolo.jpg 680w, http:\/\/www.michael-schumacher.es\/noticias-f1\/wp-content\/uploads\/2012\/10\/montezemolo-300x195.jpg 300w\" sizes=\"(max-width: 680px) 100vw, 680px\" \/><\/a><\/p>\n<p>&nbsp;<\/p>\n<p>El Presidente Luca di Montezemolo ha anunciado la noticia en la famosa cena antes de la Navidad con los medios de comunicaci\u00f3n italianos en Fiorano, y seg\u00fan ha dicho se elegir\u00e1 a trav\u00e9s de internet por votaci\u00f3n entre los aficionados, aunque no ha explicado la modalidad elegida es de suponer que ser\u00e1 a trav\u00e9s de las redes sociales, Facebook y\/ o la cuenta de Twitter.<\/p>\n<p>&nbsp;<\/p>\n<p>El Presidente de Ferrari Luca di Montezemolo lo anunci\u00f3 y dicho anuncio se puede ver en la p\u00e1gina web oficial del equipo: <strong>\u201cSe decidir\u00e1 en enero por millones de aficionados de Ferrari por todo el mundo a trav\u00e9s de internet\u201d. <\/strong><\/p>\n<div class=\"sharedaddy sd-sharing-enabled\"><div class=\"robots-nocontent sd-block sd-social sd-social-official sd-sharing\"><h3 class=\"sd-title\">Opciones Sociales:<\/h3><div class=\"sd-content\"><ul><li class=\"share-facebook\"><div class=\"fb-share-button\" data-href=\"http:\/\/www.michael-schumacher.es\/noticias-f1\/2013\/12\/21\/el-nombre-del-nuevo-monoplaza-de-ferrari-lo-elegiran-los-fans\/\" data-layout=\"button_count\"><\/div><\/li><li class=\"share-twitter\"><a href=\"https:\/\/twitter.com\/share\" class=\"twitter-share-button\" data-url=\"http:\/\/www.michael-schumacher.es\/noticias-f1\/2013\/12\/21\/el-nombre-del-nuevo-monoplaza-de-ferrari-lo-elegiran-los-fans\/\" data-text=\"El nombre del nuevo monoplaza de Ferrari lo elegir\u00e1n los fans\"  >Tweet<\/a><\/li><li class=\"share-email\"><a rel=\"nofollow noopener noreferrer\" data-shared=\"\" class=\"share-email sd-button\" href=\"http:\/\/www.michael-schumacher.es\/noticias-f1\/2013\/12\/21\/el-nombre-del-nuevo-monoplaza-de-ferrari-lo-elegiran-los-fans\/?share=email\" target=\"_blank\" title=\"Haz clic para enviar por correo electr\u00f3nico a un amigo\"><span>Correo electr\u00f3nico<\/span><\/a><\/li><li class=\"share-end\"><\/li><\/ul><\/div><\/div><\/div>","protected":false},"excerpt":{"rendered":"<p>El Presidente Luca di Montezemolo ha anunciado la noticia en la famosa cena antes de la Navidad con los medios de comunicaci\u00f3n italianos en Fiorano, y seg\u00fan ha dicho se elegir\u00e1 a trav\u00e9s de internet por votaci\u00f3n entre los aficionados, aunque no ha explicado la modalidad elegida es de suponer que ser\u00e1 a trav\u00e9s de [&hellip;]<\/p>\n<div class=\"sharedaddy sd-sharing-enabled\"><div class=\"robots-nocontent sd-block sd-social sd-social-official sd-sharing\"><h3 class=\"sd-title\">Opciones Sociales:<\/h3><div class=\"sd-content\"><ul><li class=\"share-facebook\"><div class=\"fb-share-button\" data-href=\"http:\/\/www.michael-schumacher.es\/noticias-f1\/2013\/12\/21\/el-nombre-del-nuevo-monoplaza-de-ferrari-lo-elegiran-los-fans\/\" data-layout=\"button_count\"><\/div><\/li><li class=\"share-twitter\"><a href=\"https:\/\/twitter.com\/share\" class=\"twitter-share-button\" data-url=\"http:\/\/www.michael-schumacher.es\/noticias-f1\/2013\/12\/21\/el-nombre-del-nuevo-monoplaza-de-ferrari-lo-elegiran-los-fans\/\" data-text=\"El nombre del nuevo monoplaza de Ferrari lo elegir\u00e1n los fans\"  >Tweet<\/a><\/li><li class=\"share-email\"><a rel=\"nofollow noopener noreferrer\" data-shared=\"\" class=\"share-email sd-button\" href=\"http:\/\/www.michael-schumacher.es\/noticias-f1\/2013\/12\/21\/el-nombre-del-nuevo-monoplaza-de-ferrari-lo-elegiran-los-fans\/?share=email\" target=\"_blank\" title=\"Haz clic para enviar por correo electr\u00f3nico a un amigo\"><span>Correo electr\u00f3nico<\/span><\/a><\/li><li class=\"share-end\"><\/li><\/ul><\/div><\/div><\/div>","protected":false},"author":3,"featured_media":0,"comment_status":"open","ping_status":"open","sticky":false,"template":"","format":"standard","meta":{"_monsterinsights_skip_tracking":false,"_monsterinsights_sitenote_active":false,"_monsterinsights_sitenote_note":"","_monsterinsights_sitenote_category":0,"spay_email":"","jetpack_publicize_message":"","jetpack_is_tweetstorm":false,"jetpack_publicize_feature_enabled":true},"categories":[3],"tags":[758,3494,550,4613,381,17,292,141,15,1564,551,1320,2564,1055,357,238],"jetpack_featured_media_url":"","jetpack_publicize_connections":[],"jetpack_sharing_enabled":true,"jetpack_shortlink":"https:\/\/wp.me\/p27q3P-3K6","_links":{"self":[{"href":"http:\/\/www.michael-schumacher.es\/noticias-f1\/wp-json\/wp\/v2\/posts\/14390"}],"collection":[{"href":"http:\/\/www.michael-schumacher.es\/noticias-f1\/wp-json\/wp\/v2\/posts"}],"about":[{"href":"http:\/\/www.michael-schumacher.es\/noticias-f1\/wp-json\/wp\/v2\/types\/post"}],"author":[{"embeddable":true,"href":"http:\/\/www.michael-schumacher.es\/noticias-f1\/wp-json\/wp\/v2\/users\/3"}],"replies":[{"embeddable":true,"href":"http:\/\/www.michael-schumacher.es\/noticias-f1\/wp-json\/wp\/v2\/comments?post=14390"}],"version-history":[{"count":0,"href":"http:\/\/www.michael-schumacher.es\/noticias-f1\/wp-json\/wp\/v2\/posts\/14390\/revisions"}],"wp:attachment":[{"href":"http:\/\/www.michael-schumacher.es\/noticias-f1\/wp-json\/wp\/v2\/media?parent=14390"}],"wp:term":[{"taxonomy":"category","embeddable":true,"href":"http:\/\/www.michael-schumacher.es\/noticias-f1\/wp-json\/wp\/v2\/categories?post=14390"},{"taxonomy":"post_tag","embeddable":true,"href":"http:\/\/www.michael-schumacher.es\/noticias-f1\/wp-json\/wp\/v2\/tags?post=14390"}],"curies":[{"name":"wp","href":"https:\/\/api.w.org\/{rel}","templated":true}]}}