{"id":14420,"date":"2013-12-24T12:40:45","date_gmt":"2013-12-24T11:40:45","guid":{"rendered":"http:\/\/www.michael-schumacher.es\/noticias-f1\/?p=14420"},"modified":"2013-12-23T22:06:21","modified_gmt":"2013-12-23T21:06:21","slug":"ron-dennis-no-bloquearia-el-regreso-de-alonso","status":"publish","type":"post","link":"http:\/\/www.michael-schumacher.es\/noticias-f1\/2013\/12\/24\/ron-dennis-no-bloquearia-el-regreso-de-alonso\/","title":{"rendered":"Ron Dennis no bloquear\u00eda el regreso de Alonso"},"content":{"rendered":"<p><a href=\"http:\/\/www.michael-schumacher.es\/noticias-f1\/wp-content\/uploads\/2013\/03\/fernando_alonso_test-bcn-2013_david-sarro.jpg\"><img loading=\"lazy\" class=\"alignleft\" alt=\"Fernando Alonso - Test BCN 2013 - David Sarr\u00f3 \" src=\"http:\/\/www.michael-schumacher.es\/noticias-f1\/wp-content\/uploads\/2013\/03\/fernando_alonso_test-bcn-2013_david-sarro.jpg\" width=\"200\" height=\"133\" \/><\/a>Ron Dennis parece que pese a que su relaci\u00f3n con Fernando Alonso no fue precisamente id\u00edlica, no bloquear\u00eda un supuesto regreso de Alonso al equipo McLaren, ya que seg\u00fan el primer objetivo de cualquier equipo es ganar Grandes Premios y parece que Dennis es de los que defienden el nunca digas nunca jam\u00e1s.<\/p>\n<p><!--more--> <!--noteaser--><\/p>\n<p><a href=\"http:\/\/www.michael-schumacher.es\/noticias-f1\/wp-content\/uploads\/2013\/03\/fernando_alonso_test-bcn-2013_david-sarro.jpg\"><img loading=\"lazy\" class=\"aligncenter size-full wp-image-8145\" alt=\"Fernando Alonso - Test BCN 2013 - David Sarr\u00f3 \" src=\"http:\/\/www.michael-schumacher.es\/noticias-f1\/wp-content\/uploads\/2013\/03\/fernando_alonso_test-bcn-2013_david-sarro.jpg\" width=\"660\" height=\"440\" srcset=\"http:\/\/www.michael-schumacher.es\/noticias-f1\/wp-content\/uploads\/2013\/03\/fernando_alonso_test-bcn-2013_david-sarro.jpg 660w, http:\/\/www.michael-schumacher.es\/noticias-f1\/wp-content\/uploads\/2013\/03\/fernando_alonso_test-bcn-2013_david-sarro-300x200.jpg 300w\" sizes=\"(max-width: 660px) 100vw, 660px\" \/><\/a><\/p>\n<p>Ron Dennis parece que pese a que su relaci\u00f3n con Fernando Alonso no fue precisamente id\u00edlica, no bloquear\u00eda un supuesto regreso de Alonso al equipo McLaren, ya que seg\u00fan el primer objetivo de cualquier equipo es ganar Grandes Premios y parece que Dennis es de los que defienden el nunca digas nunca jam\u00e1s.<\/p>\n<p>&nbsp;<\/p>\n<p>Aunque todos recordamos los problemas que surgieron entre Fernando Alonso, el equipo McLaren y Lewis Hamilton, por aquel entonces un novato muy fuerte. Tanto fue as\u00ed que Alonso solo permaneci\u00f3 en el equipo una temporada y cuando decidi\u00f3 irse nadie opuso resistencia. Pero ahora los rumores apuntan con fuerza a un posible regreso del piloto espa\u00f1ol a McLaren en 2015.<\/p>\n<p>&nbsp;<\/p>\n<p>Con tales rumores sonando fuerte la BBC Sport, abord\u00f3 el tema en una entrevista con Ron Dennis y parece que Dennis nunca dice nunca jam\u00e1s, aunque tampoco da una respuesta convincente: <strong>\u201cUno debe reconocer que el primer objetivo de cualquier equipo es ganar Grandes Premios. Cualesquiera que sean los obst\u00e1culos que surjan entre un equipo que quiere ganar y la consecuci\u00f3n de la victoria, ya sea por causa de la ingenier\u00eda, de \u00edndole fiscal o humano, los tienes que resolver. Nunca digas nunca jam\u00e1s&#8230;\u201d<\/strong><\/p>\n<p>&nbsp;<\/p>\n<p><strong>Imagen:<\/strong> David Sarr\u00f3<\/p>\n<div class=\"sharedaddy sd-sharing-enabled\"><div class=\"robots-nocontent sd-block sd-social sd-social-official sd-sharing\"><h3 class=\"sd-title\">Opciones Sociales:<\/h3><div class=\"sd-content\"><ul><li class=\"share-facebook\"><div class=\"fb-share-button\" data-href=\"http:\/\/www.michael-schumacher.es\/noticias-f1\/2013\/12\/24\/ron-dennis-no-bloquearia-el-regreso-de-alonso\/\" data-layout=\"button_count\"><\/div><\/li><li class=\"share-twitter\"><a href=\"https:\/\/twitter.com\/share\" class=\"twitter-share-button\" data-url=\"http:\/\/www.michael-schumacher.es\/noticias-f1\/2013\/12\/24\/ron-dennis-no-bloquearia-el-regreso-de-alonso\/\" data-text=\"Ron Dennis no bloquear\u00eda el regreso de Alonso\"  >Tweet<\/a><\/li><li class=\"share-email\"><a rel=\"nofollow noopener noreferrer\" data-shared=\"\" class=\"share-email sd-button\" href=\"http:\/\/www.michael-schumacher.es\/noticias-f1\/2013\/12\/24\/ron-dennis-no-bloquearia-el-regreso-de-alonso\/?share=email\" target=\"_blank\" title=\"Haz clic para enviar por correo electr\u00f3nico a un amigo\"><span>Correo electr\u00f3nico<\/span><\/a><\/li><li class=\"share-end\"><\/li><\/ul><\/div><\/div><\/div>","protected":false},"excerpt":{"rendered":"<p>Ron Dennis parece que pese a que su relaci\u00f3n con Fernando Alonso no fue precisamente id\u00edlica, no bloquear\u00eda un supuesto regreso de Alonso al equipo McLaren, ya que seg\u00fan el primer objetivo de cualquier equipo es ganar Grandes Premios y parece que Dennis es de los que defienden el nunca digas nunca jam\u00e1s.<\/p>\n<div class=\"sharedaddy sd-sharing-enabled\"><div class=\"robots-nocontent sd-block sd-social sd-social-official sd-sharing\"><h3 class=\"sd-title\">Opciones Sociales:<\/h3><div class=\"sd-content\"><ul><li class=\"share-facebook\"><div class=\"fb-share-button\" data-href=\"http:\/\/www.michael-schumacher.es\/noticias-f1\/2013\/12\/24\/ron-dennis-no-bloquearia-el-regreso-de-alonso\/\" data-layout=\"button_count\"><\/div><\/li><li class=\"share-twitter\"><a href=\"https:\/\/twitter.com\/share\" class=\"twitter-share-button\" data-url=\"http:\/\/www.michael-schumacher.es\/noticias-f1\/2013\/12\/24\/ron-dennis-no-bloquearia-el-regreso-de-alonso\/\" data-text=\"Ron Dennis no bloquear\u00eda el regreso de Alonso\"  >Tweet<\/a><\/li><li class=\"share-email\"><a rel=\"nofollow noopener noreferrer\" data-shared=\"\" class=\"share-email sd-button\" href=\"http:\/\/www.michael-schumacher.es\/noticias-f1\/2013\/12\/24\/ron-dennis-no-bloquearia-el-regreso-de-alonso\/?share=email\" target=\"_blank\" title=\"Haz clic para enviar por correo electr\u00f3nico a un amigo\"><span>Correo electr\u00f3nico<\/span><\/a><\/li><li class=\"share-end\"><\/li><\/ul><\/div><\/div><\/div>","protected":false},"author":3,"featured_media":0,"comment_status":"open","ping_status":"open","sticky":false,"template":"","format":"standard","meta":{"_monsterinsights_skip_tracking":false,"_monsterinsights_sitenote_active":false,"_monsterinsights_sitenote_note":"","_monsterinsights_sitenote_category":0,"spay_email":"","jetpack_publicize_message":"","jetpack_is_tweetstorm":false,"jetpack_publicize_feature_enabled":true},"categories":[3],"tags":[1750,4641,17,104,15,4642,138,4640,923,1055,195,1200,4639],"jetpack_featured_media_url":"","jetpack_publicize_connections":[],"jetpack_sharing_enabled":true,"jetpack_shortlink":"https:\/\/wp.me\/p27q3P-3KA","_links":{"self":[{"href":"http:\/\/www.michael-schumacher.es\/noticias-f1\/wp-json\/wp\/v2\/posts\/14420"}],"collection":[{"href":"http:\/\/www.michael-schumacher.es\/noticias-f1\/wp-json\/wp\/v2\/posts"}],"about":[{"href":"http:\/\/www.michael-schumacher.es\/noticias-f1\/wp-json\/wp\/v2\/types\/post"}],"author":[{"embeddable":true,"href":"http:\/\/www.michael-schumacher.es\/noticias-f1\/wp-json\/wp\/v2\/users\/3"}],"replies":[{"embeddable":true,"href":"http:\/\/www.michael-schumacher.es\/noticias-f1\/wp-json\/wp\/v2\/comments?post=14420"}],"version-history":[{"count":0,"href":"http:\/\/www.michael-schumacher.es\/noticias-f1\/wp-json\/wp\/v2\/posts\/14420\/revisions"}],"wp:attachment":[{"href":"http:\/\/www.michael-schumacher.es\/noticias-f1\/wp-json\/wp\/v2\/media?parent=14420"}],"wp:term":[{"taxonomy":"category","embeddable":true,"href":"http:\/\/www.michael-schumacher.es\/noticias-f1\/wp-json\/wp\/v2\/categories?post=14420"},{"taxonomy":"post_tag","embeddable":true,"href":"http:\/\/www.michael-schumacher.es\/noticias-f1\/wp-json\/wp\/v2\/tags?post=14420"}],"curies":[{"name":"wp","href":"https:\/\/api.w.org\/{rel}","templated":true}]}}