{"id":14446,"date":"2013-12-26T11:27:32","date_gmt":"2013-12-26T10:27:32","guid":{"rendered":"http:\/\/www.michael-schumacher.es\/noticias-f1\/?p=14446"},"modified":"2013-12-25T23:31:52","modified_gmt":"2013-12-25T22:31:52","slug":"todt-considera-el-doble-de-puntos-un-pequeno-cambio","status":"publish","type":"post","link":"http:\/\/www.michael-schumacher.es\/noticias-f1\/2013\/12\/26\/todt-considera-el-doble-de-puntos-un-pequeno-cambio\/","title":{"rendered":"Todt considera el doble de puntos un peque\u00f1o cambio"},"content":{"rendered":"<p><a href=\"http:\/\/www.michael-schumacher.es\/noticias-f1\/wp-content\/uploads\/2012\/08\/FIA-president-Jean-Todt.jpg\"><img loading=\"lazy\" class=\"alignleft\" alt=\"Jean Todt\" src=\"http:\/\/www.michael-schumacher.es\/noticias-f1\/wp-content\/uploads\/2012\/08\/FIA-president-Jean-Todt.jpg\" width=\"198\" height=\"132\" \/><\/a>Jean Todt el presidente de la FIA reelegido para un segundo mandato no considera que el cambio de la doble puntuaci\u00f3n en la \u00faltima carrera sea un cambio de gran relevancia, mucho menos teniendo en cuenta los grandes cambios que se avecinan por lo que no entiende que se le est\u00e9 dando tanta importancia y todo el mundo hable de ello.<\/p>\n<p><!--more--> <!--noteaser--><\/p>\n<p><a href=\"http:\/\/www.michael-schumacher.es\/noticias-f1\/wp-content\/uploads\/2012\/08\/FIA-president-Jean-Todt.jpg\"><img loading=\"lazy\" class=\"aligncenter size-full wp-image-3220\" alt=\"Jean Todt\" src=\"http:\/\/www.michael-schumacher.es\/noticias-f1\/wp-content\/uploads\/2012\/08\/FIA-president-Jean-Todt.jpg\" width=\"585\" height=\"390\" srcset=\"http:\/\/www.michael-schumacher.es\/noticias-f1\/wp-content\/uploads\/2012\/08\/FIA-president-Jean-Todt.jpg 585w, http:\/\/www.michael-schumacher.es\/noticias-f1\/wp-content\/uploads\/2012\/08\/FIA-president-Jean-Todt-300x199.jpg 300w\" sizes=\"(max-width: 585px) 100vw, 585px\" \/><\/a><\/p>\n<p>&nbsp;<\/p>\n<p>&nbsp;<\/p>\n<p>Jean Todt el presidente de la FIA reelegido para un segundo mandato no considera que el cambio de la doble puntuaci\u00f3n en la \u00faltima carrera sea un cambio de gran relevancia, mucho menos teniendo en cuenta los grandes cambios que se avecinan por lo que no entiende que se le est\u00e9 dando tanta importancia y todo el mundo hable de ello.<\/p>\n<p>&nbsp;<\/p>\n<p>Tambi\u00e9n Jean Todt ha hablado sobre la importancia de Espa\u00f1a por su tradici\u00f3n en el automovilismo, y por tener\u00a0 grandes campeones como Fernando Alonso, del que no habla mucho ya que considera que sus resultados lo dicen todo y le agradece su colaboraci\u00f3n en las campa\u00f1as de seguridad vial, adem\u00e1s tambi\u00e9n cuenta con Pedro de la Rosa, Carlos Sainz o Daniel Sordo y de Mar\u00eda de Villota de la que tiene un gran recuerdo.<\/p>\n<p>&nbsp;<\/p>\n<p>Jean todt no acaba de comprender porque se le da tanta importancia a peque\u00f1os cambios en lugar de a los importantes, en declaraciones al diario AS: <strong>\u201cHemos hablado mucho acerca de esta nueva regla, pero esto no representa un cambio significativo para ser honesto. Para m\u00ed es mucho m\u00e1s importante la introducci\u00f3n del nuevo motor 1.6 con un 40% de ahorro de combustible. Nuestra prioridad es la reducci\u00f3n de costes. Un nuevo sistema de puntos es un cambio relativamente menor, as\u00ed que realmente no entiendo por qu\u00e9 todo el mundo habla, en vez de los cambios\u00a0 importantes en este deporte\u201d<\/strong><\/p>\n<p>&nbsp;<\/p>\n<p>Para Jean Todt Espa\u00f1a tiene gran tradici\u00f3n en el automovilismo y recuerda a grandes pilotos, tambi\u00e9n de moto GP:\u00a0 <strong>\u201cEspa\u00f1a es un pa\u00eds con gran tradici\u00f3n en el automovilismo, y tiene grandes campeones. Fernando Alonso es el subcampe\u00f3n del mundo de F\u00f3rmula 1 y colabora mucho con nuestras campa\u00f1as de seguridad vial, pero tambi\u00e9n tenemos a Pedro de la Rosa, Carlos Sainz o Daniel Sordo. Y en motociclismo est\u00e1n Marc M\u00e1rquez, Jorge Lorenzo y Dani Pedrosa\u201d<\/strong><\/p>\n<p>&nbsp;<\/p>\n<p>Referente a la seguridad vial tambi\u00e9n tuvo un recuerdo para la piloto Mar\u00eda de Villota desgraciadamente desaparecida hace unos meses, que colaboraba muy activamente: <strong>\u201cS\u00ed, desde luego, tambi\u00e9n tenemos un gran recuerdo de Mar\u00eda de Villota, que colabor\u00f3 de una manera muy activa en la comisi\u00f3n de seguridad hasta que desgraciadamente la perdimos\u201d.<\/strong><\/p>\n<p>&nbsp;<\/p>\n<p>Respecto a\u00a0 Fernando Alonso Todo poco tiene que decir ya que considera que sus resultados lo dicen todo:<strong> \u201cPues poco m\u00e1s puedo decir de un piloto como \u00e9l, porque sus resultados ya lo dicen todo, podr\u00edamos decir que sobre Fernando ya hablan sus resultados. Adem\u00e1s, agradecemos su trabajo en las campa\u00f1as de seguridad vial, una de las grandes lacras de nuestros tiempos, que son el otro gran frente de nuestra federaci\u00f3n\u201d.<\/strong><\/p>\n<p>&nbsp;<\/p>\n<p>Y como no, Todt hizo un peque\u00f1o balance de sus cuatro a\u00f1os como presidente de la FIA: <strong>\u201cHan sido cuatro a\u00f1os en los que he recopilado experiencias muy interesantes, que me han permitido conocer esta comunidad. He visitado casi todos los pa\u00edses miembros para intentar entender mejor la totalidad de la familia de la FIA. Nuestro deporte ha progresado en un momento econ\u00f3mico muy dif\u00edcil, y tambi\u00e9n hemos progresado en la movilidad, y la hemos colocado en cabeza en nuestra agenda y en la de la sociedad\u201d.<\/strong><\/p>\n<p>&nbsp;<\/p>\n<div class=\"sharedaddy sd-sharing-enabled\"><div class=\"robots-nocontent sd-block sd-social sd-social-official sd-sharing\"><h3 class=\"sd-title\">Opciones Sociales:<\/h3><div class=\"sd-content\"><ul><li class=\"share-facebook\"><div class=\"fb-share-button\" data-href=\"http:\/\/www.michael-schumacher.es\/noticias-f1\/2013\/12\/26\/todt-considera-el-doble-de-puntos-un-pequeno-cambio\/\" data-layout=\"button_count\"><\/div><\/li><li class=\"share-twitter\"><a href=\"https:\/\/twitter.com\/share\" class=\"twitter-share-button\" data-url=\"http:\/\/www.michael-schumacher.es\/noticias-f1\/2013\/12\/26\/todt-considera-el-doble-de-puntos-un-pequeno-cambio\/\" data-text=\"Todt considera el doble de puntos un peque\u00f1o cambio\"  >Tweet<\/a><\/li><li class=\"share-email\"><a rel=\"nofollow noopener noreferrer\" data-shared=\"\" class=\"share-email sd-button\" href=\"http:\/\/www.michael-schumacher.es\/noticias-f1\/2013\/12\/26\/todt-considera-el-doble-de-puntos-un-pequeno-cambio\/?share=email\" target=\"_blank\" title=\"Haz clic para enviar por correo electr\u00f3nico a un amigo\"><span>Correo electr\u00f3nico<\/span><\/a><\/li><li class=\"share-end\"><\/li><\/ul><\/div><\/div><\/div>","protected":false},"excerpt":{"rendered":"<p>Jean Todt el presidente de la FIA reelegido para un segundo mandato no considera que el cambio de la doble puntuaci\u00f3n en la \u00faltima carrera sea un cambio de gran relevancia, mucho menos teniendo en cuenta los grandes cambios que se avecinan por lo que no entiende que se le est\u00e9 dando tanta importancia y [&hellip;]<\/p>\n<div class=\"sharedaddy sd-sharing-enabled\"><div class=\"robots-nocontent sd-block sd-social sd-social-official sd-sharing\"><h3 class=\"sd-title\">Opciones Sociales:<\/h3><div class=\"sd-content\"><ul><li class=\"share-facebook\"><div class=\"fb-share-button\" data-href=\"http:\/\/www.michael-schumacher.es\/noticias-f1\/2013\/12\/26\/todt-considera-el-doble-de-puntos-un-pequeno-cambio\/\" data-layout=\"button_count\"><\/div><\/li><li class=\"share-twitter\"><a href=\"https:\/\/twitter.com\/share\" class=\"twitter-share-button\" data-url=\"http:\/\/www.michael-schumacher.es\/noticias-f1\/2013\/12\/26\/todt-considera-el-doble-de-puntos-un-pequeno-cambio\/\" data-text=\"Todt considera el doble de puntos un peque\u00f1o cambio\"  >Tweet<\/a><\/li><li class=\"share-email\"><a rel=\"nofollow noopener noreferrer\" data-shared=\"\" class=\"share-email sd-button\" href=\"http:\/\/www.michael-schumacher.es\/noticias-f1\/2013\/12\/26\/todt-considera-el-doble-de-puntos-un-pequeno-cambio\/?share=email\" target=\"_blank\" title=\"Haz clic para enviar por correo electr\u00f3nico a un amigo\"><span>Correo electr\u00f3nico<\/span><\/a><\/li><li class=\"share-end\"><\/li><\/ul><\/div><\/div><\/div>","protected":false},"author":3,"featured_media":0,"comment_status":"open","ping_status":"open","sticky":false,"template":"","format":"standard","meta":{"_monsterinsights_skip_tracking":false,"_monsterinsights_sitenote_active":false,"_monsterinsights_sitenote_note":"","_monsterinsights_sitenote_category":0,"spay_email":"","jetpack_publicize_message":"","jetpack_is_tweetstorm":false,"jetpack_publicize_feature_enabled":true},"categories":[3],"tags":[4657,105,64,521,2318,594,17,104,127,15,4656,319,460,940,2625,4066,1055,98,3872,671],"jetpack_featured_media_url":"","jetpack_publicize_connections":[],"jetpack_sharing_enabled":true,"jetpack_shortlink":"https:\/\/wp.me\/p27q3P-3L0","_links":{"self":[{"href":"http:\/\/www.michael-schumacher.es\/noticias-f1\/wp-json\/wp\/v2\/posts\/14446"}],"collection":[{"href":"http:\/\/www.michael-schumacher.es\/noticias-f1\/wp-json\/wp\/v2\/posts"}],"about":[{"href":"http:\/\/www.michael-schumacher.es\/noticias-f1\/wp-json\/wp\/v2\/types\/post"}],"author":[{"embeddable":true,"href":"http:\/\/www.michael-schumacher.es\/noticias-f1\/wp-json\/wp\/v2\/users\/3"}],"replies":[{"embeddable":true,"href":"http:\/\/www.michael-schumacher.es\/noticias-f1\/wp-json\/wp\/v2\/comments?post=14446"}],"version-history":[{"count":0,"href":"http:\/\/www.michael-schumacher.es\/noticias-f1\/wp-json\/wp\/v2\/posts\/14446\/revisions"}],"wp:attachment":[{"href":"http:\/\/www.michael-schumacher.es\/noticias-f1\/wp-json\/wp\/v2\/media?parent=14446"}],"wp:term":[{"taxonomy":"category","embeddable":true,"href":"http:\/\/www.michael-schumacher.es\/noticias-f1\/wp-json\/wp\/v2\/categories?post=14446"},{"taxonomy":"post_tag","embeddable":true,"href":"http:\/\/www.michael-schumacher.es\/noticias-f1\/wp-json\/wp\/v2\/tags?post=14446"}],"curies":[{"name":"wp","href":"https:\/\/api.w.org\/{rel}","templated":true}]}}